{"id":122651,"date":"2025-12-27T08:22:07","date_gmt":"2025-12-27T08:22:07","guid":{"rendered":"https:\/\/www.europesays.com\/no\/122651\/"},"modified":"2025-12-27T08:22:07","modified_gmt":"2025-12-27T08:22:07","slug":"vald-feststoy-og-urinering-slik-var-natt-til-laurdag","status":"publish","type":"post","link":"https:\/\/www.europesays.com\/no\/122651\/","title":{"rendered":"Vald, festst\u00f8y og urinering \u2013 slik var natt til laurdag"},"content":{"rendered":"<p data-testid=\"textWithMarkup-text\" data-v-81d7dc2b=\"\" data-v-62d58f52=\"\">Like f\u00f8r midnatt rykte politiet ut til Fosnav\u00e5g etter meldingar om festst\u00f8y.<\/p>\n<p data-testid=\"textWithMarkup-text\" data-v-81d7dc2b=\"\" data-v-62d58f52=\"\">Den som budde p\u00e5 adressa fekk beskjed om at volumet m\u00e5tte ned.<\/p>\n<p data-testid=\"textWithMarkup-text\" data-v-81d7dc2b=\"\" data-v-62d58f52=\"\">Litt f\u00f8r 00.30 vart ein ten\u00e5ring bortvist fr\u00e5 \u00c5lesund sentrum grunna det som blir kalla ei ordensforstyrring.<\/p>\n<p data-testid=\"textWithMarkup-text\" data-v-81d7dc2b=\"\" data-v-62d58f52=\"\">Ein halvtime seinare var det ein mann i 20-\u00e5ra politiet m\u00e5tte hanskast med i \u00c5lesund sentrum.<\/p>\n<p data-testid=\"textWithMarkup-markup\" data-v-62d58f52=\"\"><strong>Vedkomande urinerte p\u00e5 offentleg stad og nekta \u00e5 fortelje kva han heitte.<\/strong><\/p>\n<p data-testid=\"textWithMarkup-text\" data-v-81d7dc2b=\"\" data-v-62d58f52=\"\">Denne personen m\u00e5tte derfor bli med ein tur til arresten.<\/p>\n<p data-testid=\"textWithMarkup-text\" data-v-81d7dc2b=\"\" data-v-62d58f52=\"\">Litt etter 01.30 vart det meldt inn ei valdshending i Fosnav\u00e5g. <\/p>\n<p data-testid=\"textWithMarkup-markup\" data-v-62d58f52=\"\"><strong>Ingen skal ha blitt skadde, men det blir oppretta sak p\u00e5 forholdet. Ein mann i 20-\u00e5ra blir meldt.<\/strong><\/p>\n<p data-testid=\"textWithMarkup-text\" data-v-81d7dc2b=\"\" data-v-62d58f52=\"\">Minutt seinare var det patruljen i \u00c5lesund som igjen m\u00e5tte i aksjon.<\/p>\n<p data-testid=\"textWithMarkup-text\" data-v-81d7dc2b=\"\" data-v-62d58f52=\"\">Ein mann i 30-\u00e5ra vart bortvist b\u00e5de fr\u00e5 ein utestad og sentrum etter \u00e5 ha vore rusa og kranglete.<\/p>\n<p data-testid=\"textWithMarkup-markup\" data-v-62d58f52=\"\"><strong>Denne personen kan fort f\u00e5 ein tung laurdag. For til slutt vart han ogs\u00e5 meldt for \u00e5 ha urinert i politibilen.<\/strong><\/p>\n<p data-testid=\"textWithMarkup-text\" data-v-81d7dc2b=\"\" data-v-62d58f52=\"\">Litt etter 02.00 vart det meldt om ei valdshending i \u00c5lesund sentrum. <\/p>\n<p data-testid=\"textWithMarkup-text\" data-v-81d7dc2b=\"\" data-v-62d58f52=\"\">Ingen skal ha blitt skadde, men ein mann i 20-\u00e5ra m\u00e5tte bli med til arresten etter episoden. <\/p>\n<p data-testid=\"textWithMarkup-markup\" data-v-62d58f52=\"\"><strong>Det vart oppretta sak p\u00e5 forholdet. Politiet legg til at mannen i 20-\u00e5ra \u2013 kanskje ikkje heilt overraskande \u2013 var rusa.<\/strong><\/p>\n<p data-testid=\"textWithMarkup-text\" data-v-81d7dc2b=\"\" data-v-62d58f52=\"\">N\u00e6rmare 02.30 vart det meldt om end\u00e5 eit tilfelle av ein ten\u00e5ring som vart bortvist fr\u00e5 \u00c5lesund sentrum.<\/p>\n<p data-testid=\"textWithMarkup-markup\" data-v-62d58f52=\"\">Vidare vart det meldt om <a href=\"https:\/\/www.smp.no\/nyheter\/n\/rrA930\/koeyrt-til-legevakt-etter-valdshending\" rel=\"noopener nofollow\" target=\"_blank\">ei valdshending i Sykkylven<\/a>.<\/p>\n<p data-testid=\"textWithMarkup-text\" data-v-81d7dc2b=\"\" data-v-62d58f52=\"\">Nattas siste hending i politiloggen var ogs\u00e5 fr\u00e5 Sykkylven, der ein person nekta \u00e5 oppgi kva han heitte.<\/p>\n","protected":false},"excerpt":{"rendered":"Like f\u00f8r midnatt rykte politiet ut til Fosnav\u00e5g etter meldingar om festst\u00f8y. Den som budde p\u00e5 adressa fekk&hellip;\n","protected":false},"author":2,"featured_media":122652,"comment_status":"","ping_status":"","sticky":false,"template":"","format":"standard","meta":{"footnotes":""},"categories":[10],"tags":[20,21,24,25,15,22,23,13,30,28,29,14,16,26,27],"class_list":{"0":"post-122651","1":"post","2":"type-post","3":"status-publish","4":"format-standard","5":"has-post-thumbnail","7":"category-norge","8":"tag-breaking-news","9":"tag-breakingnews","10":"tag-featured-news","11":"tag-featurednews","12":"tag-headlines","13":"tag-latest-news","14":"tag-latestnews","15":"tag-news","16":"tag-no","17":"tag-norge","18":"tag-norway","19":"tag-nyheter","20":"tag-overskrifter","21":"tag-top-stories","22":"tag-topstories"},"share_on_mastodon":{"url":"https:\/\/pubeurope.com\/@no\/115790567485913508","error":""},"_links":{"self":[{"href":"https:\/\/www.europesays.com\/no\/wp-json\/wp\/v2\/posts\/122651","targetHints":{"allow":["GET"]}}],"collection":[{"href":"https:\/\/www.europesays.com\/no\/wp-json\/wp\/v2\/posts"}],"about":[{"href":"https:\/\/www.europesays.com\/no\/wp-json\/wp\/v2\/types\/post"}],"author":[{"embeddable":true,"href":"https:\/\/www.europesays.com\/no\/wp-json\/wp\/v2\/users\/2"}],"replies":[{"embeddable":true,"href":"https:\/\/www.europesays.com\/no\/wp-json\/wp\/v2\/comments?post=122651"}],"version-history":[{"count":0,"href":"https:\/\/www.europesays.com\/no\/wp-json\/wp\/v2\/posts\/122651\/revisions"}],"wp:featuredmedia":[{"embeddable":true,"href":"https:\/\/www.europesays.com\/no\/wp-json\/wp\/v2\/media\/122652"}],"wp:attachment":[{"href":"https:\/\/www.europesays.com\/no\/wp-json\/wp\/v2\/media?parent=122651"}],"wp:term":[{"taxonomy":"category","embeddable":true,"href":"https:\/\/www.europesays.com\/no\/wp-json\/wp\/v2\/categories?post=122651"},{"taxonomy":"post_tag","embeddable":true,"href":"https:\/\/www.europesays.com\/no\/wp-json\/wp\/v2\/tags?post=122651"}],"curies":[{"name":"wp","href":"https:\/\/api.w.org\/{rel}","templated":true}]}}