{"id":122653,"date":"2025-12-27T08:23:13","date_gmt":"2025-12-27T08:23:13","guid":{"rendered":"https:\/\/www.europesays.com\/no\/122653\/"},"modified":"2025-12-27T08:23:13","modified_gmt":"2025-12-27T08:23:13","slug":"oppfordrer-turgaere-til-a-plukke-voks-fra-strendene-i-jula-halden-arbeiderblad","status":"publish","type":"post","link":"https:\/\/www.europesays.com\/no\/122653\/","title":{"rendered":"Oppfordrer turg\u00e5ere til \u00e5 plukke voks fra strendene i jula &#8211; Halden Arbeiderblad"},"content":{"rendered":"<ol>\n<li><a href=\"https:\/\/news.google.com\/rss\/articles\/CBMinwFBVV95cUxOR0VYSC01bVp0UWpxbVRjRDVnMkhGWlh2OXl5ekdOT3g0c3ltdDNLUW5mM3RnazlIZXVBMmllcUdRNlpmX21McUgxdnRUUGczT0ttbjlNeEFWdnFJN1hfLVBPSGgxdG5lWURoa3VXOU1UQ1NQV0J3NmM1TWkzTC1zV3lzU2FfR2FkTjVaRXlwR0Z2Z1dKa1U1MG9EbldBdkU?oc=5\" target=\"_blank\" rel=\"nofollow noopener\">Oppfordrer turg\u00e5ere til \u00e5 plukke voks fra strendene i jula<\/a>&nbsp;&nbsp;Halden Arbeiderblad<\/li>\n<li><a href=\"https:\/\/news.google.com\/rss\/articles\/CBMimAFBVV95cUxOUHY5TXhNa09LWnNNWmRNNmhjNnFmSGJkcDNVNTE2XzNqNktLXzRKdlBRYm5WRl9Ndmh5MEQycTNxTEU3NXNjVEQ5ajVGYkptZ3RyMElwZ0V6aG44eV83M192Y0FXSHJhTzhRVHlyVGs3dGR4WU9MNF90Sk91SllGUFdMSDRXWG1RM1RNNGxiaUtfYXNxTFVEcw?oc=5\" target=\"_blank\" rel=\"nofollow noopener\">Voksklumper dukket opp langs kysten fra Moss til Hvaler<\/a>&nbsp;&nbsp;NRK<\/li>\n<li><a href=\"https:\/\/news.google.com\/rss\/articles\/CBMilwFBVV95cUxQV19FZ19aRU9iNnFBNUlMMVY4UzltN3BIczF5U2gyajQyS0xLNFNYX01NcGRLVmpxRVF1VWVPR0t6b1FPNENhUW52RHJ6T1B6c0JUQUJqV2VaRnFOeWc4d2FReG4xRzFzVU9JcGRBeUt2YXRVSlFmQ2pmVXB4S2NySzRjV1dOTlM1QVhRajJZcWxRSEtfcGhz?oc=5\" target=\"_blank\" rel=\"nofollow noopener\">Strandsonen, Skj\u00e6rg\u00e5rdstjenesten | Oppfordrer turg\u00e5ere til \u00e5 plukke voks fra strendene i jula<\/a>&nbsp;&nbsp;Fredriksstad Blad<\/li>\n<li><a href=\"https:\/\/news.google.com\/rss\/articles\/CBMipgFBVV95cUxPWGlyS0FPdE9uempNNzVIZjZNNUltRzZ0dVVSdHpEaUVKVUVJbkEtd1dvUVlsYjg4ZC01QTdWZjVoRzkxUGRvcGg3VjJEZGF2Y3JfalBqNklHQy1FcmQ1MWx5UFRobVNzN3UxemxWdWlPcndCTXZLbzI5SE03UWhFZEhxeW9GbjUwWTJCdlVhRWJ3d3dsV1JFU3ZCSy1KY2dlaDM1b1RB?oc=5\" target=\"_blank\" rel=\"nofollow noopener\">Milj\u00f8, Forurensing | Plutselig dukket disse klumpene opp: \u2013 Vet ikke hvor de kommer fra<\/a>&nbsp;&nbsp;Moss Avis<\/li>\n<li><a href=\"https:\/\/news.google.com\/rss\/articles\/CBMihAFBVV95cUxNUXNBeDJ3dmp0YlRXdEN5MnZLQjhUanl0SFRKNW9kZEFBNmhWZGRzOFhkS1hrcUhWNnV1MlYxVWxnWFNuVnpfeUQ4VTJwdExuNU9EYlZTTDhFRmkzdVRZeHlxSEtTNzZiak5NQW13dXlrZm51YklJRFJMaGZkNkYxWUUyeXY?oc=5\" target=\"_blank\" rel=\"nofollow noopener\">Voksklumper langs kysten i Moss<\/a>&nbsp;&nbsp;Moss kommune<\/li>\n<\/ol>\n","protected":false},"excerpt":{"rendered":"Oppfordrer turg\u00e5ere til \u00e5 plukke voks fra strendene i jula&nbsp;&nbsp;Halden Arbeiderblad Voksklumper dukket opp langs kysten fra Moss&hellip;\n","protected":false},"author":2,"featured_media":122654,"comment_status":"","ping_status":"","sticky":false,"template":"","format":"standard","meta":{"footnotes":""},"categories":[5],"tags":[20,21,24,25,15,19,22,23,17,18,13,30,28,29,14,16,26,27],"class_list":{"0":"post-122653","1":"post","2":"type-post","3":"status-publish","4":"format-standard","5":"has-post-thumbnail","7":"category-overskrifter","8":"tag-breaking-news","9":"tag-breakingnews","10":"tag-featured-news","11":"tag-featurednews","12":"tag-headlines","13":"tag-hovedoppslag","14":"tag-latest-news","15":"tag-latestnews","16":"tag-main-news","17":"tag-mainnews","18":"tag-news","19":"tag-no","20":"tag-norge","21":"tag-norway","22":"tag-nyheter","23":"tag-overskrifter","24":"tag-top-stories","25":"tag-topstories"},"share_on_mastodon":{"url":"https:\/\/pubeurope.com\/@no\/115790571355039123","error":""},"_links":{"self":[{"href":"https:\/\/www.europesays.com\/no\/wp-json\/wp\/v2\/posts\/122653","targetHints":{"allow":["GET"]}}],"collection":[{"href":"https:\/\/www.europesays.com\/no\/wp-json\/wp\/v2\/posts"}],"about":[{"href":"https:\/\/www.europesays.com\/no\/wp-json\/wp\/v2\/types\/post"}],"author":[{"embeddable":true,"href":"https:\/\/www.europesays.com\/no\/wp-json\/wp\/v2\/users\/2"}],"replies":[{"embeddable":true,"href":"https:\/\/www.europesays.com\/no\/wp-json\/wp\/v2\/comments?post=122653"}],"version-history":[{"count":0,"href":"https:\/\/www.europesays.com\/no\/wp-json\/wp\/v2\/posts\/122653\/revisions"}],"wp:featuredmedia":[{"embeddable":true,"href":"https:\/\/www.europesays.com\/no\/wp-json\/wp\/v2\/media\/122654"}],"wp:attachment":[{"href":"https:\/\/www.europesays.com\/no\/wp-json\/wp\/v2\/media?parent=122653"}],"wp:term":[{"taxonomy":"category","embeddable":true,"href":"https:\/\/www.europesays.com\/no\/wp-json\/wp\/v2\/categories?post=122653"},{"taxonomy":"post_tag","embeddable":true,"href":"https:\/\/www.europesays.com\/no\/wp-json\/wp\/v2\/tags?post=122653"}],"curies":[{"name":"wp","href":"https:\/\/api.w.org\/{rel}","templated":true}]}}