{"id":122655,"date":"2025-12-27T08:29:12","date_gmt":"2025-12-27T08:29:12","guid":{"rendered":"https:\/\/www.europesays.com\/no\/122655\/"},"modified":"2025-12-27T08:29:12","modified_gmt":"2025-12-27T08:29:12","slug":"nyheter-politi-mindrearig-kjort-til-legevakt-etter-brak","status":"publish","type":"post","link":"https:\/\/www.europesays.com\/no\/122655\/","title":{"rendered":"Nyheter, Politi | Mindre\u00e5rig kj\u00f8rt til legevakt etter br\u00e5k"},"content":{"rendered":"\n<p>\u2013 Det har v\u00e6rt mye folk rundt forbi, sier operasjonsleder Christian Svarstad til GD like f\u00f8r han runder av en travel nattevakt.<\/p>\n<p>P\u00e5 en av \u00e5rets mest popul\u00e6re kvelder \u00e5 dra ut, har det likevel ikke v\u00e6rt alt for mange ordensoppdrag for politiet i Lillehammer og Gudbrandsdal.<\/p>\n<p>\u2013 Det har forl\u00f8pt seg ganske bra, sier Svarstad.<\/p>\n<p>  <a href=\"https:\/\/www.gd.no\/5-18-2431005\" class=\"related-teaser has-image default-gallery-teaser article--c-eRUmMG article--c-eRUmMG-jKCPdD-design-default\" rel=\"nofollow noopener\" target=\"_blank\"><\/p>\n<p>    <img decoding=\"async\" loading=\"lazy\"  src=\"https:\/\/www.europesays.com\/no\/wp-content\/uploads\/2025\/12\/_DSC7813.JPG\" alt=\"\" class=\"brick-c-cFOWSL\" style=\"\"\/><\/p>\n<p>\n            Bildeserie<\/p>\n<p>              2. juledag: se bildene fra \u00e5rets store utelivskveld\n        <\/p>\n<p>  <\/a><br \/>\n  Til legevakt etter br\u00e5k<\/p>\n<p>Av ordensforstyrrelser m\u00e5tte en patrulje rykke ut til en fest p\u00e5 Lodgen i Hafjell, hvor det var en fest med flere ten\u00e5ringer. Etter \u00e5 ha f\u00e5tt melding om at det var br\u00e5k rykket politiet ut.<\/p>\n<p>\u2013 Det var noen tumulter der like f\u00f8r midnatt, og noen som hadde r\u00f8ket i tottene p\u00e5 hverandre, forteller Svarstad.<\/p>\n<p>En mindre\u00e5rig ble kj\u00f8rt til legevakt for sjekk og skal ikke v\u00e6re alvorlig skadet.<\/p>\n<p>\u2013 Det roa seg veldig fort, men det er fortsatt uklart hvem som er gjerningsperson, sier Svarstad.<\/p>\n<p>Den skadde ungdommen er enn\u00e5 ikke avh\u00f8rt, og politiet har ikke mottatt anmeldelse p\u00e5 forholdet.<\/p>\n<p>Tr\u00f8bbel p\u00e5 bensinstasjoner<\/p>\n<p>Ellers i Innlandet har politiet hatt et par oppdrag p\u00e5 den store utelivskvelden. Like etter episoden p\u00e5 Lodgen i Hafjell ble en kvinne anmeldt i Hamar sentrum, etter at hun kom tilbake til et utested etter at hun hadde f\u00e5tt p\u00e5legg om \u00e5 holde seg borte.<\/p>\n<p>\u2013 Kvinnen hadde v\u00e6rt ufin og kranglete mot b\u00e5de ansatte og gjester p\u00e5 utestedet Gregers, opplyser Svarstad.<\/p>\n<p>Den lokale kvinnen, som er i 50-\u00e5rene, blir anmeldt.<\/p>\n<p>I Brumunddal ble det ogs\u00e5 opprettet sak etter at en lokal mann i 40-\u00e5rene var aggressiv p\u00e5 en bensinstasjon litt over klokka ett. Ogs\u00e5 p\u00e5 en bensinstasjon i Elverum ble en mann tatt med til arresten etter at han drakk \u00f8l og stjal p\u00e5 stedet.<\/p>\n<p>I tillegg har \u00e9n sj\u00e5f\u00f8r i l\u00f8pet av natta blitt anmeldt for rusp\u00e5virket kj\u00f8ring og en ten\u00e5ring anmeldt for urinering p\u00e5 offentlig sted.<\/p>\n","protected":false},"excerpt":{"rendered":"\u2013 Det har v\u00e6rt mye folk rundt forbi, sier operasjonsleder Christian Svarstad til GD like f\u00f8r han runder&hellip;\n","protected":false},"author":2,"featured_media":122656,"comment_status":"","ping_status":"","sticky":false,"template":"","format":"standard","meta":{"footnotes":""},"categories":[10],"tags":[36,20,21,24,25,15,813,3149,22,23,1427,13,30,28,29,14,16,1429,254,1510,26,27],"class_list":{"0":"post-122655","1":"post","2":"type-post","3":"status-publish","4":"format-standard","5":"has-post-thumbnail","7":"category-norge","8":"tag-art","9":"tag-breaking-news","10":"tag-breakingnews","11":"tag-featured-news","12":"tag-featurednews","13":"tag-headlines","14":"tag-innlandet","15":"tag-kriminalitet-og-rettsvesen","16":"tag-latest-news","17":"tag-latestnews","18":"tag-lillehammer","19":"tag-news","20":"tag-no","21":"tag-norge","22":"tag-norway","23":"tag-nyheter","24":"tag-overskrifter","25":"tag-oyer","26":"tag-politi","27":"tag-story","28":"tag-top-stories","29":"tag-topstories"},"share_on_mastodon":{"url":"https:\/\/pubeurope.com\/@no\/115790596302019074","error":""},"_links":{"self":[{"href":"https:\/\/www.europesays.com\/no\/wp-json\/wp\/v2\/posts\/122655","targetHints":{"allow":["GET"]}}],"collection":[{"href":"https:\/\/www.europesays.com\/no\/wp-json\/wp\/v2\/posts"}],"about":[{"href":"https:\/\/www.europesays.com\/no\/wp-json\/wp\/v2\/types\/post"}],"author":[{"embeddable":true,"href":"https:\/\/www.europesays.com\/no\/wp-json\/wp\/v2\/users\/2"}],"replies":[{"embeddable":true,"href":"https:\/\/www.europesays.com\/no\/wp-json\/wp\/v2\/comments?post=122655"}],"version-history":[{"count":0,"href":"https:\/\/www.europesays.com\/no\/wp-json\/wp\/v2\/posts\/122655\/revisions"}],"wp:featuredmedia":[{"embeddable":true,"href":"https:\/\/www.europesays.com\/no\/wp-json\/wp\/v2\/media\/122656"}],"wp:attachment":[{"href":"https:\/\/www.europesays.com\/no\/wp-json\/wp\/v2\/media?parent=122655"}],"wp:term":[{"taxonomy":"category","embeddable":true,"href":"https:\/\/www.europesays.com\/no\/wp-json\/wp\/v2\/categories?post=122655"},{"taxonomy":"post_tag","embeddable":true,"href":"https:\/\/www.europesays.com\/no\/wp-json\/wp\/v2\/tags?post=122655"}],"curies":[{"name":"wp","href":"https:\/\/api.w.org\/{rel}","templated":true}]}}