{"id":122659,"date":"2025-12-27T08:37:31","date_gmt":"2025-12-27T08:37:31","guid":{"rendered":"https:\/\/www.europesays.com\/no\/122659\/"},"modified":"2025-12-27T08:37:31","modified_gmt":"2025-12-27T08:37:31","slug":"wideroe-og-norwegian-ingen-kansellerte-flygninger-enna-nrk-nordland","status":"publish","type":"post","link":"https:\/\/www.europesays.com\/no\/122659\/","title":{"rendered":"Wider\u00f8e og Norwegian: &#8211; Ingen kansellerte flygninger enn\u00e5 \u2013 NRK Nordland"},"content":{"rendered":"<p>Det er meldt orkan i kastene i l\u00f8pet av l\u00f8rdag morgen og formiddag. Flere hurtigb\u00e5ter og ferger har meldt at avganger blir kansellert. Det samme har noen bussruter meldt.<\/p>\n<p>Men Wider\u00f8e har forel\u00f8pig ikke kansellert noen flygninger. Det samme gjelder Norwegian.<\/p>\n<p>\u2013 Vi gj\u00f8r vurderinger av v\u00e6rsituasjonen lokalt og gj\u00f8r avgj\u00f8relser deretter, sier Lina Lindegaard Carlsen, pressevakt i Wider\u00f8e.<\/p>\n<p>H\u00e5pet er at det skal oppst\u00e5 v\u00e6rlommer lokalt. Derfor har de ikke forh\u00e5ndskansellert noen flygninger.<\/p>\n<p>\u2013 Vi f\u00f8lger med, og vet at det vil komme uv\u00e6r i morgen. Men har du ikke h\u00f8rt noe fra flyselskapet, skal du m\u00f8te opp som normalt p\u00e5 flyplassen.<\/p>\n<p>Blir det endringer lover pressevakten at passasjerene vil f\u00e5 beskjed.<\/p>\n<p>Hvordan publikum f\u00e5r beskjeden om eventuelle kanselleringer og instillinger kommer an p\u00e5 hva de selv har lagt inn av kontaktinformasjon.<\/p>\n","protected":false},"excerpt":{"rendered":"Det er meldt orkan i kastene i l\u00f8pet av l\u00f8rdag morgen og formiddag. Flere hurtigb\u00e5ter og ferger har&hellip;\n","protected":false},"author":2,"featured_media":122660,"comment_status":"","ping_status":"","sticky":false,"template":"","format":"standard","meta":{"footnotes":""},"categories":[10],"tags":[20,21,24,25,15,22,23,13,30,28,29,14,16,26,27],"class_list":{"0":"post-122659","1":"post","2":"type-post","3":"status-publish","4":"format-standard","5":"has-post-thumbnail","7":"category-norge","8":"tag-breaking-news","9":"tag-breakingnews","10":"tag-featured-news","11":"tag-featurednews","12":"tag-headlines","13":"tag-latest-news","14":"tag-latestnews","15":"tag-news","16":"tag-no","17":"tag-norge","18":"tag-norway","19":"tag-nyheter","20":"tag-overskrifter","21":"tag-top-stories","22":"tag-topstories"},"share_on_mastodon":{"url":"https:\/\/pubeurope.com\/@no\/115790626410303315","error":""},"_links":{"self":[{"href":"https:\/\/www.europesays.com\/no\/wp-json\/wp\/v2\/posts\/122659","targetHints":{"allow":["GET"]}}],"collection":[{"href":"https:\/\/www.europesays.com\/no\/wp-json\/wp\/v2\/posts"}],"about":[{"href":"https:\/\/www.europesays.com\/no\/wp-json\/wp\/v2\/types\/post"}],"author":[{"embeddable":true,"href":"https:\/\/www.europesays.com\/no\/wp-json\/wp\/v2\/users\/2"}],"replies":[{"embeddable":true,"href":"https:\/\/www.europesays.com\/no\/wp-json\/wp\/v2\/comments?post=122659"}],"version-history":[{"count":0,"href":"https:\/\/www.europesays.com\/no\/wp-json\/wp\/v2\/posts\/122659\/revisions"}],"wp:featuredmedia":[{"embeddable":true,"href":"https:\/\/www.europesays.com\/no\/wp-json\/wp\/v2\/media\/122660"}],"wp:attachment":[{"href":"https:\/\/www.europesays.com\/no\/wp-json\/wp\/v2\/media?parent=122659"}],"wp:term":[{"taxonomy":"category","embeddable":true,"href":"https:\/\/www.europesays.com\/no\/wp-json\/wp\/v2\/categories?post=122659"},{"taxonomy":"post_tag","embeddable":true,"href":"https:\/\/www.europesays.com\/no\/wp-json\/wp\/v2\/tags?post=122659"}],"curies":[{"name":"wp","href":"https:\/\/api.w.org\/{rel}","templated":true}]}}