{"id":122663,"date":"2025-12-27T08:42:15","date_gmt":"2025-12-27T08:42:15","guid":{"rendered":"https:\/\/www.europesays.com\/no\/122663\/"},"modified":"2025-12-27T08:42:15","modified_gmt":"2025-12-27T08:42:15","slug":"na-blir-suv-en-eletre-ladbar-hybrid","status":"publish","type":"post","link":"https:\/\/www.europesays.com\/no\/122663\/","title":{"rendered":"N\u00e5 blir SUV-en Eletre ladbar hybrid"},"content":{"rendered":"<p>        Saken oppsummert<\/p>\n<ul lang=\"nb-NO\">\n<li>Lotus har lange sportsbiltradisjoner, men sliter med salg og oppsigelser.<\/li>\n<li>Volvo-eier Geely satser p\u00e5 Lotus som et premium elbilmerke.<\/li>\n<li>Lotus lanserer ladbare hybrider i Europa for \u00e5 \u00f8ke salget og unng\u00e5 straffetoll.<\/li>\n<li>Til tross for kostnadskutt, tapte Lotus nesten 5 milliarder kroner de f\u00f8rste ni m\u00e5nedene av \u00e5ret.<\/li>\n<\/ul>\n<p class=\"italic ai-disclaimer\" data-lab-italic=\"italic\">Oppsummeringen er laget med kunstig intelligens (KI) fra OpenAI. Innholdet er kvalitetssikret av TV 2s journalister. <a target=\"_blank\" href=\"https:\/\/hjelp.tv2.no\/info\/artikkel\/slik-jobber-vi-med-ki-i-tv-2\" title=\"Les om hvordan vi jobber med KI\" rel=\"nofollow noopener\">Les om hvordan vi jobber med KI<\/a><\/p>\n<p>De har lange og sterke sportsbiltradisjoner og i 2017 fikk de ogs\u00e5 en ny og solid eier: Likevel g\u00e5r det langt fra p\u00e5 skinner for Lotus.<\/p>\n<p>Kinesiske Geely har de siste \u00e5rene satset tungt p\u00e5 \u00e5 bygge opp Lotus som et premium elbilmerke. De har investert store summer blant annet i SUV-en Eletre og sportsbilen Emeya.<\/p>\n<p>Problemet er bare at kundene har uteblitt. Tidligere i \u00e5r kom nyheten om at s\u00e5 mye\u00a040 prosent av arbeidsstokken i England mister jobben, totalt er det snakk om 550 stillinger. De fleste av disse ved fabrikken i Hethel, i Norfolk.<\/p>\n<p>        <img class=\"image__img lazyload\" itemprop=\"image\" title=\"\" alt=\"M\u00c5 KUTTE: Det er t\u00f8ffe tider hos Lotus, hele 550 ansatte i England m\u00e5 g\u00e5. De fleste av dem jobber ved fabrikken i Norfolk. Foto: Lotus\" width=\"978\" height=\"551\" bad-src=\"https:\/\/www.europesays.com\/no\/wp-content\/uploads\/2025\/12\/18333044.webp\" fetchpriority=\"auto\" \/><\/p>\n<p>      M\u00c5 KUTTE: Det er t\u00f8ffe tider hos Lotus, hele 550 ansatte i England m\u00e5 g\u00e5. De fleste av dem jobber ved fabrikken i Norfolk. Foto: Lotus<\/p>\n<p>Kommer med ladbare hybrider<\/p>\n<p>De f\u00f8rste ni m\u00e5nedene av \u00e5ret, solgte ikke Lotus mer enn 4612 biler. Det er betydelig ned fra \u00e5ret f\u00f8r.<\/p>\n<p>Det har g\u00e5tt rykter om at Geely kunne gi opp hele Lotus-prosjektet, men det har blitt avvist.<\/p>\n<p>N\u00e5 skriver <a href=\"https:\/\/www.autocar.co.uk\/car-news\/new-cars\/lotus-will-launch-new-range-hybrids-europe-next-year\" rel=\"nofollow noopener\" target=\"_blank\">britiske Autocar<\/a> at Lotus fra neste \u00e5r skal utvide med ladbare hybrider i Europa. F\u00f8rst ut er en ladbar utgave av Eletre.\u00a0<\/p>\n<p> <a href=\"https:\/\/www.tv2.no\/broom\/bilen-min-lotus-esprit-turbo-jon-arne-har-en-sportsbil-utenom-det-vanlige\/13841031\/\" rel=\"nofollow noopener\" target=\"_blank\">Jon Arne har en sportsbil helt utenom det vanlige<\/a> <\/p>\n<p>        <img class=\"image__img lazyload\" itemprop=\"image\" title=\"\" alt=\"SKILLER SEG UT: Lotus Eletre har f\u00e5tt veldig mye skryt. Solid prislapp er nok en god del av forklaringen p\u00e5 at salget ikke akkurat har tatt av i Norge. Foto: Broom\" width=\"978\" height=\"551\" bad-src=\"https:\/\/www.europesays.com\/no\/wp-content\/uploads\/2025\/12\/15877145.webp\" fetchpriority=\"auto\" \/><\/p>\n<p>      SKILLER SEG UT: Lotus Eletre har f\u00e5tt veldig mye skryt. Solid prislapp er nok en god del av forklaringen p\u00e5 at salget ikke akkurat har tatt av i Norge. Foto: Broom<\/p>\n<p>Bentley og Lamborghini<\/p>\n<p>Dermed bygger Lotus alts\u00e5 om bilen fra ren elbil, til ogs\u00e5 \u00e5 ha ladbar hybrid-drivlinje. Denne utgaven g\u00e5r i salg i Kina f\u00f8rste kvartal neste \u00e5r, s\u00e5 er den ventet til Europa andre halv\u00e5r 2026.\u00a0<\/p>\n<p>M\u00e5lsetningen er todelt: \u00c5 \u00f8ke potensialet til Eletre i markeder der elbilsalget g\u00e5r tr\u00e5tt, Lotus fremhever selv Italia, Spania og Saudi-Arabia her. I tillegg vil denne utgaven unng\u00e5 straffetoll p\u00e5 elbiler bygget i Kina, som n\u00e5 gjelder i hele EU.\u00a0<\/p>\n<p>Med dette h\u00e5per Lotus ogs\u00e5 \u00e5 kunne konkurrere tettere mot luksusmerker som Bentley og Lamborghini. Disse har n\u00e5 en ladbar hybrid-andel av salget sitt p\u00e5 henholdsvis 68 og 90 prosent.\u00a0<\/p>\n<p>Til tross for fokus p\u00e5 kostnadskutt, tapte Lotus nesten 5 milliarder kroner de tre f\u00f8rste kvartalene i \u00e5r. Slik kan det neppe fortsette.\u00a0<\/p>\n<p> <a href=\"https:\/\/www.tv2.no\/broom\/dette-ma-vaere-en-av-norges-minste-bilbutikker\/15394342\/\" rel=\"nofollow noopener\" target=\"_blank\">Dette m\u00e5 v\u00e6re en av Norges minste \u00abbilbutikker\u00bb<\/a> <\/p>\n<p>        <img class=\"image__img lazyload\" itemprop=\"image\" title=\"\" alt=\"STARTEN: Her var lanseringen av den elektriske SUV-en Eletre i gang i Norge. Foto: Broom\" width=\"978\" height=\"551\" bad-src=\"https:\/\/www.europesays.com\/no\/wp-content\/uploads\/2025\/12\/15877146.webp\" fetchpriority=\"auto\" \/><\/p>\n<p>      STARTEN: Her var lanseringen av den elektriske SUV-en Eletre i gang i Norge. Foto: Broom<\/p>\n<p>15 biler i Norge i \u00e5r<\/p>\n<p>Her hjemme\u00a0startet Lotus opp i januar\u00a02023, p\u00e5 kj\u00f8pesenteret Steen &amp; Str\u00f8m i Oslo. Litt senere flyttet de til et 500 kvadratmeter stort opplevelsessenter i Nedre Slottsgate i Oslo sentrum. Lotus hadde da pekt ut Norge som ett av \u00e5tte n\u00f8kkelmarkeder i Europa for sine nye elbiler. <\/p>\n<p>N\u00e5 er det lite igjen av alt dette.\u00a0<a href=\"https:\/\/www.tv2.no\/broom\/importoren-legger-ned-showroomet\/17644216\/\" rel=\"nofollow noopener\" target=\"_blank\">I april kom nyheten om at import\u00f8ren skulle legge ned showroomet\u00a0<\/a>\u2013 og driften overf\u00f8res til dr\u00f8mmebilforhandleren ByMedhus.<\/p>\n<p>If\u00f8lge nettsiden <a href=\"https:\/\/elbilstatistikk.no\/#google_vignette\" rel=\"nofollow noopener\" target=\"_blank\">Elbilstatistikk.no<\/a> har Lotus totalt solgt 73 elektriske biler her til lands siden oppstarten, 15 av disse i 2025.\u00a0<\/p>\n<p> <a href=\"https:\/\/www.tv2.no\/broom\/forste-test-de-som-har-bestilt-kan-virkelig-glede-seg\/15874572\/\" rel=\"nofollow noopener\" target=\"_blank\">F\u00f8rste m\u00f8te: Her kan du lese hva vi mener om Lotus Eletre<\/a> <\/p>\n<p class=\"bold m-bold\" data-lab-font_weight=\"bold\">Valgte noe utenom det vanlige, les mer i artikkelen under:<\/p>\n<p>    <a class=\"article__link\" data-ga-active-label=\"\" data-ga-active-label-animation=\"\" href=\"https:\/\/www.tv2.no\/broom\/24-aring-cashet-ut-bil-til-to-millioner\/18033613\/\" rel=\"nofollow noopener\" target=\"_blank\"><\/p>\n<p>    <img class=\"image__img lazyload\" itemprop=\"image\" title=\"\" alt=\"\" width=\"587\" height=\"341\" bad-src=\"https:\/\/www.europesays.com\/no\/wp-content\/uploads\/2025\/12\/18033639.webp\" fetchpriority=\"auto\" \/><\/p>\n<p>            \u2013 24-\u00e5ring cashet ut bil til to millioner<\/p>\n<p>    <\/a><\/p>\n<p>\u00a0<\/p>\n","protected":false},"excerpt":{"rendered":"Saken oppsummert Lotus har lange sportsbiltradisjoner, men sliter med salg og oppsigelser. Volvo-eier Geely satser p\u00e5 Lotus som&hellip;\n","protected":false},"author":2,"featured_media":122664,"comment_status":"","ping_status":"","sticky":false,"template":"","format":"standard","meta":{"footnotes":""},"categories":[56],"tags":[60,61,62,30,28,29],"class_list":{"0":"post-122663","1":"post","2":"type-post","3":"status-publish","4":"format-standard","5":"has-post-thumbnail","7":"category-naeringsliv","8":"tag-business","9":"tag-economy","10":"tag-naeringsliv","11":"tag-no","12":"tag-norge","13":"tag-norway"},"share_on_mastodon":{"url":"https:\/\/pubeurope.com\/@no\/115790646070918709","error":""},"_links":{"self":[{"href":"https:\/\/www.europesays.com\/no\/wp-json\/wp\/v2\/posts\/122663","targetHints":{"allow":["GET"]}}],"collection":[{"href":"https:\/\/www.europesays.com\/no\/wp-json\/wp\/v2\/posts"}],"about":[{"href":"https:\/\/www.europesays.com\/no\/wp-json\/wp\/v2\/types\/post"}],"author":[{"embeddable":true,"href":"https:\/\/www.europesays.com\/no\/wp-json\/wp\/v2\/users\/2"}],"replies":[{"embeddable":true,"href":"https:\/\/www.europesays.com\/no\/wp-json\/wp\/v2\/comments?post=122663"}],"version-history":[{"count":0,"href":"https:\/\/www.europesays.com\/no\/wp-json\/wp\/v2\/posts\/122663\/revisions"}],"wp:featuredmedia":[{"embeddable":true,"href":"https:\/\/www.europesays.com\/no\/wp-json\/wp\/v2\/media\/122664"}],"wp:attachment":[{"href":"https:\/\/www.europesays.com\/no\/wp-json\/wp\/v2\/media?parent=122663"}],"wp:term":[{"taxonomy":"category","embeddable":true,"href":"https:\/\/www.europesays.com\/no\/wp-json\/wp\/v2\/categories?post=122663"},{"taxonomy":"post_tag","embeddable":true,"href":"https:\/\/www.europesays.com\/no\/wp-json\/wp\/v2\/tags?post=122663"}],"curies":[{"name":"wp","href":"https:\/\/api.w.org\/{rel}","templated":true}]}}