{"id":122665,"date":"2025-12-27T08:43:12","date_gmt":"2025-12-27T08:43:12","guid":{"rendered":"https:\/\/www.europesays.com\/no\/122665\/"},"modified":"2025-12-27T08:43:12","modified_gmt":"2025-12-27T08:43:12","slug":"forsteamanuensis-hilde-restad-ble-stoppet-pa-kontrollpost-til-betlehem-pa-juledag","status":"publish","type":"post","link":"https:\/\/www.europesays.com\/no\/122665\/","title":{"rendered":"F\u00f8rsteamanuensis Hilde Restad ble stoppet p\u00e5 kontrollpost til Betlehem p\u00e5 juledag"},"content":{"rendered":"<p>    ISRAEL: Norske Hilde Restad feirer jul i \u00d8st-Jerusalem. Men da hun ville bes\u00f8ke Betlehem 1. juledag, opplevde hun vanskeligheter med \u00e5 komme inn.<\/p>\n<p>\n        P\u00c5 REISE: T.v. Hilde Restad og ektemannen Nadim, som er kristen palestiner. T.h. k\u00f8en til kontrollposten inn i Betlehem, tatt ved en tidligere anledning.<br \/>\n        Privat\n    <\/p>\n<p>                Bestill abonnement her<\/p>\n<p>\n                    <a class=\"lab-paywall-teaser-offer-button\" href=\"http:\/\/kampanje.vl.no\/betalingsmur\" rel=\"nofollow noopener\" target=\"_blank\">KJ\u00d8P<\/a>\n                <\/p>\n","protected":false},"excerpt":{"rendered":"ISRAEL: Norske Hilde Restad feirer jul i \u00d8st-Jerusalem. Men da hun ville bes\u00f8ke Betlehem 1. juledag, opplevde hun&hellip;\n","protected":false},"author":2,"featured_media":122666,"comment_status":"","ping_status":"","sticky":false,"template":"","format":"standard","meta":{"footnotes":""},"categories":[12],"tags":[20,21,24,25,15,22,23,13,30,28,29,14,16,26,27,42,43,44,45],"class_list":{"0":"post-122665","1":"post","2":"type-post","3":"status-publish","4":"format-standard","5":"has-post-thumbnail","7":"category-verden","8":"tag-breaking-news","9":"tag-breakingnews","10":"tag-featured-news","11":"tag-featurednews","12":"tag-headlines","13":"tag-latest-news","14":"tag-latestnews","15":"tag-news","16":"tag-no","17":"tag-norge","18":"tag-norway","19":"tag-nyheter","20":"tag-overskrifter","21":"tag-top-stories","22":"tag-topstories","23":"tag-verden","24":"tag-world","25":"tag-world-news","26":"tag-worldnews"},"share_on_mastodon":{"url":"https:\/\/pubeurope.com\/@no\/115790650021368825","error":""},"_links":{"self":[{"href":"https:\/\/www.europesays.com\/no\/wp-json\/wp\/v2\/posts\/122665","targetHints":{"allow":["GET"]}}],"collection":[{"href":"https:\/\/www.europesays.com\/no\/wp-json\/wp\/v2\/posts"}],"about":[{"href":"https:\/\/www.europesays.com\/no\/wp-json\/wp\/v2\/types\/post"}],"author":[{"embeddable":true,"href":"https:\/\/www.europesays.com\/no\/wp-json\/wp\/v2\/users\/2"}],"replies":[{"embeddable":true,"href":"https:\/\/www.europesays.com\/no\/wp-json\/wp\/v2\/comments?post=122665"}],"version-history":[{"count":0,"href":"https:\/\/www.europesays.com\/no\/wp-json\/wp\/v2\/posts\/122665\/revisions"}],"wp:featuredmedia":[{"embeddable":true,"href":"https:\/\/www.europesays.com\/no\/wp-json\/wp\/v2\/media\/122666"}],"wp:attachment":[{"href":"https:\/\/www.europesays.com\/no\/wp-json\/wp\/v2\/media?parent=122665"}],"wp:term":[{"taxonomy":"category","embeddable":true,"href":"https:\/\/www.europesays.com\/no\/wp-json\/wp\/v2\/categories?post=122665"},{"taxonomy":"post_tag","embeddable":true,"href":"https:\/\/www.europesays.com\/no\/wp-json\/wp\/v2\/tags?post=122665"}],"curies":[{"name":"wp","href":"https:\/\/api.w.org\/{rel}","templated":true}]}}