{"id":122667,"date":"2025-12-27T08:44:13","date_gmt":"2025-12-27T08:44:13","guid":{"rendered":"https:\/\/www.europesays.com\/no\/122667\/"},"modified":"2025-12-27T08:44:13","modified_gmt":"2025-12-27T08:44:13","slug":"vaer-valdres-stenger-fylkesveien-pa-grunn-av-uvaer","status":"publish","type":"post","link":"https:\/\/www.europesays.com\/no\/122667\/","title":{"rendered":"V\u00e6r, Valdres | Stenger fylkesveien p\u00e5 grunn av uv\u00e6r"},"content":{"rendered":"\n<p>Det er meldt om mye vind over store deler av Innlandet l\u00f8rdag. Her i Vestoppland er vi ikke ber\u00f8rt av farevarselet som er sendt ut for andre steder i Innlandet for vinden, men det bl\u00e5ser likevel godt.<\/p>\n<p>Ny vurdering s\u00f8ndag<\/p>\n<p>Som f\u00f8lge av uv\u00e6r er fylkesvei 51 Valdresflye stengt. Det opplyser vegtrafikksentralen. Det vil bli tatt en ny vurdering s\u00f8ndag klokken 08.00. If\u00f8lge Statens vegvesen er det en vindhastighet p\u00e5 24,1 meter i sekundet p\u00e5 flya.<\/p>\n<p>Valdresflye er vanligvis vinterstengt mellom 22. desember og 4. april. S\u00e5 langt i \u00e5r har sn\u00f8mengden v\u00e6rt mindre, og veien har derfor holdt \u00e5pen.<\/p>\n<p>Ekstra beredskap<\/p>\n<p>Elvia, som blant annet st\u00e5r for str\u00f8mnettet i deler av Vestoppland, har \u00f8kt sin beredskap som f\u00f8lge av vinden.<\/p>\n<p>\u2013 Vi f\u00f8lger situasjonen n\u00f8ye og \u00f8ker bemanningen ute i felt og inne p\u00e5 driftssentralen. N\u00e5r det er meldt kraftig vind, er vi ekstra forberedt p\u00e5 trefall over linjer og str\u00f8mbrudd, sier Erik Jansen, direkt\u00f8r for nettdrift i Elvia.<\/p>\n<p>Elvia oppfordrer alle til \u00e5 holde seg unna str\u00f8mledninger som henger lavt eller ligger p\u00e5 bakken. Pass ogs\u00e5 godt p\u00e5 husdyr. Ber\u00f8ring kan v\u00e6re livsfarlig.<\/p>\n<p><b>Slik ser det ut p\u00e5 veiene n\u00e5: <\/b><\/p>\n","protected":false},"excerpt":{"rendered":"Det er meldt om mye vind over store deler av Innlandet l\u00f8rdag. Her i Vestoppland er vi ikke&hellip;\n","protected":false},"author":2,"featured_media":122668,"comment_status":"","ping_status":"","sticky":false,"template":"","format":"standard","meta":{"footnotes":""},"categories":[10],"tags":[36,20,21,24,25,15,22,23,13,30,28,29,14,16,1510,26,27,224,1646,553],"class_list":{"0":"post-122667","1":"post","2":"type-post","3":"status-publish","4":"format-standard","5":"has-post-thumbnail","7":"category-norge","8":"tag-art","9":"tag-breaking-news","10":"tag-breakingnews","11":"tag-featured-news","12":"tag-featurednews","13":"tag-headlines","14":"tag-latest-news","15":"tag-latestnews","16":"tag-news","17":"tag-no","18":"tag-norge","19":"tag-norway","20":"tag-nyheter","21":"tag-overskrifter","22":"tag-story","23":"tag-top-stories","24":"tag-topstories","25":"tag-trafikk","26":"tag-valdres","27":"tag-vaer"},"share_on_mastodon":{"url":"https:\/\/pubeurope.com\/@no\/115790653874564474","error":""},"_links":{"self":[{"href":"https:\/\/www.europesays.com\/no\/wp-json\/wp\/v2\/posts\/122667","targetHints":{"allow":["GET"]}}],"collection":[{"href":"https:\/\/www.europesays.com\/no\/wp-json\/wp\/v2\/posts"}],"about":[{"href":"https:\/\/www.europesays.com\/no\/wp-json\/wp\/v2\/types\/post"}],"author":[{"embeddable":true,"href":"https:\/\/www.europesays.com\/no\/wp-json\/wp\/v2\/users\/2"}],"replies":[{"embeddable":true,"href":"https:\/\/www.europesays.com\/no\/wp-json\/wp\/v2\/comments?post=122667"}],"version-history":[{"count":0,"href":"https:\/\/www.europesays.com\/no\/wp-json\/wp\/v2\/posts\/122667\/revisions"}],"wp:featuredmedia":[{"embeddable":true,"href":"https:\/\/www.europesays.com\/no\/wp-json\/wp\/v2\/media\/122668"}],"wp:attachment":[{"href":"https:\/\/www.europesays.com\/no\/wp-json\/wp\/v2\/media?parent=122667"}],"wp:term":[{"taxonomy":"category","embeddable":true,"href":"https:\/\/www.europesays.com\/no\/wp-json\/wp\/v2\/categories?post=122667"},{"taxonomy":"post_tag","embeddable":true,"href":"https:\/\/www.europesays.com\/no\/wp-json\/wp\/v2\/tags?post=122667"}],"curies":[{"name":"wp","href":"https:\/\/api.w.org\/{rel}","templated":true}]}}