{"id":122669,"date":"2025-12-27T08:47:17","date_gmt":"2025-12-27T08:47:17","guid":{"rendered":"https:\/\/www.europesays.com\/no\/122669\/"},"modified":"2025-12-27T08:47:17","modified_gmt":"2025-12-27T08:47:17","slug":"arrangementer-heim-te-jul-i-kveld-er-det-duket-for-tradisjonsrike-heim-te-jul","status":"publish","type":"post","link":"https:\/\/www.europesays.com\/no\/122669\/","title":{"rendered":"Arrangementer, Heim te jul | I kveld er det duket for tradisjonsrike \u00abHeim te Jul\u00bb"},"content":{"rendered":"\n<p>Siden begynnelsen av 2000-tallet har konseptet \u00abHeim te Jul\u00bb v\u00e6rt en fast f\u00f8lgesvenn for flekkefj\u00e6ringer i romjulen. <\/p>\n<p>Ogs\u00e5 i \u00e5r inntar musikere og artister scenen p\u00e5 Spira, for \u00e5 gi publikum en musikalsk opplevelse i romjulsdagene.<\/p>\n<p>   <img decoding=\"async\" width=\"640\" height=\"480\" fetchpriority=\"low\"  loading=\"lazy\"  src=\"https:\/\/www.europesays.com\/no\/wp-content\/uploads\/2025\/12\/1000011117.jpg\" alt=\"\" class=\"brick-c-cFOWSL\" style=\"--brick-image-ratio: 640 \/ 480;\"\/><\/p>\n<p>  En annerledes opplevelse<\/p>\n<p>Arrang\u00f8rene er tydelige p\u00e5 at \u00abHeim te Jul\u00bb skal v\u00e6re noe utenom det vanlige.<\/p>\n<p>\u2013 Vi pr\u00f8ver \u00e5 v\u00e6re en annerledes julekonsert. Vi satser p\u00e5 lokale musikere, b\u00e5de i husbandet og de som blir invitert som gjesteartister, forteller Per \u00d8yvind Thorsen til Agder.<\/p>\n<p>En viktig del av konseptet er miksen av artister. Her f\u00e5r publikum h\u00f8re b\u00e5de godt etablerte musikere som har spilt i byen i \u00e5revis, og helt ferske talenter som f\u00e5r vise seg frem p\u00e5 en stor scene.<\/p>\n<p>\u2013 Vi inviterer unge og nye talenter, men ogs\u00e5 mer etablerte musikere, sier Thorsen.<\/p>\n<p>Innholdsrik artistliste<\/p>\n<p>\u00c5rets liste over medvirkende vitner om bredde i sjangere og uttrykk. Husbandet, som skal binde kvelden sammen, best\u00e5r av ringrever som Per \u00d8yvind Thorsen, Tor Arve Bar\u00f8y, Erling Andreas Gundersen, Kardo Kiis, Svein Eivind Stakkeland og Daniel Hinderaker.<\/p>\n<p>P\u00e5 gjestelisten finner vi flere kjente lokale navn. Blant annet stiller s\u00f8strene Thea og Vilde Nedland, Nina Mikalsen og Paul, samt Charlotte Gundersen og Gaute Omdal. Ogs\u00e5 Henning Sirnes, Dina Mathilde, Kelly, Greger Haukelid, Linda Uenes Finstad og Jeanne Omdal Haukland skal i ilden.<\/p>\n<p>Spiller for en god sak<\/p>\n<p>Noe av det som gj\u00f8r \u00abHeim te Jul\u00bb spesielt, er dugnads\u00e5nden som ligger i bunn. Alle artistene stiller opp gratis, og billettinntektene g\u00e5r ikke til arrang\u00f8rene selv.<\/p>\n<p>\u2013 Overskuddet g\u00e5r hvert \u00e5r til et veldedig form\u00e5l, bekrefter Thorsen, som \u00f8nsker alle hjertelig velkommen til Spira 2. juledag.<\/p>\n","protected":false},"excerpt":{"rendered":"Siden begynnelsen av 2000-tallet har konseptet \u00abHeim te Jul\u00bb v\u00e6rt en fast f\u00f8lgesvenn for flekkefj\u00e6ringer i romjulen. Ogs\u00e5&hellip;\n","protected":false},"author":2,"featured_media":122670,"comment_status":"","ping_status":"","sticky":false,"template":"","format":"standard","meta":{"footnotes":""},"categories":[58],"tags":[12304,36,71,573,14550,30,28,29,1510,72],"class_list":{"0":"post-122669","1":"post","2":"type-post","3":"status-publish","4":"format-standard","5":"has-post-thumbnail","7":"category-underholdning","8":"tag-arrangementer","9":"tag-art","10":"tag-entertainment","11":"tag-flekkefjord","12":"tag-heim-te-jul","13":"tag-no","14":"tag-norge","15":"tag-norway","16":"tag-story","17":"tag-underholdning"},"share_on_mastodon":{"url":"https:\/\/pubeurope.com\/@no\/115790665892571760","error":""},"_links":{"self":[{"href":"https:\/\/www.europesays.com\/no\/wp-json\/wp\/v2\/posts\/122669","targetHints":{"allow":["GET"]}}],"collection":[{"href":"https:\/\/www.europesays.com\/no\/wp-json\/wp\/v2\/posts"}],"about":[{"href":"https:\/\/www.europesays.com\/no\/wp-json\/wp\/v2\/types\/post"}],"author":[{"embeddable":true,"href":"https:\/\/www.europesays.com\/no\/wp-json\/wp\/v2\/users\/2"}],"replies":[{"embeddable":true,"href":"https:\/\/www.europesays.com\/no\/wp-json\/wp\/v2\/comments?post=122669"}],"version-history":[{"count":0,"href":"https:\/\/www.europesays.com\/no\/wp-json\/wp\/v2\/posts\/122669\/revisions"}],"wp:featuredmedia":[{"embeddable":true,"href":"https:\/\/www.europesays.com\/no\/wp-json\/wp\/v2\/media\/122670"}],"wp:attachment":[{"href":"https:\/\/www.europesays.com\/no\/wp-json\/wp\/v2\/media?parent=122669"}],"wp:term":[{"taxonomy":"category","embeddable":true,"href":"https:\/\/www.europesays.com\/no\/wp-json\/wp\/v2\/categories?post=122669"},{"taxonomy":"post_tag","embeddable":true,"href":"https:\/\/www.europesays.com\/no\/wp-json\/wp\/v2\/tags?post=122669"}],"curies":[{"name":"wp","href":"https:\/\/api.w.org\/{rel}","templated":true}]}}