{"id":122671,"date":"2025-12-27T08:49:43","date_gmt":"2025-12-27T08:49:43","guid":{"rendered":"https:\/\/www.europesays.com\/no\/122671\/"},"modified":"2025-12-27T08:49:43","modified_gmt":"2025-12-27T08:49:43","slug":"en-liten-feil-kan-gi-store-konsekvenser-2","status":"publish","type":"post","link":"https:\/\/www.europesays.com\/no\/122671\/","title":{"rendered":"En liten feil kan gi store konsekvenser"},"content":{"rendered":"<p class=\"kicker t14 tm14 font-NotoSans\" style=\"\"><a href=\"https:\/\/www.abcnyheter.no\/livsstil\" target=\"_blank\" rel=\"nofollow noopener\">Livsstil<\/a><\/p>\n<p>    Her er elbil-eiere ekstra utsatt.<\/p>\n<p>\n        Reparasjon kan koste flere hundre tusen kroner.<br \/>\n        Broom\n    <\/p>\n<p>\u00a0 <\/p>\n<p class=\"italic m-italic\" data-lab-italic=\"italic\">(<a href=\"https:\/\/www.tv2.no\/broom\/en-liten-feil-kan-gi-store-konsekvenser\/18372476\/\" rel=\"nofollow noopener\" target=\"_blank\">Artikkelen <\/a>er f\u00f8rst publisert av <a href=\"https:\/\/www.tv2.no\/broom?r=refresh\" rel=\"nofollow noopener\" target=\"_blank\">Broom<\/a>):<\/p>\n<p>Selv et rutinemessig dekkskift, kan plutselig bli veldig kostbart. S\u00e6rlig for de som har elbil.<\/p>\n<p>Hvis du plasserer jekken bare noen centimeter feil, i forhold til der den skal v\u00e6re, risikerer du nemlig \u00e5 skadde batteripakken. Resultatet av det kan koste flesk.\u00a0<\/p>\n<p>Vi har flere eksempel p\u00e5 at man kan bli sittende igjen med kostnad p\u00e5 flere hundre tusen kroner &#8230;<\/p>\n<p>Video \u00f8verst i artikkelen: Slik gj\u00f8r du det riktig!<\/p>\n<p>570.000 kroner<\/p>\n<p>Et av de verste skrekkeksemplene vi har, er fra Gjensidige. De hadde en sak der hele batteripakken m\u00e5tte byttes, p\u00e5 grunn av en jekkefeil.\u00a0<\/p>\n<p>Pris for \u00e5 bytte batteripakken? 570.000 kroner!\u00a0Da begynner det virkelig \u00e5 bli astronomiske summer.\u00a0<\/p>\n<p>Det er med andre ord smart \u00e5 bruke litt ekstra tid p\u00e5 \u00e5 sjekke at du gj\u00f8r alt riktig.<\/p>\n<p><a href=\"https:\/\/www.tv2.no\/broom\/advarer-eierne-forsikringen-kan-falle-bort\/16164727\/\" rel=\"nofollow noopener\" target=\"_blank\">Advarer bileierne: \u2013 Forsikringen kan falle bort<\/a><\/p>\n<p>M\u00e5 t\u00e5le bilens vekt<\/p>\n<p>For elbiler kan det ogs\u00e5 v\u00e6re en utfordring at bilen veier betydelig mer, enn biler med bensin- eller dieselmotor. Derfor er det viktig \u00e5 sjekke at jekken t\u00e5ler bilens vekt.<\/p>\n<p>Det er store forskjeller p\u00e5 hva forsikringsselskapene dekker, om du skulle v\u00e6re uheldig. Du risikerer avkortning eller bortfall. S\u00e5 her er det smart \u00e5 sjekke hva som gjelder, om noe skulle g\u00e5 galt.<\/p>\n<p>Et annet tips som er verdt \u00e5 huske p\u00e5, er at bilen m\u00e5 st\u00e5 flatt, mens du skifter dekkene.<\/p>\n<p><a href=\"https:\/\/www.tv2.no\/broom\/ser-dekkene-slik-ut-da-har-du-et-problem\/16156022\/\" rel=\"nofollow noopener\" target=\"_blank\">Ser dekkene slik ut? Da har du et problem<\/a><\/p>\n","protected":false},"excerpt":{"rendered":"Livsstil Her er elbil-eiere ekstra utsatt. Reparasjon kan koste flere hundre tusen kroner. Broom \u00a0 (Artikkelen er f\u00f8rst&hellip;\n","protected":false},"author":2,"featured_media":122672,"comment_status":"","ping_status":"","sticky":false,"template":"","format":"standard","meta":{"footnotes":""},"categories":[56],"tags":[60,61,62,30,28,29],"class_list":{"0":"post-122671","1":"post","2":"type-post","3":"status-publish","4":"format-standard","5":"has-post-thumbnail","7":"category-naeringsliv","8":"tag-business","9":"tag-economy","10":"tag-naeringsliv","11":"tag-no","12":"tag-norge","13":"tag-norway"},"share_on_mastodon":{"url":"https:\/\/pubeurope.com\/@no\/115790673503547489","error":""},"_links":{"self":[{"href":"https:\/\/www.europesays.com\/no\/wp-json\/wp\/v2\/posts\/122671","targetHints":{"allow":["GET"]}}],"collection":[{"href":"https:\/\/www.europesays.com\/no\/wp-json\/wp\/v2\/posts"}],"about":[{"href":"https:\/\/www.europesays.com\/no\/wp-json\/wp\/v2\/types\/post"}],"author":[{"embeddable":true,"href":"https:\/\/www.europesays.com\/no\/wp-json\/wp\/v2\/users\/2"}],"replies":[{"embeddable":true,"href":"https:\/\/www.europesays.com\/no\/wp-json\/wp\/v2\/comments?post=122671"}],"version-history":[{"count":0,"href":"https:\/\/www.europesays.com\/no\/wp-json\/wp\/v2\/posts\/122671\/revisions"}],"wp:featuredmedia":[{"embeddable":true,"href":"https:\/\/www.europesays.com\/no\/wp-json\/wp\/v2\/media\/122672"}],"wp:attachment":[{"href":"https:\/\/www.europesays.com\/no\/wp-json\/wp\/v2\/media?parent=122671"}],"wp:term":[{"taxonomy":"category","embeddable":true,"href":"https:\/\/www.europesays.com\/no\/wp-json\/wp\/v2\/categories?post=122671"},{"taxonomy":"post_tag","embeddable":true,"href":"https:\/\/www.europesays.com\/no\/wp-json\/wp\/v2\/tags?post=122671"}],"curies":[{"name":"wp","href":"https:\/\/api.w.org\/{rel}","templated":true}]}}