{"id":122679,"date":"2025-12-27T09:23:11","date_gmt":"2025-12-27T09:23:11","guid":{"rendered":"https:\/\/www.europesays.com\/no\/122679\/"},"modified":"2025-12-27T09:23:11","modified_gmt":"2025-12-27T09:23:11","slug":"over-100-000-venter","status":"publish","type":"post","link":"https:\/\/www.europesays.com\/no\/122679\/","title":{"rendered":"Over 100 000 venter"},"content":{"rendered":"<p class=\"kicker bg-cyan color_mobile_bg-cyan text-black hasTextPadding mobile-hasTextPadding\" style=\"\">Jul:<\/p>\n<p>  Lassevis av pakker ligger klare rundt i hele landet.\u00a0<\/p>\n<p>\n    HENT: 11 110 pakker ligger klare for \u00e5 bli hentet. Foto: NTB\n  <\/p>\n<p>  <a id=\"topic-banner-link\" href=\"#\" target=\"_blank\" rel=\"noopener noreferrer\"><br \/>\n    <img decoding=\"async\" id=\"topic-banner-image\" src=\"\" alt=\"\" style=\"max-width:100%; height:auto; border-radius:8px; transition:filter 0.3s ease;\"\/><br \/>\n  <\/a><\/p>\n<p>&#8211; Selv om Posten Brings terminaler ble t\u00f8mt f\u00f8r julaften s\u00e5 er det fortsatt mange pakker som ikke er hentet fra v\u00e5re 3 700 hentesteder over hele landet. Kanskje har Posten en ekstra julegave til deg som du ikke rakk \u00e5 hente ut f\u00f8r julen ble ringt inn, sier kommunikasjonsdirekt\u00f8r Kenneth Tj\u00f8nndal Pettersen i Posten Bring i en\u00a0<a href=\"https:\/\/www.mynewsdesk.com\/no\/posten-bring\/pressreleases\/111-dot-115-pakker-ligger-klare-til-aa-hentes-kanskje-har-posten-en-ekstra-julegave-til-deg-3423221\" target=\"_blank\" rel=\"nofollow noopener\">pressemelding<\/a>.<\/p>\n<p>De to siste ukene f\u00f8r jul i \u00e5r, ble over tre millioner pakker h\u00e5ndtert ved terminalene til Posten Bring og levert av postbud til postkasser og hentesteder.<\/p>\n<p>        <img loading=\"lazy\" decoding=\"async\" src=\"https:\/\/www.europesays.com\/no\/wp-content\/uploads\/2025\/12\/84030219.webp\" width=\"980\" height=\"559\" title=\"FULLE HYLLER: Pakker venter p\u00e5 \u00e5 bli hentet. Foto: Posten Bring\" alt=\"\" class=\"\" style=\"--aspect-ratio-image: 1.75; \"\/><\/p>\n<p>\n        FULLE HYLLER: Pakker venter p\u00e5 \u00e5 bli hentet. Foto: Posten Bring\n    <\/p>\n<p>&#8211; Dersom du har uavhentede pakker er det nok lurt \u00e5 hente ut pakkene fra hentestedet s\u00e5 raskt det lar seg gj\u00f8re. Hentefristen er nemlig p\u00e5 sju dager og Post i Butikk vil holde \u00e5pent s\u00e5 lenge butikkene er \u00e5pne i romjulen. I pakkeboksene er det derimot mulig \u00e5 hente hele d\u00f8gnet, s\u00e5 lenge du har Posten-appen, forklarer kommunikasjonsdirekt\u00f8ren.<\/p>\n","protected":false},"excerpt":{"rendered":"Jul: Lassevis av pakker ligger klare rundt i hele landet.\u00a0 HENT: 11 110 pakker ligger klare for \u00e5&hellip;\n","protected":false},"author":2,"featured_media":122680,"comment_status":"","ping_status":"","sticky":false,"template":"","format":"standard","meta":{"footnotes":""},"categories":[10],"tags":[20,21,24,25,728,15,5593,22,23,3998,13,30,28,29,14,16,2498,26,27],"class_list":{"0":"post-122679","1":"post","2":"type-post","3":"status-publish","4":"format-standard","5":"has-post-thumbnail","7":"category-norge","8":"tag-breaking-news","9":"tag-breakingnews","10":"tag-featured-news","11":"tag-featurednews","12":"tag-fritid","13":"tag-headlines","14":"tag-jul","15":"tag-latest-news","16":"tag-latestnews","17":"tag-metadz","18":"tag-news","19":"tag-no","20":"tag-norge","21":"tag-norway","22":"tag-nyheter","23":"tag-overskrifter","24":"tag-posten","25":"tag-top-stories","26":"tag-topstories"},"share_on_mastodon":{"url":"https:\/\/pubeurope.com\/@no\/115790807500269969","error":""},"_links":{"self":[{"href":"https:\/\/www.europesays.com\/no\/wp-json\/wp\/v2\/posts\/122679","targetHints":{"allow":["GET"]}}],"collection":[{"href":"https:\/\/www.europesays.com\/no\/wp-json\/wp\/v2\/posts"}],"about":[{"href":"https:\/\/www.europesays.com\/no\/wp-json\/wp\/v2\/types\/post"}],"author":[{"embeddable":true,"href":"https:\/\/www.europesays.com\/no\/wp-json\/wp\/v2\/users\/2"}],"replies":[{"embeddable":true,"href":"https:\/\/www.europesays.com\/no\/wp-json\/wp\/v2\/comments?post=122679"}],"version-history":[{"count":0,"href":"https:\/\/www.europesays.com\/no\/wp-json\/wp\/v2\/posts\/122679\/revisions"}],"wp:featuredmedia":[{"embeddable":true,"href":"https:\/\/www.europesays.com\/no\/wp-json\/wp\/v2\/media\/122680"}],"wp:attachment":[{"href":"https:\/\/www.europesays.com\/no\/wp-json\/wp\/v2\/media?parent=122679"}],"wp:term":[{"taxonomy":"category","embeddable":true,"href":"https:\/\/www.europesays.com\/no\/wp-json\/wp\/v2\/categories?post=122679"},{"taxonomy":"post_tag","embeddable":true,"href":"https:\/\/www.europesays.com\/no\/wp-json\/wp\/v2\/tags?post=122679"}],"curies":[{"name":"wp","href":"https:\/\/api.w.org\/{rel}","templated":true}]}}