{"id":122683,"date":"2025-12-27T09:25:12","date_gmt":"2025-12-27T09:25:12","guid":{"rendered":"https:\/\/www.europesays.com\/no\/122683\/"},"modified":"2025-12-27T09:25:12","modified_gmt":"2025-12-27T09:25:12","slug":"premier-league-rykter-oscar-bobb-lordagens-premier-league-rykter","status":"publish","type":"post","link":"https:\/\/www.europesays.com\/no\/122683\/","title":{"rendered":"Premier League-rykter, Oscar Bobb | L\u00f8rdagens Premier League-rykter"},"content":{"rendered":"\n<p><b>Oscar Bobb<\/b> kan v\u00e6re p\u00e5 flyttefot. If\u00f8lge Talksport f\u00f8lger b\u00e5de <b>Fulham <\/b>og <b>Crystal Palace<\/b> med p\u00e5 den norske juvelen, som ogs\u00e5 har vekket interessen hos utenlandske klubber som <b>Sevilla<\/b>.<\/p>\n<p><b>J\u00f8rgen Strand Larsen<\/b> kan ogs\u00e5 f\u00e5 seg mer konkurranse om spissplassen i <b>Wolves <\/b>ettersom Premier League-klubben er interessert i \u00e5 kj\u00f8pe den tidligere <b>Bournemouth<\/b>&#8211; og <b>Nottingham Forest-spissen Sam Surridge<\/b> fra MLS-klubben <b>Nashville, <\/b>skriver Talksport<b>.<\/b><\/p>\n<p><b>Alexander Isak<\/b> har f\u00e5tt alt annet enn en dr\u00f8mmestart i <b>Liverpool<\/b>, og svensken er n\u00e5 ute med skade. Det har f\u00e5tt Merseyside-klubben til \u00e5 se til Paris. If\u00f8lge Caught Offside vurderer klubben \u00e5 hente inn <b>Gon\u00e7alo Ramos<\/b> som erstatter p\u00e5 et seks m\u00e5neders l\u00e5n.<\/p>\n<p><b>Liverpool <\/b>skal ogs\u00e5 v\u00e6re i samtaler med flere Premier League- og Championship-klubber om et mulig salg av 18 \u00e5r gamle <b>Trey Nyoni<\/b>, melder Teamtalk.<\/p>\n<p><b>Les ogs\u00e5:<a rel=\"Follow nofollow noopener\" href=\"https:\/\/www.nettavisen.no\/sport\/lars-bohinen-advarer-trenden-har-kommet-til-norge\/s\/5-95-2762131\" target=\"_blank\"> Lars Bohinen advarer om trend i Norge: \u2013 G\u00e5r ofte galt<\/a><\/b><\/p>\n<p>Erkerival <b>Manchester United<\/b> jakter p\u00e5 sin side en noe overraskende overgang i midtbanespilleren <b>James Garner<\/b>, skriver Daily Mail. 24-\u00e5ringens kontrakt med <b>Everton <\/b>f\u00e5r ut neste sommer.<\/p>\n<p><b>Chelsea <\/b>\u00f8nsker ogs\u00e5 \u00e5 fortsette den elleville kj\u00f8pefesten de har holdt g\u00e5ende de siste \u00e5rene. The Athletic skriver at London-klubben n\u00e5 f\u00f8lger med p\u00e5 <b>Rennes&#8217; Jeremy Jacquet<\/b> og <b>Djylian N&#8217;Guessan fra Saint-\u00c9tienne<\/b>.<\/p>\n<p>De skal riktignok \u00f8nske \u00e5 f\u00e5 solgt <b>Axel Disasi, Raheem Sterling<\/b> og <b>Tyrique George<\/b> f\u00f8rst.<\/p>\n<p><b>Les ogs\u00e5: <a rel=\"Follow nofollow noopener\" href=\"https:\/\/www.nettavisen.no\/sport\/samles-etter-dodsfallet-til-sivert-bakken-preger-alle\/s\/5-95-2798054\" target=\"_blank\">Samles etter d\u00f8dsfallet til Sivert Bakken: \u2013 Preger alle<\/a><\/b><\/p>\n<p>    Vil du se neste video?<\/p>\n<p>    <a href=\"https:\/\/www.nettavisen.no\/nyheter\/stripper-pa-string-showbar-i-oslo-avslorer-slik-far-jeg-mest-tips-i-trusa\/v\/5-95-2772941\" class=\"recommend-poster\" data-adp-clicklabel=\"video-recommend\" data-adp-clickvalue=\"poster\" rel=\"nofollow noopener\" target=\"_blank\"><br \/>\n      <img decoding=\"async\" width=\"200\" height=\"200\" loading=\"lazy\" src=\"https:\/\/www.europesays.com\/no\/wp-content\/uploads\/2025\/12\/Stripper+til+cue.jpg\" alt=\"\" class=\"brick-c-cFOWSL\" style=\"--brick-image-ratio: 200 \/ 200;\"\/><\/p>\n<p>Stripper avsl\u00f8rer: \u2013 Slik f\u00e5r jeg mest tips i trusa1:46<\/p>\n<p>    <\/a><\/p>\n<p><b>Sandro Tonali<\/b> skal ogs\u00e5 \u00f8nske seg hjem til Italia, der <b>Juventus <\/b>jakter midtbanespilleren, if\u00f8lge Gazzetta dello Sport.<\/p>\n<p>Avisen melder ogs\u00e5 at <b>Roma <\/b>er interessert i <b>Tottenham<\/b>&#8211;<b>stopperen Radu Dragusin<\/b>.<\/p>\n<p>Samtidig jobber <b>Tottenham <\/b>med \u00e5 forlenge med den nederlandske stopperen <b>Micky van de Ven<\/b>, melder The Athletic.<\/p>\n<p><b>Sevilla, Real Oviedo<\/b> og <b>Getafe <\/b>skal ogs\u00e5 v\u00e6re interessert i \u00e5 hente <b>Enes \u00dcnal<\/b> fra <b>Bournemouth<\/b>, if\u00f8lge Fichajes.<\/p>\n<p>    Vil du se neste video?<\/p>\n<p>    <a href=\"https:\/\/www.nettavisen.no\/nyheter\/stripper-pa-string-showbar-i-oslo-avslorer-slik-far-jeg-mest-tips-i-trusa\/v\/5-95-2772941\" class=\"recommend-poster\" data-adp-clicklabel=\"video-recommend\" data-adp-clickvalue=\"poster\" rel=\"nofollow noopener\" target=\"_blank\"><br \/>\n      <img decoding=\"async\" width=\"200\" height=\"200\" loading=\"lazy\" src=\"https:\/\/www.europesays.com\/no\/wp-content\/uploads\/2025\/12\/Stripper+til+cue.jpg\" alt=\"\" class=\"brick-c-cFOWSL\" style=\"--brick-image-ratio: 200 \/ 200;\"\/><\/p>\n<p>Stripper avsl\u00f8rer: \u2013 Slik f\u00e5r jeg mest tips i trusa1:46<\/p>\n<p>    <\/a><\/p>\n","protected":false},"excerpt":{"rendered":"Oscar Bobb kan v\u00e6re p\u00e5 flyttefot. If\u00f8lge Talksport f\u00f8lger b\u00e5de Fulham og Crystal Palace med p\u00e5 den norske&hellip;\n","protected":false},"author":2,"featured_media":122684,"comment_status":"","ping_status":"","sticky":false,"template":"","format":"standard","meta":{"footnotes":""},"categories":[59],"tags":[30,28,29,83,82],"class_list":{"0":"post-122683","1":"post","2":"type-post","3":"status-publish","4":"format-standard","5":"has-post-thumbnail","7":"category-sport","8":"tag-no","9":"tag-norge","10":"tag-norway","11":"tag-sport","12":"tag-sports"},"share_on_mastodon":{"url":"https:\/\/pubeurope.com\/@no\/115790815342566002","error":""},"_links":{"self":[{"href":"https:\/\/www.europesays.com\/no\/wp-json\/wp\/v2\/posts\/122683","targetHints":{"allow":["GET"]}}],"collection":[{"href":"https:\/\/www.europesays.com\/no\/wp-json\/wp\/v2\/posts"}],"about":[{"href":"https:\/\/www.europesays.com\/no\/wp-json\/wp\/v2\/types\/post"}],"author":[{"embeddable":true,"href":"https:\/\/www.europesays.com\/no\/wp-json\/wp\/v2\/users\/2"}],"replies":[{"embeddable":true,"href":"https:\/\/www.europesays.com\/no\/wp-json\/wp\/v2\/comments?post=122683"}],"version-history":[{"count":0,"href":"https:\/\/www.europesays.com\/no\/wp-json\/wp\/v2\/posts\/122683\/revisions"}],"wp:featuredmedia":[{"embeddable":true,"href":"https:\/\/www.europesays.com\/no\/wp-json\/wp\/v2\/media\/122684"}],"wp:attachment":[{"href":"https:\/\/www.europesays.com\/no\/wp-json\/wp\/v2\/media?parent=122683"}],"wp:term":[{"taxonomy":"category","embeddable":true,"href":"https:\/\/www.europesays.com\/no\/wp-json\/wp\/v2\/categories?post=122683"},{"taxonomy":"post_tag","embeddable":true,"href":"https:\/\/www.europesays.com\/no\/wp-json\/wp\/v2\/tags?post=122683"}],"curies":[{"name":"wp","href":"https:\/\/api.w.org\/{rel}","templated":true}]}}