{"id":122685,"date":"2025-12-27T09:31:20","date_gmt":"2025-12-27T09:31:20","guid":{"rendered":"https:\/\/www.europesays.com\/no\/122685\/"},"modified":"2025-12-27T09:31:20","modified_gmt":"2025-12-27T09:31:20","slug":"strombrudd-hemnes-beboere-er-stromlose-i-rana-og-hemnes-innstilte-ferjer-traer-sperrer-veier-og-tunneler","status":"publish","type":"post","link":"https:\/\/www.europesays.com\/no\/122685\/","title":{"rendered":"Str\u00f8mbrudd, Hemnes | Beboere er str\u00f8ml\u00f8se i Rana og Hemnes, innstilte ferjer, tr\u00e6r sperrer veier og tunneler"},"content":{"rendered":"\n<p>Flere tipser Rana Blad i morgentimene l\u00f8rdag 27. desember om at beboere er str\u00f8ml\u00f8se b\u00e5de i Rana og Hemnes og Nesna.<\/p>\n<p>   <img decoding=\"async\" width=\"1195\" height=\"630\" fetchpriority=\"low\"  loading=\"lazy\"  src=\"https:\/\/www.europesays.com\/no\/wp-content\/uploads\/2025\/12\/str%C3%B8ml%C3%B8seranabruk.jpg\" alt=\"\" class=\"brick-c-cFOWSL\" style=\"--brick-image-ratio: 1195 \/ 630;\"\/><\/p>\n<p>      Mange er uten str\u00f8m i Nordland &#8211; og p\u00e5 Helgeland. Blant annet i Rana.<br \/>\n      Foto: Skjermdump fra Lineas str\u00f8mbruddskart.\n    <\/p>\n<p>Tipsere melder om str\u00f8mbrudd i \u00c5ga\/Hauknes-omr\u00e5det i Rana, og det samme skal gjelde p\u00e5 andre siden av Ranfjorden, p\u00e5 B\u00e5smoen. Lineas str\u00f8mbrudd-kart viser at rundt 500 kunder er str\u00f8ml\u00f8se i Hemnes. Kartet viser ved 8:45-tiden at rundt 650 kunder er uten str\u00f8m. Vi f\u00e5r ogs\u00e5 inn tips om str\u00f8mbrudd i Nesna og andre steder p\u00e5 Helgeland, som S\u00f8r- og Nord-Sjona.<\/p>\n<p>Arvas kart over str\u00f8ml\u00f8se viser at over 4800 er ber\u00f8rte av p\u00e5g\u00e5ende str\u00f8mstans i Nordland.<\/p>\n<p>   <img decoding=\"async\" width=\"800\" height=\"600\" fetchpriority=\"low\"  loading=\"lazy\"  src=\"https:\/\/www.europesays.com\/no\/wp-content\/uploads\/2025\/12\/bolna+webkamera.jpg\" alt=\"\" class=\"brick-c-cFOWSL\" style=\"--brick-image-ratio: 800 \/ 600;\"\/><\/p>\n<p>      Bilde fra webkamera ved Bolna. Flere andre av Statens vegvesens webkameraer er ute av drift.<br \/>\n      Foto: Webkamera Statens vegvesen\n    <\/p>\n<p>Det er fortsatt heftig v\u00e6r som raser p\u00e5 Helgeland med sterk vind i takene. En garasje i Hemnes er tatt av vinden i natt og ligger over veien slik at deler av veibanen er sperret.<\/p>\n<p>  <a href=\"https:\/\/www.ranablad.no\/5-42-1537822\" class=\"related-teaser default-story-teaser article--c-eRUmMG article--c-eRUmMG-jKCPdD-design-default article--c-eRUmMG-kpKLOW-cv\" rel=\"nofollow noopener\" target=\"_blank\"><\/p>\n<p>\n            Les ogs\u00e5<\/p>\n<p>              Garasje tatt av vinden\n        <\/p>\n<p>  <\/a><\/p>\n<p>Linea har tidligere opplyst at de har satt beredskap f\u00f8r uv\u00e6ret.<\/p>\n<p>  <a href=\"https:\/\/www.ranablad.no\/5-42-1537598\" class=\"related-teaser default-story-teaser article--c-eRUmMG article--c-eRUmMG-jKCPdD-design-default article--c-eRUmMG-kpKLOW-cv\" rel=\"nofollow noopener\" target=\"_blank\"><\/p>\n<p>\n            Les ogs\u00e5<\/p>\n<p>              Linea setter beredskap f\u00f8r varslet uv\u00e6r\n        <\/p>\n<p>  <\/a><\/p>\n<p>Fly og b\u00e5ttrafikk er rammet og flere avganger er innstilte i Nordland. Wider\u00f8e opplyser at flyet fra Mo i Rana til Bod\u00f8 klokken 11:35 (WF 0764) er innstilt.<\/p>\n<p>Saltfjellet er stengt. Det er ogs\u00e5 Umbukta.<\/p>\n<p>Avganger p\u00e5 ferjestrekningene Nesna \u2013 Levang og Tr\u00e6na \u2013 Lovund er blant annet innstilte som f\u00f8lge av det d\u00e5rlige v\u00e6ret \u2013 og dette gjelder ogs\u00e5 andre ferjeavganger p\u00e5 Helgeland.<\/p>\n<p>Veier og tunneler er flere steder stengt grunnet busker og tr\u00e6r p\u00e5 veiene. Dette gjelder blant annet Fornestunnellen og Kal\u00e5sen i Rana, melder Statens vegvesen. Rana Blad har ogs\u00e5 f\u00e5tt tips om et tre over veien ved Kvastnesset utenfor Nesna som sperrer veien og framkommeligheten.<\/p>\n<p>Vi har ogs\u00e5 f\u00e5tt varsel om at enkelte sliter med nettforbindelsen i Rana.<\/p>\n<p>Linea har meldt at over 13 500 kunder er uten str\u00f8m og at de fors\u00f8ker \u00e5 h\u00e5ndterer som best de kan den omfattende uv\u00e6rssituasjonen p\u00e5 Helgeland<\/p>\n","protected":false},"excerpt":{"rendered":"Flere tipser Rana Blad i morgentimene l\u00f8rdag 27. desember om at beboere er str\u00f8ml\u00f8se b\u00e5de i Rana og&hellip;\n","protected":false},"author":2,"featured_media":122686,"comment_status":"","ping_status":"","sticky":false,"template":"","format":"standard","meta":{"footnotes":""},"categories":[5],"tags":[36,20,21,24,25,15,3413,19,22,23,17,18,1614,1781,13,30,28,29,14,16,1510,2245,26,27],"class_list":{"0":"post-122685","1":"post","2":"type-post","3":"status-publish","4":"format-standard","5":"has-post-thumbnail","7":"category-overskrifter","8":"tag-art","9":"tag-breaking-news","10":"tag-breakingnews","11":"tag-featured-news","12":"tag-featurednews","13":"tag-headlines","14":"tag-hemnes","15":"tag-hovedoppslag","16":"tag-latest-news","17":"tag-latestnews","18":"tag-main-news","19":"tag-mainnews","20":"tag-mo-i-rana","21":"tag-nesna","22":"tag-news","23":"tag-no","24":"tag-norge","25":"tag-norway","26":"tag-nyheter","27":"tag-overskrifter","28":"tag-story","29":"tag-strombrudd","30":"tag-top-stories","31":"tag-topstories"},"share_on_mastodon":{"url":"https:\/\/pubeurope.com\/@no\/115790838948787642","error":""},"_links":{"self":[{"href":"https:\/\/www.europesays.com\/no\/wp-json\/wp\/v2\/posts\/122685","targetHints":{"allow":["GET"]}}],"collection":[{"href":"https:\/\/www.europesays.com\/no\/wp-json\/wp\/v2\/posts"}],"about":[{"href":"https:\/\/www.europesays.com\/no\/wp-json\/wp\/v2\/types\/post"}],"author":[{"embeddable":true,"href":"https:\/\/www.europesays.com\/no\/wp-json\/wp\/v2\/users\/2"}],"replies":[{"embeddable":true,"href":"https:\/\/www.europesays.com\/no\/wp-json\/wp\/v2\/comments?post=122685"}],"version-history":[{"count":0,"href":"https:\/\/www.europesays.com\/no\/wp-json\/wp\/v2\/posts\/122685\/revisions"}],"wp:featuredmedia":[{"embeddable":true,"href":"https:\/\/www.europesays.com\/no\/wp-json\/wp\/v2\/media\/122686"}],"wp:attachment":[{"href":"https:\/\/www.europesays.com\/no\/wp-json\/wp\/v2\/media?parent=122685"}],"wp:term":[{"taxonomy":"category","embeddable":true,"href":"https:\/\/www.europesays.com\/no\/wp-json\/wp\/v2\/categories?post=122685"},{"taxonomy":"post_tag","embeddable":true,"href":"https:\/\/www.europesays.com\/no\/wp-json\/wp\/v2\/tags?post=122685"}],"curies":[{"name":"wp","href":"https:\/\/api.w.org\/{rel}","templated":true}]}}