{"id":122687,"date":"2025-12-27T09:32:11","date_gmt":"2025-12-27T09:32:11","guid":{"rendered":"https:\/\/www.europesays.com\/no\/122687\/"},"modified":"2025-12-27T09:32:11","modified_gmt":"2025-12-27T09:32:11","slug":"dette-mener-glimt-stjernene-har-vaert-det-beste-og-verste-i-2025-ekstremt-mange-hoydepunkt-avisa-nordland","status":"publish","type":"post","link":"https:\/\/www.europesays.com\/no\/122687\/","title":{"rendered":"Dette mener Glimt-stjernene har v\u00e6rt det beste og verste i 2025: &#8211; Ekstremt mange h\u00f8ydepunkt &#8211; Avisa Nordland"},"content":{"rendered":"<ol>\n<li><a href=\"https:\/\/news.google.com\/rss\/articles\/CBMivgFBVV95cUxQbUJFekZnZF9LQlYxa2tVa1gtazlQNGtxOGJhZDFVd0FwcnMzYy1OdFlsU3psLTFYeXJGNVdiWGpnTmFwY280N1ZLLVFPOVl1Y2N6OE5lSDRjeXZZSk96bjVRMl84bTJpNXctMjhtcWNWSHl2cnl4bi0xZklMaDJPVHBsbkRDRFg5dVRFSS1fMjhHRzk5ZW9sNWVZbUhPc1dfVkhRcGI1Z0pucUk3TG9NdENWaEpqa2V6QXNORFpR?oc=5\" target=\"_blank\" rel=\"nofollow noopener\">Dette mener Glimt-stjernene har v\u00e6rt det beste og verste i 2025: &#8211; Ekstremt mange h\u00f8ydepunkt<\/a>&nbsp;&nbsp;Avisa Nordland<\/li>\n<li><a href=\"https:\/\/news.google.com\/rss\/articles\/CBMickFVX3lxTE9BbmUyNUg3SEVzQ18yZGRieW0wSGJVOWtBSXRzaUUyTzVCWHZmVDZteENrdWFkQi10TmR6dGJvRGM4ajRTeG9CLXFIU194X05XNjhveEJMVlhUZWo2Y0ZhdGVUT0xfV0VnVlJTT0ZrRHFxUQ?oc=5\" target=\"_blank\" rel=\"nofollow noopener\">\u2013 Det ville v\u00e6rt vanskelig \u00e5 tro p\u00e5<\/a>&nbsp;&nbsp;Bod\u00f8\/Glimt<\/li>\n<li><a href=\"https:\/\/news.google.com\/rss\/articles\/CBMipgFBVV95cUxNVVptVmRYc0gxVFREczUyUThRM0xDWVRyeEFfOTdGQy1WdEEtTldDQjV4dGFIcEh3bVRXX3BEUG52TUJpZ05GQUQtSk5aLUh0djkxNTZHY3lMR3ZUVnZqNUhiekVpVjZEek5MQWhTeDRHeTljQmNDNUttLXQyV29ZYjNNQ1M3SmxyN0NUVlNPeGh0bTAybXppVXg1Si11MzZsd1Z0U2tB?oc=5\" target=\"_blank\" rel=\"nofollow noopener\">Glimt, Sport | Dette mener stjernene Glimt m\u00e5 bli bedre p\u00e5: \u2013 Det koster mer mot de beste<\/a>&nbsp;&nbsp;Avisa Nordland<\/li>\n<li><a href=\"https:\/\/news.google.com\/rss\/articles\/CBMimwFBVV95cUxNLXItZXN2a3lHZTBESzNwa1ZnYzQ5Q2FmRG5ILTE2QXpBd0l6YWZmTWtNWHhweDVTd1A5S1hHZ1dxODRNT0RaeG9pVmVjY2txVnMxZGZmUWcyZl9qU1ZyazI2c0JNcmRRNHJydXVJM29iU0VzSVdLU3NJMk8tbUVPTnY4RUlzYTdTWmR3eUxMZEV5OUxjQTdCMmRhWQ?oc=5\" target=\"_blank\" rel=\"nofollow noopener\">Glimt, Sport | \u00c5rets beste \u00f8yeblikk: \u2013 Glimt s\u00e5 d\u00f8de og begravet ut. S\u00e5 snudde alt<\/a>&nbsp;&nbsp;Avisa Nordland<\/li>\n<li><a href=\"https:\/\/news.google.com\/rss\/articles\/CBMiowFBVV95cUxObjE1MjNTeVhrZXd6Vl9jWi1xYlIwV2dablZyWkFjYkFwcDY5SUlHWWxfaGtwOHFWbXVRa1BMUnNrcVRFdk92VkhvcWJzVlc0MUFDXzQwb2ZoQ0E4N1BzNnBkVXB2cnFDQ2dNczVVVHJtUHVFTVNvSzRmX21TQW8xd1lLSERnV19IV3lYZUpMQXVQOEFyZ2V0TkY5WkwyQ09ZbzB3?oc=5\" target=\"_blank\" rel=\"nofollow noopener\">Glimt, Sport | Ekspertene er samstemte \u2013 disse tre har v\u00e6rt \u00e5rets beste Glimt-spillere<\/a>&nbsp;&nbsp;Avisa Nordland<\/li>\n<\/ol>\n","protected":false},"excerpt":{"rendered":"Dette mener Glimt-stjernene har v\u00e6rt det beste og verste i 2025: &#8211; Ekstremt mange h\u00f8ydepunkt&nbsp;&nbsp;Avisa Nordland \u2013 Det&hellip;\n","protected":false},"author":2,"featured_media":122688,"comment_status":"","ping_status":"","sticky":false,"template":"","format":"standard","meta":{"footnotes":""},"categories":[59],"tags":[30,28,29,83,82],"class_list":{"0":"post-122687","1":"post","2":"type-post","3":"status-publish","4":"format-standard","5":"has-post-thumbnail","7":"category-sport","8":"tag-no","9":"tag-norge","10":"tag-norway","11":"tag-sport","12":"tag-sports"},"share_on_mastodon":{"url":"https:\/\/pubeurope.com\/@no\/115790842635538823","error":""},"_links":{"self":[{"href":"https:\/\/www.europesays.com\/no\/wp-json\/wp\/v2\/posts\/122687","targetHints":{"allow":["GET"]}}],"collection":[{"href":"https:\/\/www.europesays.com\/no\/wp-json\/wp\/v2\/posts"}],"about":[{"href":"https:\/\/www.europesays.com\/no\/wp-json\/wp\/v2\/types\/post"}],"author":[{"embeddable":true,"href":"https:\/\/www.europesays.com\/no\/wp-json\/wp\/v2\/users\/2"}],"replies":[{"embeddable":true,"href":"https:\/\/www.europesays.com\/no\/wp-json\/wp\/v2\/comments?post=122687"}],"version-history":[{"count":0,"href":"https:\/\/www.europesays.com\/no\/wp-json\/wp\/v2\/posts\/122687\/revisions"}],"wp:featuredmedia":[{"embeddable":true,"href":"https:\/\/www.europesays.com\/no\/wp-json\/wp\/v2\/media\/122688"}],"wp:attachment":[{"href":"https:\/\/www.europesays.com\/no\/wp-json\/wp\/v2\/media?parent=122687"}],"wp:term":[{"taxonomy":"category","embeddable":true,"href":"https:\/\/www.europesays.com\/no\/wp-json\/wp\/v2\/categories?post=122687"},{"taxonomy":"post_tag","embeddable":true,"href":"https:\/\/www.europesays.com\/no\/wp-json\/wp\/v2\/tags?post=122687"}],"curies":[{"name":"wp","href":"https:\/\/api.w.org\/{rel}","templated":true}]}}