{"id":122689,"date":"2025-12-27T09:38:07","date_gmt":"2025-12-27T09:38:07","guid":{"rendered":"https:\/\/www.europesays.com\/no\/122689\/"},"modified":"2025-12-27T09:38:07","modified_gmt":"2025-12-27T09:38:07","slug":"ukrainas-hovudstad-utsett-for-kraftig-angrep-nrk-urix-utenriksnyheter-og-dokumentarer","status":"publish","type":"post","link":"https:\/\/www.europesays.com\/no\/122689\/","title":{"rendered":"Ukrainas hovudstad utsett for kraftig angrep \u2013 NRK Urix \u2013 Utenriksnyheter og -dokumentarer"},"content":{"rendered":"<p>Saka oppsummert:<\/p>\n<ul>\n<li>Kyiv er r\u00e5ka av eit kraftig russisk angrep<\/li>\n<li>Minst 19 personar er skadd<\/li>\n<li>Luftsirene er utl\u00f8yst i store delar av Ukraina<\/li>\n<li>Ukraina sin president Zelenskyj skal m\u00f8te Donald Trump i Florida for \u00e5 diskutere ein 20-punkts fredsplan som er 90 prosent ferdig<\/li>\n<\/ul>\n<p>Oppsummeringa er laga av ei KI-teneste fr\u00e5 OpenAI. Innhaldet er kvalitetssikra av NRK sine journalistar f\u00f8r publisering.<\/p>\n<p>Like f\u00f8r klokka eitt natt til laurdag norsk tid meldast det om kraftige eksplosjonar i Kyiv.<\/p>\n<p>Opplysningane blir bekrefta av ordf\u00f8rar Vitalij Klitsjko, som ber innbyggarane g\u00e5 i bomberomma.<\/p>\n<p>\u2013 Eksplosjonar i hovudstaden. Luftvernet er aktivert. G\u00e5 i dekning, skriv han p\u00e5 <a href=\"https:\/\/web.telegram.org\/a\/#-1001290660837\" ec-id=\"https:\/\/web.telegram.org\/a\/\" ec-name=\"Telegram\" rel=\"nofollow noopener\" target=\"_blank\">Telegram<\/a>.<\/p>\n<p><strong>Minst 28 personar er skadd. <\/strong><\/p>\n<p><img decoding=\"async\"   src=\"data:image\/gif;base64,R0lGODlhAQABAIAAAAAAAP\/\/\/yH5BAEAAAAALAAAAAABAAEAAAIBRAA7\" loading=\"eager\" alt=\"Bildet viser en \u00f8delagt bilpark med flere brente kj\u00f8ret\u00f8y. I forgrunnen er to biler, hvorav en delvis dekket med et lerret. Det er r\u00f8yk som stiger opp fra en av bilene, og det ligger et brannslukningsapparat synlig p\u00e5 bakken. Omgivelsene er preget av et gr\u00e5tt og vinterlig landskap med nakne tr\u00e6r og en steinmur i bakgrunnen. (Bildebeskrivelsen er laget av en KI-tjeneste)\" title=\"Foto: STATE EMERGENCY SERVICE OF UKRAINE \/ Reuters \/ NTB\"\/><\/p>\n<p class=\"\">Eksplosjonane har leia til brann fleire stadar i byen. <\/p>\n<p>Foto: STATE EMERGENCY SERVICE OF UKRAINE \/ Reuters \/ NTB<\/p>\n<p>Ogs\u00e5 NRK sin korrespondent i Kyiv melder om eit kraftig angrep. Han opplyser at angrepet verkar \u00e5 vere retta med fleire av fjernvarmeanlegga i byen.<\/p>\n<p><strong>Guvern\u00f8ren i Kyiv-regionen, Mykola Kalashnyk, seier at 320.000 forbrukarar er utan straum laurdag morgon.<\/strong><\/p>\n<p>Samstundes er det oppretta beredskapspunkt der innbyggjarane kan f\u00e5 straum, varme, vatn og lade telefonane sine.<\/p>\n<p>Det ukrainske forsvaret melder at Russland har fyrt av b\u00e5de kryssarmissil og ballistiske missil.<\/p>\n<p>Luftsirene er utl\u00f8yst i store delar av Ukraina.<\/p>\n<p>F\u00f8lg utviklinga i Ukraina her:<\/p>\n<p>Leter etter person i ruinar<\/p>\n<p>Laurdag morgon melder president Volodymyr Zelenskyj at angrepet framleis held p\u00e5.<\/p>\n<p>Regionen er s\u00e5 langt ramma av nesten 500 dronar og 40 rakettar. Hovudm\u00e5let har vore Kyiv, med energisektoren og sivil infrastruktur som m\u00e5l, skriv Zelenskyj p\u00e5 Telegram.<\/p>\n<p><img decoding=\"async\"   src=\"data:image\/gif;base64,R0lGODlhAQABAIAAAAAAAP\/\/\/yH5BAEAAAAALAAAAAABAAEAAAIBRAA7\" loading=\"eager\" alt=\"N\u00f8detater slukker brann etter russiske angrep mot en bygning i Kyiv. \" title=\"Foto: Det ukrainske innenriksdepartementet \/ Ukraina\"\/><\/p>\n<p class=\"\">N\u00f8detatar arbeider laurdag morgon med \u00e5 sl\u00f8kke brannar etter nattas angrep. <\/p>\n<p>Foto: Det ukrainske innenriksdepartementet \/ Ukraina<\/p>\n<p><strong>Redningsmannskap leitar etter ein person i ruinane av eitt av bygga som er r\u00e5ka.<\/strong><\/p>\n<p>Polen har sendt jagarfly p\u00e5 vingane og stengt flyplassar etter dei russiske angrepa, melder Reuters. \u00c5rsaka skal vere at russiske fly flaug n\u00e6r det polske luftrommet.<\/p>\n<p>Zelenskyj til USA<\/p>\n<p>Zelenskyj skriv vidare at angrepa viser at Russland ikkje \u00f8nskjer \u00e5 avslutte krigen.<\/p>\n<p>\u2013 N\u00e5r Russland gjer sj\u00f8lv jule- og nytt\u00e5rstida til ein periode prega av \u00f8ydelagde heimar, nedbrende leilegheiter og \u00f8ydelagde kraftverk, kan dette berre m\u00f8tast med verkeleg sterke tiltak, skriv han.<\/p>\n<p>USA og Europa har moglegheit til \u00e5 gjere nettopp det, og det er avgjerande at dei gjer det, skriv presidenten.<\/p>\n<p>Fredag morgon melde president Volodymyr Zelenskyj at han skal m\u00f8te USAs president Donald Trump i Florida s\u00f8ndag.<\/p>\n<p><img decoding=\"async\"   src=\"data:image\/gif;base64,R0lGODlhAQABAIAAAAAAAP\/\/\/yH5BAEAAAAALAAAAAABAAEAAAIBRAA7\" loading=\"eager\" alt=\"Bilde viser to menn som st\u00e5r foran en inngang. Den ene er if\u00f8rt en dress med rosa slips, mens den andre har p\u00e5 seg en svart jakke. I forkant av dem er et amerikansk flagg synlig. I bakgrunnen er det en vifteformet flagg som ser ut til \u00e5 v\u00e6re ukrainsk. (Bildebeskrivelsen er laget av en KI-tjeneste)\" title=\"Foto: TOM BRENNER \/ AFP \/ NTB\"\/><\/p>\n<p class=\"\">USA sin president Donald Trump og Ukraina sin president Volodymyr Zelenskyj under eit m\u00f8te i Det kvite hus i oktober.<\/p>\n<p>Foto: TOM BRENNER \/ AFP \/ NTB<\/p>\n<p>Han understrekar at Ukraina ikkje vil trappe ned den diplomatiske innsatsen, men at diplomati ikkje fungerer utan tryggleik, og at dette blir eit sentralt tema i samtalen med Trump.<\/p>\n<p>If\u00f8lgje Zelenskyj er ein 20-punkts fredsplan 90 prosent ferdig.<\/p>\n<p>Torsdag snakka Zelenskyj med dei amerikanske utsendingane Steve Witkoff og Jared Kushner.<\/p>\n<p>Zelenskyj uttalte at samtalane var \u00abveldig gode\u00bb, og at fokuset er \u00e5 f\u00e5 slutt p\u00e5 den \u00abbrutale russiske krigen\u00bb.<\/p>\n<p>Interessert i det som skjer i verda? F\u00f8lg utanriksredaksjonen sin podkast her: <\/p>\n<p>Publisert<\/p>\n<p>27.12.2025, kl. 01.27<\/p>\n<p>Oppdatert<\/p>\n<p>27.12.2025, kl. 10.19<\/p>\n","protected":false},"excerpt":{"rendered":"Saka oppsummert: Kyiv er r\u00e5ka av eit kraftig russisk angrep Minst 19 personar er skadd Luftsirene er utl\u00f8yst&hellip;\n","protected":false},"author":2,"featured_media":122690,"comment_status":"","ping_status":"","sticky":false,"template":"","format":"standard","meta":{"footnotes":""},"categories":[5],"tags":[20,21,24,25,15,19,22,23,17,18,13,30,28,29,14,16,26,27],"class_list":{"0":"post-122689","1":"post","2":"type-post","3":"status-publish","4":"format-standard","5":"has-post-thumbnail","7":"category-overskrifter","8":"tag-breaking-news","9":"tag-breakingnews","10":"tag-featured-news","11":"tag-featurednews","12":"tag-headlines","13":"tag-hovedoppslag","14":"tag-latest-news","15":"tag-latestnews","16":"tag-main-news","17":"tag-mainnews","18":"tag-news","19":"tag-no","20":"tag-norge","21":"tag-norway","22":"tag-nyheter","23":"tag-overskrifter","24":"tag-top-stories","25":"tag-topstories"},"share_on_mastodon":{"url":"https:\/\/pubeurope.com\/@no\/115790866229755964","error":""},"_links":{"self":[{"href":"https:\/\/www.europesays.com\/no\/wp-json\/wp\/v2\/posts\/122689","targetHints":{"allow":["GET"]}}],"collection":[{"href":"https:\/\/www.europesays.com\/no\/wp-json\/wp\/v2\/posts"}],"about":[{"href":"https:\/\/www.europesays.com\/no\/wp-json\/wp\/v2\/types\/post"}],"author":[{"embeddable":true,"href":"https:\/\/www.europesays.com\/no\/wp-json\/wp\/v2\/users\/2"}],"replies":[{"embeddable":true,"href":"https:\/\/www.europesays.com\/no\/wp-json\/wp\/v2\/comments?post=122689"}],"version-history":[{"count":0,"href":"https:\/\/www.europesays.com\/no\/wp-json\/wp\/v2\/posts\/122689\/revisions"}],"wp:featuredmedia":[{"embeddable":true,"href":"https:\/\/www.europesays.com\/no\/wp-json\/wp\/v2\/media\/122690"}],"wp:attachment":[{"href":"https:\/\/www.europesays.com\/no\/wp-json\/wp\/v2\/media?parent=122689"}],"wp:term":[{"taxonomy":"category","embeddable":true,"href":"https:\/\/www.europesays.com\/no\/wp-json\/wp\/v2\/categories?post=122689"},{"taxonomy":"post_tag","embeddable":true,"href":"https:\/\/www.europesays.com\/no\/wp-json\/wp\/v2\/tags?post=122689"}],"curies":[{"name":"wp","href":"https:\/\/api.w.org\/{rel}","templated":true}]}}