{"id":12269,"date":"2025-08-19T13:39:09","date_gmt":"2025-08-19T13:39:09","guid":{"rendered":"https:\/\/www.europesays.com\/no\/12269\/"},"modified":"2025-08-19T13:39:09","modified_gmt":"2025-08-19T13:39:09","slug":"tromso-historie-hva-i-alle-dager-skal-vi-med-dette-800-ar-gamle-rukkelet","status":"publish","type":"post","link":"https:\/\/www.europesays.com\/no\/12269\/","title":{"rendered":"Troms\u00f8, Historie | Hva i alle dager skal vi med dette 800 \u00e5r gamle rukkelet?"},"content":{"rendered":"\n<p>Tusen, tusen takk til Stein-Gunnar Bondevik for hans innsiktsfulle og kloke <a href=\"https:\/\/www.itromso.no\/meninger\/i\/VzExg1\/riv-skiten\" rel=\"Follow nofollow noopener\" target=\"_blank\">artikkel i avisa iTroms\u00f8 9. august<\/a>.<\/p>\n<p>Her skriver han blant annet: \u00abHar vi ikke en plikt til \u00e5 bevare det v\u00e5re forferde sleit med \u00e5 skape? Hvordan kan vi si \u00abriv skiten\u00bb til et bygg, som har kostet blod og t\u00e5rer, som har tatt \u00e5revis \u00e5 fremstille, et livsverk? Noen har hogd t\u00f8mmer, kappet, t\u00f8rket og tilvirket det med en kompetanse og et handlag vi moderne mennesker bare kan dr\u00f8mme om. Riv skiten?\u00bb<\/p>\n<p><b>Jeg er dessverre redd<\/b> for at du taler for d\u00f8ve \u00f8rer, Bondevik, da jeg tror altfor mange fortsatt vil svare et klart og tydelig nei p\u00e5 dine sp\u00f8rsm\u00e5l.<\/p>\n<p>For meg fremst\u00e5r det som et stort paradoks at vi, som i dag er h\u00f8yt utdannet, og som lever og bor i et sivilisert samfunn, enn\u00e5 ikke har forst\u00e5tt hvor viktig det er at vi som samfunn ivaretar og hegner om v\u00e5r historie, v\u00e5r kulturarv. Det er for meg et stort paradoks at man i Norge i 2025 fortsatt trenger enkeltpersoner og foreninger som m\u00e5 argumentere og sl\u00e5ss for viktigheten av ivaretakelsen av v\u00e5r kulturarv.<\/p>\n<p><b>Jeg bare minner om <\/b>at det er 400 \u00e5r siden opplysningstida kom til Europa og Norge. Eller kanskje n\u00e5dde den aldri ikke helt opp til landet under iskanten?<\/p>\n<p>N\u00e5r s\u00e5 vi for eksempel sist at ivaretakelse av v\u00e5r kulturhistorie stod \u00f8verst p\u00e5 lista til v\u00e5re politiske partier, under en lokal valgkamp, eller ved et stortingsvalg? Jeg skal ikke si aldri, men s\u00e5 lenge jeg har hatt stemmerett, i snart 60 \u00e5r, s\u00e5 kan jeg ganske s\u00e5 trygt si aldri, selv om husken ikke er, som den en gang var. Det har for s\u00e5 vidt ikke manglet p\u00e5 lokalt engasjement hva ang\u00e5r bygningsvern, men da snakker vi om noen utrettelige ildsjeler, som i l\u00f8pet av de siste 100 \u00e5rene har pr\u00f8vd \u00e5 f\u00e5 denne type saker p\u00e5 dagsordenen, men dessverre s\u00e5 langt, s\u00e5 \u00e5 si uten \u00e5 lykkes.<\/p>\n<p>La meg derfor bare kort minne om noen f\u00e5 av byens historiske bygg, som har blitt jevnet med jorden, i l\u00f8pet av de siste hundre \u00e5rene:<\/p>\n<ul>\n<li>Den utrolig flotte villaen til hvalfanger Morten Ingebrigtsen i Bankgata 11, oppf\u00f8rt i 1900, revet i 1966.<\/li>\n<li>Den storslagne pikeskolen p\u00e5 Gyldenborg, oppf\u00f8rt i \u00e5r 1900, revet i 1978.<\/li>\n<li>Det vakre bygget i Bispegata 3, lenge benevnt som Buresundg\u00e5rden, oppf\u00f8rt i 1838, revet i 1966.<\/li>\n<li>Troms\u00f8 Bad, oppf\u00f8rt i Bankgata 11 i 1893, revet i 1966.<\/li>\n<li>Det fantastiske Troms\u00f8 Skipsverft, etablert i 1852, revet i 2018. Byens st\u00f8rste, eldste, stolteste og lengstvarende industriarbeidsplass.<\/li>\n<li>Kjeldseths Trykkeri, etablert ca. \u00e5r 1864, adresse bakg\u00e5rden til Skippergata 19, som ble revet bare for noen f\u00e5 \u00e5r siden. Hva som skjedde der? Jo, her fikk nobelprisvinner Knut Hamsun utgitt sin f\u00f8rste bok. Bakg\u00e5rden ble for \u00f8vrig oppf\u00f8rt ca. \u00e5r 1835.<\/li>\n<li>Den ikoniske \u00abR\u00f8d-skolen\u00bb i Tromsdalen, oppf\u00f8rt i 1710, og revet i 1975. Bygget var da byens desidert eldste bygning. Ble oppf\u00f8rt som bolighus for prost Audunsen.<\/li>\n<\/ul>\n<p>  <img width=\"1280\" height=\"909\" fetchpriority=\"low\"  loading=\"lazy\"  alt=\"33344077441_83147aeb9f_o.jpg\" class=\"brick-c-cFOWSL\" style=\"--brick-image-ratio: 1280 \/ 909;\"\/><\/p>\n<p>\n          Ukjent\/Rognmosamlingen\/Perspektivet Museum\n      <\/p>\n<p>  <img width=\"1280\" height=\"765\" fetchpriority=\"low\"  loading=\"lazy\"  alt=\"8119194150_bdf38d686a_o.jpg\" class=\"brick-c-cFOWSL\" style=\"--brick-image-ratio: 1280 \/ 765;\"\/><\/p>\n<p>\n          Ukjent\/Aagaard-familiens fotoalbum\/Perspektivet Museum\n      <\/p>\n<p>  <img width=\"1280\" height=\"917\" fetchpriority=\"low\"  loading=\"lazy\"  alt=\"7878829444_ff5536db75_o.jpg\" class=\"brick-c-cFOWSL\" style=\"--brick-image-ratio: 1280 \/ 917;\"\/><\/p>\n<p>\n          Vilhjelm Riksheim\/ Perspektivet Museum\n      <\/p>\n<p>  <img width=\"1280\" height=\"864\" fetchpriority=\"low\"  loading=\"lazy\"  alt=\"7093072683_bc1ca4870f_o.jpg\" class=\"brick-c-cFOWSL\" style=\"--brick-image-ratio: 1280 \/ 864;\"\/><\/p>\n<p>\n          Vilhjelm Riksheim\/ Perspektivet Museum\n      <\/p>\n<p>  <img width=\"1280\" height=\"474\" fetchpriority=\"low\"  loading=\"lazy\"  alt=\"8691933883_8de83414a0_o.jpg\" class=\"brick-c-cFOWSL\" style=\"--brick-image-ratio: 1280 \/ 474;\"\/><\/p>\n<p>\n          H\u00e5kon Mathisen (rundt 1930)\/Perspektivet Museum\n      <\/p>\n<p class=\"content-text article--c-hIKHtp\">REVET I 1966: Den utrolig flotte villaen til hvalfanger Morten Ingebrigtsen i Bankgata 11, oppf\u00f8rt i 1900.<\/p>\n<p class=\"content-text article--c-hIKHtp\">REVET I 1978:\u00a0Den storslagne pikeskolen p\u00e5 Gyldenborg, oppf\u00f8rt i \u00e5r 1900, revet i 1978.<\/p>\n<p class=\"content-text article--c-hIKHtp\">REVET I 1966: Det vakre bygget i Bispegata 3, lenge benevnt som Buresundg\u00e5rden.<\/p>\n<p class=\"content-text article--c-hIKHtp\">REVET I 1966: Troms\u00f8 Bad, oppf\u00f8rt i Bankgata 11 i 1893.<\/p>\n<p class=\"content-text article--c-hIKHtp\">REVET I 2018: Det fantastiske Troms\u00f8 Skipsverft, etablert i 1852. Byens st\u00f8rste, eldste, stolteste og lengstvarende industriarbeidsplass.<\/p>\n<p>I sin utmerkede artikkel skriver Bondevik blant annet f\u00f8lgende: \u00abJeg var i Dalarna, i Sverige i sommer, p\u00e5 Soller\u00f8, der startet de allerede i 1915 et arbeid med sin \u00abgammelstad\u00bb, med ivaretakelse av hus med historisk verdi. I 1915, alts\u00e5. Hundre \u00e5r senere river vi fortsatt skiten\u00bb.<\/p>\n<p><b>Selv om b\u00e5de kommunen<\/b> og mange av byens g\u00e5rdeiere opp gjennom \u00e5rene har utvist stor kreativitet i sitt arbeid med \u00e5 f\u00e5 fjernet v\u00e5r gamle, historiske bebyggelse, ja, s\u00e5 gjenst\u00e5r det dessverre enda altfor mange gamle, stygge og umoderne bygg, som for lenge siden burde v\u00e6rt jevnet med jorda. La meg kort nevne noen sv\u00e6rt s\u00e5 n\u00e6rliggende eksempler:<\/p>\n<ul>\n<li>Riv domkirka, gammel og umoderne s\u00e5 det holder. Tenk for en galskap det er at denne kremtomta skal b\u00e5ndlegges av en gammel kirke og en \u00abpark\u00bb, ja. til og med en kirke og \u00abpark\u00bb som knapt nok benyttes. Kall det gjerne en skandale! Nei, riv skiten, og f\u00f8r opp et stort, moderne, prangende bygg i st\u00e5l, glass og betong, helst s\u00e5 firkantet og h\u00f8yt som mulig, som kan benyttes til hotell, kontorer og kj\u00f8pesenter.<\/li>\n<li>Riv for all del den gamle r\u00e5dstua og musikk paviljongen, som i dag st\u00e5r som to \u00f8deleggende og sv\u00e6rt s\u00e5 malplasserte bygg ved siden av det hypermoderne og vakre r\u00e5dhuset. Her trenger vi ny og helhetlig bebyggelse.<\/li>\n<li>Riv den katolske kirka, som p\u00e5 grotesk vis bryter totalt med den moderne, urbane arkitekturen, representert ved det super-coole Veita- senteret. Snakk om \u00e5 st\u00e5 i veien. Bygg nytt!<\/li>\n<li>Riv hele den gamle, r\u00f8nneaktige bebyggelsen mellom Storgata 44 og 112. Snakk om upraktiske og umoderne bygninger! Dette er virkelig en husrekke byen ikke lengre kan v\u00e6re bekjent av, da den bare minner oss om hvordan fattig- Troms\u00f8 m\u00e5tte bygge for godt over 100 \u00e5r siden. Tenk for et urbant eldorado Troms\u00f8 kunne f\u00e5tt i sin midte, ved at denne husrekka ble revet, dog ikke hele, da de tre estetisk vakre og stilrene byggene med adresse Storgata 44, 50 og 94, selvsagt m\u00e5 f\u00e5 st\u00e5.<\/li>\n<li>Og sist, men ikke minst: Riv hele det kvartalet i Nordbyen, som noe tomsinger har begynt \u00e5 kalle for \u00abGamlebyen\u00bb, n\u00e6rmere bestemt, hele omr\u00e5det rundt Skansen festning. Ved \u00e5 rive hele denne bebyggelsen, inklusive de tre utrolig stygge bryggene, vil Troms\u00f8 endelig kunne f\u00e5 sitt lenge etterlengtede \u00abMini-Manhattan\u00bb. Wow!<\/li>\n<\/ul>\n<p>Ellers er det er jo helt utrolig at den stygge grushaugen, som ligger i dette omr\u00e5det, og som noen ynder \u00e5 kalle en \u00abfestning\u00bb, ikke har blitt jevnet med jorda for lenge siden. Hva i alle dager skal vi med dette 800 \u00e5r gamle rukkelet?<\/p>\n<p>  <a href=\"https:\/\/www.nordnorskdebatt.no\/5-124-374460\" class=\"related-teaser has-image default-opinion-teaser article--c-eRUmMG article--c-eRUmMG-jKCPdD-design-default\" rel=\"nofollow noopener\" target=\"_blank\"><\/p>\n<p>    <img decoding=\"async\" loading=\"lazy\"  src=\"https:\/\/www.europesays.com\/no\/wp-content\/uploads\/2025\/08\/hest+troms%C3%B8.jpeg\" alt=\"\" class=\"brick-c-cFOWSL\" style=\"\"\/><\/p>\n<p>\n            Les ogs\u00e5<\/p>\n<p>              Dyriske nyheter fra gamle dager\n        <\/p>\n<p>  <\/a><\/p>\n<p><b>Husker forresten<\/b> at kommunen bidro s\u00e5 godt de kunne til denne strategien for bare noen f\u00e5 \u00e5r siden, da de snedig nok lot sn\u00f8plogen \u00abspise\u00bb gradvis mer og mer av grushaugen. Ja, det vil si, helt til noen mugne museumsvoktere kom p\u00e5 banen, og beskrev handlinga som rein vandalisme, og det som verre var.<\/p>\n<p>Men det var den gang da, n\u00e5 er det p\u00e5 tide med handling!<\/p>\n<p>Grushaugen er med andre ord overmoden for riving\/fjerning, da den ligger veldig i veien for en storstilt, super-urban, og h\u00f8yst etterlengtet utbygging av dette nitriste omr\u00e5det. Troms\u00f8: V\u00e5kne opp!<\/p>\n<p>La meg avslutningsvis gjengi noen av Bondeviks kloke ord: \u00abDet er mange grunner til at sentraleuropeerne kan vandre rundt i tusen \u00e5r gammel kulturhistorie, i sine vakre byer. Vi nordboere hadde andre k\u00e5r, og andre materialer. Mye, eller det eneste, har g\u00e5tt galt i forvaltninga av v\u00e5r bygningsmasse opp gjennom \u00e5rene, men la oss i det minste forplikte oss til \u00e5 ta vare p\u00e5 den lille vi har igjen. Reparer skiten!\u00bb<\/p>\n<p><b>S\u00e5 f\u00e5r vi bare h\u00e5pe<\/b> p\u00e5 at ordene dine n\u00e5r inn til byens politikere og g\u00e5rdeiere. Nok en gang: Tusen takk for kloke ord!<\/p>\n<p>  <a href=\"https:\/\/www.nordnorskdebatt.no\/5-124-364370\" class=\"related-teaser has-image default-opinion-teaser article--c-eRUmMG article--c-eRUmMG-jKCPdD-design-default\" rel=\"nofollow noopener\" target=\"_blank\"><\/p>\n<p>    <img decoding=\"async\" loading=\"lazy\"  src=\"https:\/\/www.europesays.com\/no\/wp-content\/uploads\/2025\/08\/Gamleby+2011.jpg\" alt=\"\" class=\"brick-c-cFOWSL\" style=\"\"\/><\/p>\n<p>\n            Les ogs\u00e5<\/p>\n<p>              Troms\u00f8s ambisjoner, eller mangelen p\u00e5 s\u00e5danne\n        <\/p>\n<p>  <\/a><\/p>\n","protected":false},"excerpt":{"rendered":"Tusen, tusen takk til Stein-Gunnar Bondevik for hans innsiktsfulle og kloke artikkel i avisa iTroms\u00f8 9. august. Her&hellip;\n","protected":false},"author":2,"featured_media":12270,"comment_status":"","ping_status":"","sticky":false,"template":"","format":"standard","meta":{"footnotes":""},"categories":[10],"tags":[2443,36,20,21,2445,24,25,2444,15,2442,22,23,13,30,28,29,14,1533,16,26,27,263],"class_list":{"0":"post-12269","1":"post","2":"type-post","3":"status-publish","4":"format-standard","5":"has-post-thumbnail","7":"category-norge","8":"tag-arkitektur","9":"tag-art","10":"tag-breaking-news","11":"tag-breakingnews","12":"tag-byhistorie","13":"tag-featured-news","14":"tag-featurednews","15":"tag-gamle-bygg","16":"tag-headlines","17":"tag-historie","18":"tag-latest-news","19":"tag-latestnews","20":"tag-news","21":"tag-no","22":"tag-norge","23":"tag-norway","24":"tag-nyheter","25":"tag-opinion","26":"tag-overskrifter","27":"tag-top-stories","28":"tag-topstories","29":"tag-tromso"},"share_on_mastodon":{"url":"","error":""},"_links":{"self":[{"href":"https:\/\/www.europesays.com\/no\/wp-json\/wp\/v2\/posts\/12269","targetHints":{"allow":["GET"]}}],"collection":[{"href":"https:\/\/www.europesays.com\/no\/wp-json\/wp\/v2\/posts"}],"about":[{"href":"https:\/\/www.europesays.com\/no\/wp-json\/wp\/v2\/types\/post"}],"author":[{"embeddable":true,"href":"https:\/\/www.europesays.com\/no\/wp-json\/wp\/v2\/users\/2"}],"replies":[{"embeddable":true,"href":"https:\/\/www.europesays.com\/no\/wp-json\/wp\/v2\/comments?post=12269"}],"version-history":[{"count":0,"href":"https:\/\/www.europesays.com\/no\/wp-json\/wp\/v2\/posts\/12269\/revisions"}],"wp:featuredmedia":[{"embeddable":true,"href":"https:\/\/www.europesays.com\/no\/wp-json\/wp\/v2\/media\/12270"}],"wp:attachment":[{"href":"https:\/\/www.europesays.com\/no\/wp-json\/wp\/v2\/media?parent=12269"}],"wp:term":[{"taxonomy":"category","embeddable":true,"href":"https:\/\/www.europesays.com\/no\/wp-json\/wp\/v2\/categories?post=12269"},{"taxonomy":"post_tag","embeddable":true,"href":"https:\/\/www.europesays.com\/no\/wp-json\/wp\/v2\/tags?post=12269"}],"curies":[{"name":"wp","href":"https:\/\/api.w.org\/{rel}","templated":true}]}}