{"id":122697,"date":"2025-12-27T09:58:15","date_gmt":"2025-12-27T09:58:15","guid":{"rendered":"https:\/\/www.europesays.com\/no\/122697\/"},"modified":"2025-12-27T09:58:15","modified_gmt":"2025-12-27T09:58:15","slug":"nyheter-strom-over-2-000-uten-strom","status":"publish","type":"post","link":"https:\/\/www.europesays.com\/no\/122697\/","title":{"rendered":"Nyheter, Str\u00f8m | Over 2.000 uten str\u00f8m"},"content":{"rendered":"\n<p>Det bl\u00e5ser kraftig i hele dalen tredje juledag, og over 2.000 str\u00f8mkunder var p\u00e5 et tidspunkt str\u00f8ml\u00f8se.<\/p>\n<p>Det viser str\u00f8mbruddskartene til Elvia, Vevig og Fjellnett.<\/p>\n<p>Flest str\u00f8ml\u00f8se er det i Fron, hvor s\u00e5 mange som 1.529 kunder var uten str\u00f8m. Store deler av Nord-Fron kommune er rammet av str\u00f8mbruddet.<\/p>\n<p>\u2013 \u00c5rsaken er sannsynligvis vinden. Feils\u00f8king p\u00e5g\u00e5r, skriver daglig leder i Vevig, Kristian Bleken, i en sms til GD.<\/p>\n<p>B\u00e5de Kvam, Vinstra, Kvikne, Sk\u00e5bu og Espedalen er rammet. <\/p>\n<p><b>Rundt klokka 10.00 har omtrent halvparten f\u00e5tt tilbake str\u00f8mmen i Nord-Fron, men det over 1200 kunder er uten str\u00f8m i Ringebu, melder Vevig om p\u00e5 sine sider. Totalt 1778 str\u00f8mkunder hos Vevig er str\u00f8ml\u00f8se klokka 10.<\/b><\/p>\n<p>I Heidal er 299 str\u00f8mkunder ber\u00f8rt av str\u00f8mbruddet. Bruddet rammer if\u00f8lge avbruddskartet hos Fjellnett fra litt ovenfor Heidal sentrum og forbi Leirflaten.<\/p>\n<p>Lenger s\u00f8r i dalen er kun fem kunder uten str\u00f8m l\u00f8rdag morgen p\u00e5 F\u00e5berg.<\/p>\n<p>\u2013 Str\u00f8mbruddet er kjent. Personell jobber med \u00e5 lokalisere og rette feilen, skriver Elvia p\u00e5 sine nettsider.<\/p>\n","protected":false},"excerpt":{"rendered":"Det bl\u00e5ser kraftig i hele dalen tredje juledag, og over 2.000 str\u00f8mkunder var p\u00e5 et tidspunkt str\u00f8ml\u00f8se. Det&hellip;\n","protected":false},"author":2,"featured_media":122698,"comment_status":"","ping_status":"","sticky":false,"template":"","format":"standard","meta":{"footnotes":""},"categories":[10],"tags":[36,20,21,6282,24,25,14552,15,22,23,1427,13,30,1159,28,29,14,16,1430,1160,1510,243,2245,26,27,14551],"class_list":{"0":"post-122697","1":"post","2":"type-post","3":"status-publish","4":"format-standard","5":"has-post-thumbnail","7":"category-norge","8":"tag-art","9":"tag-breaking-news","10":"tag-breakingnews","11":"tag-elvia","12":"tag-featured-news","13":"tag-featurednews","14":"tag-fjellnett-as","15":"tag-headlines","16":"tag-latest-news","17":"tag-latestnews","18":"tag-lillehammer","19":"tag-news","20":"tag-no","21":"tag-nord-fron","22":"tag-norge","23":"tag-norway","24":"tag-nyheter","25":"tag-overskrifter","26":"tag-sel","27":"tag-sor-fron","28":"tag-story","29":"tag-strom","30":"tag-strombrudd","31":"tag-top-stories","32":"tag-topstories","33":"tag-vevig-as"},"share_on_mastodon":{"url":"https:\/\/pubeurope.com\/@no\/115790945064966210","error":""},"_links":{"self":[{"href":"https:\/\/www.europesays.com\/no\/wp-json\/wp\/v2\/posts\/122697","targetHints":{"allow":["GET"]}}],"collection":[{"href":"https:\/\/www.europesays.com\/no\/wp-json\/wp\/v2\/posts"}],"about":[{"href":"https:\/\/www.europesays.com\/no\/wp-json\/wp\/v2\/types\/post"}],"author":[{"embeddable":true,"href":"https:\/\/www.europesays.com\/no\/wp-json\/wp\/v2\/users\/2"}],"replies":[{"embeddable":true,"href":"https:\/\/www.europesays.com\/no\/wp-json\/wp\/v2\/comments?post=122697"}],"version-history":[{"count":0,"href":"https:\/\/www.europesays.com\/no\/wp-json\/wp\/v2\/posts\/122697\/revisions"}],"wp:featuredmedia":[{"embeddable":true,"href":"https:\/\/www.europesays.com\/no\/wp-json\/wp\/v2\/media\/122698"}],"wp:attachment":[{"href":"https:\/\/www.europesays.com\/no\/wp-json\/wp\/v2\/media?parent=122697"}],"wp:term":[{"taxonomy":"category","embeddable":true,"href":"https:\/\/www.europesays.com\/no\/wp-json\/wp\/v2\/categories?post=122697"},{"taxonomy":"post_tag","embeddable":true,"href":"https:\/\/www.europesays.com\/no\/wp-json\/wp\/v2\/tags?post=122697"}],"curies":[{"name":"wp","href":"https:\/\/api.w.org\/{rel}","templated":true}]}}