{"id":122699,"date":"2025-12-27T09:59:22","date_gmt":"2025-12-27T09:59:22","guid":{"rendered":"https:\/\/www.europesays.com\/no\/122699\/"},"modified":"2025-12-27T09:59:22","modified_gmt":"2025-12-27T09:59:22","slug":"fullstendig-kaos-1500-fly-kansellert","status":"publish","type":"post","link":"https:\/\/www.europesays.com\/no\/122699\/","title":{"rendered":"Fullstendig kaos: 1500 fly kansellert"},"content":{"rendered":"<p class=\"kicker bg-cyan color_mobile_bg-cyan hasTextPadding mobile-hasTextPadding\" style=\"\">Reise<\/p>\n<p>  Tusenvis av passasjerer sitter fast p\u00e5 flyplasser p\u00e5 \u00f8stkysten av USA.<\/p>\n<p>\n    TR\u00d8BBEL: Folk som skal reise med fly fra det nord\u00f8stlige USA m\u00e5 sm\u00f8re seg med t\u00e5lmodighet. Foto: Flightradar24\/skjedmdump\n  <\/p>\n<p>  <a id=\"topic-banner-link\" href=\"#\" target=\"_blank\" rel=\"noopener noreferrer\"><br \/>\n    <img decoding=\"async\" id=\"topic-banner-image\" src=\"\" alt=\"\" style=\"max-width:100%; height:auto; border-radius:8px; transition:filter 0.3s ease;\"\/><br \/>\n  <\/a><\/p>\n<p>NEW YORK \/ OSLO (Dagbladet): Mens Norge er i ferd med \u00e5 skalke lukene i p\u00e5vente av storm, har kaoset allerede brutt l\u00f8s p\u00e5 andre siden av Atlanterhavet<\/p>\n<p>Kraftige sn\u00f8byger feier over store deler av det nord\u00f8stlige USA.\u00a0<\/p>\n<p>Det melder blant andre <a href=\"https:\/\/abcnews.go.com\/US\/dangerous-snowstorm-hitting-nyc-new-jersey-upstate-new\/story?id=128702220\" rel=\"nofollow noopener\" target=\"_blank\">ABC News<\/a>.<\/p>\n<p>Det sn\u00f8r n\u00e5 kraftig over deler av New York, Pennsylvania, New Jersey, Connecticut, Massachusetts og Rhode Island, skriver kanalen.\u00a0<\/p>\n<p>40 millioner\t<\/p>\n<p>Over 40 millioner amerikanere bor i omr\u00e5der der det er utstedt ulike varsler knyttet til vinterv\u00e6ret, melder nyhetsbyr\u00e5et AFP. I delstaten Michigan var 40.000 husstander uten str\u00f8m fredag kveld, og i New York er det ventet opp mot 150 millimeter med sn\u00f8, if\u00f8lge den nasjonale v\u00e6rvarslingen NWS.<\/p>\n<p>Det er n\u00e5 innf\u00f8rt unntakstilstand i deler av New York og New Jersey \u00e5 grunn av sn\u00f8v\u00e6ret. New Yorks guvern\u00f8r Kathy Hochul har satt br\u00f8ytebiler og str\u00f8mmannskap i beredskap.<\/p>\n<p>For flyreisende f\u00f8rer dette ogs\u00e5 til mye tr\u00f8bbel<\/p>\n<p class=\"font-weight-bold m-font-weight-bold\" data-lab-font_weight=\"font-weight-bold\">\u00a01500 flygninger er innstilt nord\u00f8st i USA, melder NTB.\u00a0Det er New Yorks tre flyplasser, samt flyplassen i Philadelphia som er hardest rammet.\u00a0<\/p>\n<p>        Tips oss i denne saken<\/p>\n<p class=\"subtitle\">Har du tips eller opplysninger om denne saken? Ring oss p\u00e5 2400 eller skriv til oss her:<\/p>\n<p>I tillegg skal over 6000 flygninger v\u00e6re forsinket, if\u00f8lge <a href=\"https:\/\/www.reuters.com\/business\/us-airlines-cancel-over-1000-flights-due-winter-storm-warnings-2025-12-26\/\" rel=\"nofollow noopener\" target=\"_blank\">Reuters<\/a><\/p>\n<p>Dette er det verste sn\u00f8v\u00e6ret i New York siden 2022, skriver <a href=\"https:\/\/edition.cnn.com\/2025\/12\/26\/weather\/winter-storm-snow-northeast-nyc-climate\" rel=\"nofollow noopener\" target=\"_blank\">CNN<\/a>.<\/p>\n<p>Flyplasser i det ber\u00f8rte omr\u00e5dene legger n\u00e5 ut advarsler i sosiale medier der de ber folk forholde seg til beskjeder fra flyselskapene.\u00a0<\/p>\n<p>Rammet\t<\/p>\n<p class=\"font-weight-normal m-font-weight-normal\" data-lab-font_weight=\"font-weight-normal\">Norske Alexander og Pernille Trent bor i New York og er blant dem som har f\u00e5tt merke kanselleringene.\u00a0De har allerede f\u00e5tt to flygninger avlyst som f\u00f8lge av v\u00e6ret.\u00a0\u00a0<\/p>\n<p class=\"font-weight-normal m-font-weight-normal\" data-lab-font_weight=\"font-weight-normal\">Egentlig skulle de hatt noen solfylte romjulsdager i Cancun i Mexico. I stedet m\u00e5tte de i natt norsk tid f\u00f8lge sn\u00f8v\u00e6ret fra leiligheten i 28. etasje p\u00e5 Upper East Side.<\/p>\n<p class=\"font-weight-bold m-font-weight-bold\" data-lab-font_weight=\"font-weight-bold\">&#8211; N\u00e5 sitter vi her med litt popcorn og f\u00f8lger med p\u00e5 sn\u00f8en som sakte daler ned, forteller Pernille Trent til Dagbladet.<\/p>\n<p>Allerede torsdag &#8211; 48 timer f\u00f8r planlagt avreise &#8211; ble flyet deres kansellert som f\u00f8lge av at v\u00e6rmeldingen varslet sn\u00f8. Paret fikk refusjon p\u00e5 reisa og fors\u00f8kte \u00e5 bestille nye billetter med et annet selskap, men fredag ble ogs\u00e5 denne flygningen kansellert.\u00a0<\/p>\n<p>Da bestemte de seg for \u00e5 reise ut til JFK-flyplassen for i h\u00e5p om \u00e5 klare \u00e5 komme seg med p\u00e5 en av de siste flyene til Cancun f\u00f8r sn\u00f8v\u00e6ret traff byen.\u00a0<\/p>\n<p class=\"font-weight-bold m-font-weight-bold\" data-lab-font_weight=\"font-weight-bold\">&#8211; Flyet var fullt, s\u00e5 det ble dessverre en bomtur, forteller paret.<\/p>\n<p>Alle direkteflygninger er avlyst l\u00f8rdag, s\u00e5 n\u00e5 h\u00e5per de \u00e5 \u00e5 komme seg av g\u00e5rde s\u00f8ndag eller mandag.<\/p>\n<p>        <img loading=\"lazy\" decoding=\"async\" src=\"https:\/\/www.europesays.com\/no\/wp-content\/uploads\/2025\/12\/84029923.webp\" width=\"667\" height=\"561\" title=\"V\u00c6RFAST: Det norske paret Alexander og Pernille Trent kom seg ikke av g\u00e5rde fra New York til en planlagt ferie i Mexico som f\u00f8lge av sn\u00f8v\u00e6ret p\u00e5 USAs \u00f8stkyst. Foto: Privat\" alt=\"\" class=\"\" style=\"--aspect-ratio-image: 1.19; \"\/><\/p>\n<p>\n        V\u00c6RFAST: Det norske paret Alexander og Pernille Trent kom seg ikke av g\u00e5rde fra New York til en planlagt ferie i Mexico som f\u00f8lge av sn\u00f8v\u00e6ret p\u00e5 USAs \u00f8stkyst. Foto: Privat\n    <\/p>\n<p>&#8211; Mye usikkerhet\t<\/p>\n<p>Alexander Trent jobber til vanlig selv som pilot i Wider\u00f8e og forteller at han ikke er vant til at flygninger blir avlyst hele 48 timer f\u00f8r et varslet sn\u00f8v\u00e6r.<\/p>\n<p class=\"font-weight-bold m-font-weight-bold\" data-lab-font_weight=\"font-weight-bold\">&#8211; To dager fram i tid er det mye usikkerhet rundt en v\u00e6rmelding. Vi har opplevd at det blir varslet kjempeuv\u00e6r og storm, men n\u00e5r det n\u00e6rmer seg avgang, l\u00f8yer det, eller stormen skifter retning, forteller Trent.<\/p>\n<p>N\u00e5r Dagbladet snakker med paret i natt norsk tid, er det kommet et lett sn\u00f8lag over New York.\u00a0\u00a0<\/p>\n<p>Paret understreker samtidig at det ikke er synd p\u00e5 dem. De h\u00e5per p\u00e5 \u00e5 komme seg p\u00e5 en etterlengtet ferie. Da de var p\u00e5 flyplassen tidligere fredag, s\u00e5 de imidlertid flere som var oppr\u00f8rte over at viktige reiser var blitt kansellert.<\/p>\n<p>&#8211; Vi f\u00e5r ikke gjort noe med dette. Vi pr\u00f8vde lykken i dag uten \u00e5 komme oss\u00a0 av g\u00e5rde. N\u00e5 pr\u00f8ver vi igjen s\u00f8ndag og mandag, s\u00e5 f\u00e5r vi bare se, sier Alexander Trent.<\/p>\n","protected":false},"excerpt":{"rendered":"Reise Tusenvis av passasjerer sitter fast p\u00e5 flyplasser p\u00e5 \u00f8stkysten av USA. TR\u00d8BBEL: Folk som skal reise med&hellip;\n","protected":false},"author":2,"featured_media":122518,"comment_status":"","ping_status":"","sticky":false,"template":"","format":"standard","meta":{"footnotes":""},"categories":[5],"tags":[20,21,24,25,1991,15,19,22,23,17,18,3998,13,30,28,29,14,16,1992,26,27,50],"class_list":{"0":"post-122699","1":"post","2":"type-post","3":"status-publish","4":"format-standard","5":"has-post-thumbnail","7":"category-overskrifter","8":"tag-breaking-news","9":"tag-breakingnews","10":"tag-featured-news","11":"tag-featurednews","12":"tag-ferie","13":"tag-headlines","14":"tag-hovedoppslag","15":"tag-latest-news","16":"tag-latestnews","17":"tag-main-news","18":"tag-mainnews","19":"tag-metadz","20":"tag-news","21":"tag-no","22":"tag-norge","23":"tag-norway","24":"tag-nyheter","25":"tag-overskrifter","26":"tag-reise","27":"tag-top-stories","28":"tag-topstories","29":"tag-usa"},"share_on_mastodon":{"url":"https:\/\/pubeurope.com\/@no\/115790949155000998","error":""},"_links":{"self":[{"href":"https:\/\/www.europesays.com\/no\/wp-json\/wp\/v2\/posts\/122699","targetHints":{"allow":["GET"]}}],"collection":[{"href":"https:\/\/www.europesays.com\/no\/wp-json\/wp\/v2\/posts"}],"about":[{"href":"https:\/\/www.europesays.com\/no\/wp-json\/wp\/v2\/types\/post"}],"author":[{"embeddable":true,"href":"https:\/\/www.europesays.com\/no\/wp-json\/wp\/v2\/users\/2"}],"replies":[{"embeddable":true,"href":"https:\/\/www.europesays.com\/no\/wp-json\/wp\/v2\/comments?post=122699"}],"version-history":[{"count":0,"href":"https:\/\/www.europesays.com\/no\/wp-json\/wp\/v2\/posts\/122699\/revisions"}],"wp:featuredmedia":[{"embeddable":true,"href":"https:\/\/www.europesays.com\/no\/wp-json\/wp\/v2\/media\/122518"}],"wp:attachment":[{"href":"https:\/\/www.europesays.com\/no\/wp-json\/wp\/v2\/media?parent=122699"}],"wp:term":[{"taxonomy":"category","embeddable":true,"href":"https:\/\/www.europesays.com\/no\/wp-json\/wp\/v2\/categories?post=122699"},{"taxonomy":"post_tag","embeddable":true,"href":"https:\/\/www.europesays.com\/no\/wp-json\/wp\/v2\/tags?post=122699"}],"curies":[{"name":"wp","href":"https:\/\/api.w.org\/{rel}","templated":true}]}}