{"id":122700,"date":"2025-12-27T10:05:16","date_gmt":"2025-12-27T10:05:16","guid":{"rendered":"https:\/\/www.europesays.com\/no\/122700\/"},"modified":"2025-12-27T10:05:16","modified_gmt":"2025-12-27T10:05:16","slug":"julen-har-vaert-toff","status":"publish","type":"post","link":"https:\/\/www.europesays.com\/no\/122700\/","title":{"rendered":"\u2013 Julen har v\u00e6rt t\u00f8ff"},"content":{"rendered":"\n<p class=\"_lead_o9xde_2 _lead_xtcu6_50 layout-component text-serif-m layout-normal text-serif-l layout-component layout-wide layout-padded _wide_17hqh_1 layout-padded\">En tydelig ber\u00f8rt Karoline Simpson-Larsen snakket om det plutselige d\u00f8dsfallet til Sivert Bakken da hun m\u00f8tte pressen i Toblach l\u00f8rdag.<\/p>\n<p><img alt=\"Det var en tydelig r\u00f8rt Karoline Simpson-Larsen som m\u00f8tte pressen 27. desember.  Foto: Mikal Emil Aaserud \/ VG\" class=\"_image_qp4xg_65 layout-component layout-wide\" data-fullscreen- data-track-element-type=\"Article image fullscreen\" data-track-name=\"ImageFullscreen\" fetchpriority=\"high\" decoding=\"sync\" loading=\"eager\" height=\"864\" itemprop=\"image\"  src=\"https:\/\/www.europesays.com\/no\/wp-content\/uploads\/2025\/12\/daa6e9cf-0b56-4c4f-950a-53135e99ec4a\"  style=\"object-position:0% 0%\" width=\"1048\"\/>Det var en tydelig r\u00f8rt Karoline Simpson-Larsen som m\u00f8tte pressen 27. desember.  Foto: Mikal Emil Aaserud \/ VGRapporterer fra Italia og Oslo Oppdatert l\u00f8rdag 27. desember kl. 11:04    <\/p>\n<ul class=\"_list_o9xde_3 _list_64s2r_85 _unordered_o9xde_106 text-sans-m\">\n<li class=\"_item_o9xde_30\">Karoline Simpson-Larsen uttrykker sorg over skiskytter Sivert Bakkens d\u00f8dsfall lille julaften.<\/li>\n<li class=\"_item_o9xde_30\">Bakken ble funnet d\u00f8d p\u00e5 et hotellrom i Italia med en h\u00f8ydemaske p\u00e5.<\/li>\n<li class=\"_item_o9xde_30\">D\u00f8ds\u00e5rsaken er ukjent, og obduksjonsresultater ventes snart.<\/li>\n<li class=\"_item_o9xde_30\">Norges Skiskytterforbund unders\u00f8ker omstendighetene rundt bruken av h\u00f8ydemasken.<\/li>\n<\/ul>\n<p>Vis mer <\/p>\n<p class=\"_paragraph_o9xde_4 _paragraph_xtcu6_10 layout-component text-serif-m layout-normal text-serif-m layout-padded\">Langrennsl\u00f8peren var p\u00e5 samme hotell som Bakken, som ble funnet d\u00f8d lille julaften. Kj\u00e6resten til Simpson-Larsen, Johan Olav Botn, var p\u00e5 rekruttlandslaget sammen med Bakken.<\/p>\n<p class=\"_paragraph_o9xde_4 _paragraph_xtcu6_10 layout-component text-serif-m layout-normal text-serif-m layout-padded\">Hun tok til t\u00e5rene og holdt rundt landslagssjef Per Elias Kalfoss f\u00f8r hun fortalte om den knallt\u00f8ffe uken i Lavaz\u00e8, Italia<\/p>\n<p class=\"_paragraph_o9xde_4 _paragraph_xtcu6_10 layout-component text-serif-m layout-normal text-serif-m layout-padded\">\u2013 Julen har v\u00e6rt t\u00f8ff. Ikke hyggelig i det hele tatt. Vi som har v\u00e6rt i Lavaze har v\u00e6rt mye sammen hver dag. Det har v\u00e6rt godt, forteller Simpson-Larsen (28) til VG.<\/p>\n<p class=\"_paragraph_o9xde_4 _paragraph_xtcu6_10 layout-component text-serif-m layout-normal text-serif-m layout-padded\"><strong class=\"_strong_o9xde_25\">\u2013 Vi satt egentlig bare sammen hele tiden. Snakket om alt og ingenting. Lille julaften var en veldig tung dag, sier hun.<\/strong><\/p>\n<p class=\"_paragraph_o9xde_4 _paragraph_xtcu6_10 layout-component text-serif-m layout-normal text-serif-m layout-padded\">Hun roste skiskytterforbundet for \u00e5 ha tatt godt vare p\u00e5 alle og h\u00e5ndtert situasjonen p\u00e5 en sv\u00e6rt god m\u00e5te, og understreket at de fortjente en takk for jobben de hadde gjort.<\/p>\n<p class=\"_paragraph_o9xde_4 _paragraph_xtcu6_10 layout-component text-serif-m layout-normal text-serif-m layout-padded\">\u2013 Alle har sluppet det de har i henda for \u00e5 bist\u00e5 oss og hans n\u00e6rmeste p\u00e5r\u00f8rende i Norge, fortsetter Simpson-Larsen.<\/p>\n<p><img alt=\"Simpson-Larsen og landslagssjef Per Elias Kalfoss.  Foto: Mikal Emil Aaserud \/ VG\" class=\"_image_qp4xg_65 layout-component layout-normal\" data-fullscreen- data-track-element-type=\"Article image fullscreen\" data-track-name=\"ImageFullscreen\" decoding=\"async\" loading=\"lazy\" height=\"848\" itemprop=\"image\"  src=\"https:\/\/www.europesays.com\/no\/wp-content\/uploads\/2025\/12\/e6d210bb-778e-495d-a5c3-c196552c7a40\"  style=\"object-position:0% 0%\" width=\"1046\"\/>Simpson-Larsen og landslagssjef Per Elias Kalfoss.  Foto: Mikal Emil Aaserud \/ VG<\/p>\n<p class=\"_paragraph_o9xde_4 _paragraph_xtcu6_10 layout-component text-serif-m layout-normal text-serif-m layout-padded\">Det var p\u00e5 morgenen lillejulaften at skiskytteren d\u00f8de p\u00e5 1800 meters h\u00f8yde i Lavaze. Da Bakken<a href=\"https:\/\/www.vg.no\/sport\/i\/k0J8M9\/skiskytterforbundet-bakken-funnet-med-hoeydemaske\" data-track-element-type=\"Link\" data-track-id=\"link:k0J8M9\" class=\"_link_o9xde_39\" rel=\"nofollow noopener\" target=\"_blank\">\u00a0ble funnet\u00a0<\/a>p\u00e5 hotellrommet sitt nord i Italia, hadde han p\u00e5 seg en h\u00f8ydemaske.<\/p>\n<p class=\"_paragraph_o9xde_4 _paragraph_xtcu6_10 layout-component text-serif-m layout-normal text-serif-m layout-padded\"><a href=\"http:\/\/www.vg.no\/sport\/i\/ExWBp5\/opplysninger-til-vg-bakkens-hoeydemaske-stilt-inn-paa-7000-m-o-h#:~:text=Skiskytteren%20Sivert%20Guttorm%20Bakken%20(27,og%20obduksjonsresultater%20er%20ventet%20snart.\" data-track-element-type=\"Link\" data-track-id=\"link:ExWBp5\" class=\"_link_o9xde_39\" rel=\"nofollow noopener\" target=\"_blank\">If\u00f8lge flere uavhengige kilder <\/a>VG har snakket med, var den stilt inn p\u00e5 7000 meters h\u00f8yde.<\/p>\n<p class=\"_paragraph_o9xde_4 _paragraph_xtcu6_10 layout-component text-serif-m layout-normal text-serif-m layout-padded\">D\u00f8ds\u00e5rsaken til\u00a0<a href=\"https:\/\/www.vg.no\/tag\/sivert-guttorm-bakken?utm_source=vg-article&amp;utm_medium=auto-tagger&amp;utm_campaign=ExWBp5\" class=\"_link_o9xde_39\" rel=\"nofollow noopener\" target=\"_blank\">Sivert Guttorm Bakken<\/a>\u00a0er fortsatt ukjent. Det gjennomf\u00f8res i helgen en obduksjon etter d\u00f8dsfallet som har rystet skiskytterverden i julen. <\/p>\n<p class=\"_paragraph_o9xde_4 _paragraph_xtcu6_10 layout-component text-serif-m layout-normal text-serif-m layout-padded\"><strong class=\"_strong_o9xde_25\">Resultatet er ventet \u00e5 v\u00e6re klart tidlig kommende uke.<\/strong><\/p>\n<p><img alt=\"Foto: MATHIAS BERGELD \/ Bildbyr\u00e5n\" class=\"_image_qp4xg_65 layout-component layout-normal\" data-fullscreen- data-track-element-type=\"Article image fullscreen\" data-track-name=\"ImageFullscreen\" decoding=\"async\" loading=\"lazy\" height=\"4000\" itemprop=\"image\"  src=\"https:\/\/www.europesays.com\/no\/wp-content\/uploads\/2025\/12\/1827f5ee-1700-48ce-8bba-38ec6190e1ca\"  style=\"object-position:0% 0%\" width=\"6000\"\/>Foto: MATHIAS BERGELD \/ Bildbyr\u00e5n<\/p>\n<p class=\"_paragraph_o9xde_4 _paragraph_xtcu6_10 layout-component text-serif-m layout-normal text-serif-m layout-padded\">Det er ikke fastsl\u00e5tt om bruk av masken har sammenheng med d\u00f8dsfallet. <\/p>\n<p class=\"_paragraph_o9xde_4 _paragraph_xtcu6_10 layout-component text-serif-m layout-normal text-serif-m layout-padded\">\u2013 Norges Skiskytterforbund kjenner per n\u00e5 ikke til omstendighetene rundt anskaffelse og bruk av denne masken. I dagene som kommer vil forbundet fors\u00f8ke \u00e5 f\u00e5 n\u00e6rmere klarhet i faktiske forhold knyttet til dette.<\/p>\n<p class=\"_paragraph_o9xde_4 _paragraph_xtcu6_10 layout-component text-serif-m layout-normal text-serif-m layout-padded\">Det sa generalsekret\u00e6r i Norges Skiskytterforbund, Emilie Nordskar, i en pressemelding p\u00e5 julaften.<\/p>\n<p class=\"_paragraph_o9xde_4 _paragraph_xtcu6_10 layout-component text-serif-m layout-normal layout-padded\"><strong class=\"_strong_o9xde_25\">Les ogs\u00e5:<\/strong> <a href=\"https:\/\/www.vg.no\/i\/ExWBp5\" data-track-element-type=\"Link\" data-track-id=\"link:ExWBp5\" class=\"_link_o9xde_39\" rel=\"nofollow noopener\" target=\"_blank\">Opplysninger til VG: Bakkens h\u00f8ydemaske stilt inn p\u00e5 7000 m.o.h.<\/a><\/p>\n<ul class=\"_gallery_1qa3s_23\" tabindex=\"0\">\n<li class=\"_item_1qa3s_37\" data-index=\"0\"><img decoding=\"async\" class=\"_image_foru8_23 _articleGallery_foru8_39\" data-fullscreen- width=\"5712\" height=\"4284\" itemprop=\"image\" loading=\"lazy\"  src=\"https:\/\/www.europesays.com\/no\/wp-content\/uploads\/2025\/12\/79a8f9e5-81b9-4fb8-8849-c5da5c51a1c1\"  style=\"object-position:50% 50%;aspect-ratio:var(--gallery-aspect-ratio, 16 \/ 9)\"\/>Hotellet der Sivert Guttorm Bakken (27) ble funnet d\u00f8d lillejulaften. Foto: Bendik Hansen \/ VG<\/li>\n<li class=\"_item_1qa3s_37\" data-index=\"1\"><img decoding=\"async\" class=\"_image_foru8_23 _articleGallery_foru8_39\" data-fullscreen- width=\"5712\" height=\"4284\" itemprop=\"image\" loading=\"lazy\"  src=\"https:\/\/www.europesays.com\/no\/wp-content\/uploads\/2025\/12\/575ff360-bcbe-4962-9192-d77bebebfda2\"  style=\"object-position:50% 50%;aspect-ratio:var(--gallery-aspect-ratio, 16 \/ 9)\"\/>Standplass i Lavaze, der Sivert Guttorm Bakken var p\u00e5 treningsleir. Foto: Bendik Hansen \/ VG<\/li>\n<li class=\"_item_1qa3s_37\" data-index=\"2\"><img decoding=\"async\" class=\"_image_foru8_23 _articleGallery_foru8_39\" data-fullscreen- width=\"5712\" height=\"4284\" itemprop=\"image\" loading=\"lazy\"  src=\"https:\/\/www.europesays.com\/no\/wp-content\/uploads\/2025\/12\/1a8bbccc-be5b-4384-8934-11c842feebfd\"  style=\"object-position:50% 50%;aspect-ratio:var(--gallery-aspect-ratio, 16 \/ 9)\"\/>Det norske flagget henger oppe p\u00e5 skiskytterarenaen i Lavaze, der Sivert Guttorm Bakken ble funnet d\u00f8d lillejulaften. Foto: Bendik Hansen \/ VG<\/li>\n<\/ul>\n<p>Hotellet der Sivert Guttorm Bakken (27) ble funnet d\u00f8d lillejulaften. Foto: Bendik Hansen \/ VG<\/p>\n<p class=\"_paragraph_o9xde_4 _paragraph_xtcu6_10 layout-component text-serif-m layout-normal text-serif-m layout-padded\">Bakken ble lenge sett p\u00e5 som et stort talent. Gjennombruddet kom i 2021\/22-sesongen, som ogs\u00e5 ga ham plass p\u00e5 landslaget.<\/p>\n<p class=\"_paragraph_o9xde_4 _paragraph_xtcu6_10 layout-component text-serif-m layout-normal text-serif-m layout-padded\">Deretter fulgte to \u00e5r preget av en rekke helseproblemer, knyttet til en tredje dose av coronavaksinen.<\/p>\n<p class=\"_paragraph_o9xde_4 _paragraph_xtcu6_10 layout-component text-serif-m layout-normal text-serif-m layout-padded\">I 2024\/25-sesongen gjorde Bakken et etterlengtet comeback med flere seire og pallplasser i IBU Cup, niv\u00e5et under verdenscupen.<\/p>\n<p class=\"_paragraph_o9xde_4 _paragraph_xtcu6_10 layout-component text-serif-m layout-normal text-serif-m layout-padded\">Tidligere i desember m\u00e5tte han st\u00e5 over verdenscuprennene i Hochfilzen p\u00e5 grunn av sykdom, men var tilbake i Le Grand-Bornand tidligere denne m\u00e5neden. Der ble han blant annet nummer fem sprint\u00f8velsen.<\/p>\n<p class=\"_paragraph_o9xde_4 _paragraph_xtcu6_10 layout-component text-serif-m layout-normal layout-padded\"><strong class=\"_strong_o9xde_25\">Les ogs\u00e5:<\/strong> <a href=\"https:\/\/www.vg.no\/i\/0pnobo\" data-track-element-type=\"Link\" data-track-id=\"link:0pnobo\" class=\"_link_o9xde_39\" rel=\"nofollow noopener\" target=\"_blank\">Det norske flagget i vinduet: \u2013 Alle er i sorg<\/a><\/p>\n<p>    <img decoding=\"async\" alt=\"Tips oss illustrasjon\" src=\"https:\/\/www.europesays.com\/no\/wp-content\/uploads\/2025\/10\/pssst-small.webp.webp\"\/>    <\/p>\n<p class=\"title-serif-s\">Har du tips?<\/p>\n<p class=\"text-sans-m\">Send oss informasjon, bilder eller video.<\/p>\n<p>  <a href=\"https:\/\/www.vg.no\/tips-oss\" rel=\"nofollow noopener\" target=\"_blank\"> Tips oss <\/a>      <\/p>\n","protected":false},"excerpt":{"rendered":"En tydelig ber\u00f8rt Karoline Simpson-Larsen snakket om det plutselige d\u00f8dsfallet til Sivert Bakken da hun m\u00f8tte pressen i&hellip;\n","protected":false},"author":2,"featured_media":122701,"comment_status":"","ping_status":"","sticky":false,"template":"","format":"standard","meta":{"footnotes":""},"categories":[10],"tags":[20,21,24,25,15,22,23,13,30,28,29,14,16,13042,769,26,27],"class_list":{"0":"post-122700","1":"post","2":"type-post","3":"status-publish","4":"format-standard","5":"has-post-thumbnail","7":"category-norge","8":"tag-breaking-news","9":"tag-breakingnews","10":"tag-featured-news","11":"tag-featurednews","12":"tag-headlines","13":"tag-latest-news","14":"tag-latestnews","15":"tag-news","16":"tag-no","17":"tag-norge","18":"tag-norway","19":"tag-nyheter","20":"tag-overskrifter","21":"tag-sivert-guttorm-bakken","22":"tag-skiskyting","23":"tag-top-stories","24":"tag-topstories"},"share_on_mastodon":{"url":"https:\/\/pubeurope.com\/@no\/115790972930376906","error":""},"_links":{"self":[{"href":"https:\/\/www.europesays.com\/no\/wp-json\/wp\/v2\/posts\/122700","targetHints":{"allow":["GET"]}}],"collection":[{"href":"https:\/\/www.europesays.com\/no\/wp-json\/wp\/v2\/posts"}],"about":[{"href":"https:\/\/www.europesays.com\/no\/wp-json\/wp\/v2\/types\/post"}],"author":[{"embeddable":true,"href":"https:\/\/www.europesays.com\/no\/wp-json\/wp\/v2\/users\/2"}],"replies":[{"embeddable":true,"href":"https:\/\/www.europesays.com\/no\/wp-json\/wp\/v2\/comments?post=122700"}],"version-history":[{"count":0,"href":"https:\/\/www.europesays.com\/no\/wp-json\/wp\/v2\/posts\/122700\/revisions"}],"wp:featuredmedia":[{"embeddable":true,"href":"https:\/\/www.europesays.com\/no\/wp-json\/wp\/v2\/media\/122701"}],"wp:attachment":[{"href":"https:\/\/www.europesays.com\/no\/wp-json\/wp\/v2\/media?parent=122700"}],"wp:term":[{"taxonomy":"category","embeddable":true,"href":"https:\/\/www.europesays.com\/no\/wp-json\/wp\/v2\/categories?post=122700"},{"taxonomy":"post_tag","embeddable":true,"href":"https:\/\/www.europesays.com\/no\/wp-json\/wp\/v2\/tags?post=122700"}],"curies":[{"name":"wp","href":"https:\/\/api.w.org\/{rel}","templated":true}]}}