{"id":122704,"date":"2025-12-27T10:12:18","date_gmt":"2025-12-27T10:12:18","guid":{"rendered":"https:\/\/www.europesays.com\/no\/122704\/"},"modified":"2025-12-27T10:12:18","modified_gmt":"2025-12-27T10:12:18","slug":"rana-kommune-legevakt-innbyggere-i-rana-kan-oppleve-problemer-nar-de-skal-ringe-til-bade-amk-og-legevakt-mot-direkte-er-det-alvorlig","status":"publish","type":"post","link":"https:\/\/www.europesays.com\/no\/122704\/","title":{"rendered":"Rana kommune, Legevakt | Innbyggere i Rana kan oppleve problemer n\u00e5r de skal ringe til b\u00e5de AMK og legevakt \u2013 m\u00f8t direkte er det alvorlig"},"content":{"rendered":"\n<p>N\u00f8dnettet og mobilnettet er n\u00e5 ustabilt over store deler av Rana.<\/p>\n<p>Dette kan bety at innbyggere kan oppleve problemer n\u00e5r de skal ringe til b\u00e5de AMK og legevakt, opplyser kommunikasjonssjef i Rana kommune, Tore Bratt, til Rana Blad. Denne meldingen har ogs\u00e5 g\u00e5tt ut p\u00e5 kommunens Facebook-side. Her kan du lese at legevakta i Rana har reservetelefonil\u00f8sning.<\/p>\n<p>Hvis du ikke kommer igjennom til legevakta og m\u00e5 ha \u00f8yeblikkelig hjelp m\u00e5 du m\u00f8te direkte der for \u00e5 f\u00e5 hjelp, presiserer Bratt.<\/p>\n<p>  <a href=\"https:\/\/www.ranablad.no\/5-42-1537882\" class=\"related-teaser has-image default-story-teaser article--c-eRUmMG article--c-eRUmMG-jKCPdD-design-default\" wp_automatic_readability=\"1.5\" rel=\"nofollow noopener\" target=\"_blank\"><\/p>\n<p>    For abonnenter<\/p>\n<p>    <img decoding=\"async\" loading=\"lazy\"  src=\"https:\/\/www.europesays.com\/no\/wp-content\/uploads\/2025\/12\/image001+%281%29.png\" alt=\"\" class=\"brick-c-cFOWSL\" style=\"\"\/><\/p>\n<p>\n            Les ogs\u00e5<\/p>\n<p>  Telenor mistenker at fiberbrudd har rammet flere basestasjoner i Rana \u2013 mange uten mobilforbindelse: \u2013 V\u00e6ret herjer ganske mye<\/p>\n<p>  <\/a><\/p>\n","protected":false},"excerpt":{"rendered":"N\u00f8dnettet og mobilnettet er n\u00e5 ustabilt over store deler av Rana. Dette kan bety at innbyggere kan oppleve&hellip;\n","protected":false},"author":2,"featured_media":5826,"comment_status":"","ping_status":"","sticky":false,"template":"","format":"standard","meta":{"footnotes":""},"categories":[10],"tags":[36,20,21,24,25,15,22,23,5806,13,30,28,29,8397,14,16,1360,3619,1510,26,27],"class_list":{"0":"post-122704","1":"post","2":"type-post","3":"status-publish","4":"format-standard","5":"has-post-thumbnail","7":"category-norge","8":"tag-art","9":"tag-breaking-news","10":"tag-breakingnews","11":"tag-featured-news","12":"tag-featurednews","13":"tag-headlines","14":"tag-latest-news","15":"tag-latestnews","16":"tag-legevakt","17":"tag-news","18":"tag-no","19":"tag-norge","20":"tag-norway","21":"tag-nodnett","22":"tag-nyheter","23":"tag-overskrifter","24":"tag-rana","25":"tag-rana-kommune","26":"tag-story","27":"tag-top-stories","28":"tag-topstories"},"share_on_mastodon":{"url":"https:\/\/pubeurope.com\/@no\/115791000131550959","error":""},"_links":{"self":[{"href":"https:\/\/www.europesays.com\/no\/wp-json\/wp\/v2\/posts\/122704","targetHints":{"allow":["GET"]}}],"collection":[{"href":"https:\/\/www.europesays.com\/no\/wp-json\/wp\/v2\/posts"}],"about":[{"href":"https:\/\/www.europesays.com\/no\/wp-json\/wp\/v2\/types\/post"}],"author":[{"embeddable":true,"href":"https:\/\/www.europesays.com\/no\/wp-json\/wp\/v2\/users\/2"}],"replies":[{"embeddable":true,"href":"https:\/\/www.europesays.com\/no\/wp-json\/wp\/v2\/comments?post=122704"}],"version-history":[{"count":0,"href":"https:\/\/www.europesays.com\/no\/wp-json\/wp\/v2\/posts\/122704\/revisions"}],"wp:featuredmedia":[{"embeddable":true,"href":"https:\/\/www.europesays.com\/no\/wp-json\/wp\/v2\/media\/5826"}],"wp:attachment":[{"href":"https:\/\/www.europesays.com\/no\/wp-json\/wp\/v2\/media?parent=122704"}],"wp:term":[{"taxonomy":"category","embeddable":true,"href":"https:\/\/www.europesays.com\/no\/wp-json\/wp\/v2\/categories?post=122704"},{"taxonomy":"post_tag","embeddable":true,"href":"https:\/\/www.europesays.com\/no\/wp-json\/wp\/v2\/tags?post=122704"}],"curies":[{"name":"wp","href":"https:\/\/api.w.org\/{rel}","templated":true}]}}