{"id":122705,"date":"2025-12-27T10:33:12","date_gmt":"2025-12-27T10:33:12","guid":{"rendered":"https:\/\/www.europesays.com\/no\/122705\/"},"modified":"2025-12-27T10:33:12","modified_gmt":"2025-12-27T10:33:12","slug":"felles-fyrverkeri-i-oslo-avlyst-spleisen-nadde-ikke-malet-stor-oslo","status":"publish","type":"post","link":"https:\/\/www.europesays.com\/no\/122705\/","title":{"rendered":"Felles fyrverkeri i Oslo avlyst \u2013 spleisen n\u00e5dde ikke m\u00e5let \u2013 Stor-Oslo"},"content":{"rendered":"<p>Spareblusset er p\u00e5 i Oslo og hovedstaden valgte \u00e5 droppe felles fyrverkeri i \u00e5r.<\/p>\n<p><strong>En spleis i regi av privatpersoner og n\u00e6ringslivet skulle v\u00e6re redningen. Men<a href=\"https:\/\/www.spleis.no\/project\/475143\" ec-id=\"https:\/\/www.spleis.no\/project\/475143\" ec-name=\"bare 95.000 kroner\" rel=\"nofollow noopener\" target=\"_blank\"> bare 95.000 kroner<\/a> av de n\u00f8dvendige 490.000 kronene ble samlet inn.<\/strong><\/p>\n<p>70.000 kroner kom fra to donorer: komiker Sigrid Bonde Tusvik og starter av spleisen, firmaet Pyroteknikk AS.<\/p>\n<p><a href=\"https:\/\/www.vg.no\/nyheter\/i\/RjR4xa\/sigrid-bonde-tusvik-fikk-ikke-fyrverkeri-til-oslo\" ec-id=\"https:\/\/www.vg.no\/nyheter\/i\/RjR4xa\/sigrid-bonde-tusvik-fikk-ikke-fyrverkeri-til-oslo\" ec-name=\"VG\" rel=\"nofollow noopener\" target=\"_blank\">VG<\/a> omtalte saken f\u00f8rst.<\/p>\n<p><img decoding=\"async\"   src=\"data:image\/gif;base64,R0lGODlhAQABAIAAAAAAAP\/\/\/yH5BAEAAAAALAAAAAABAAEAAAIBRAA7\" loading=\"eager\" alt=\"Sigrid Bonde Tusvik med et skjerf rundt halsen\" title=\"Foto: Terje Pedersen \/ NTB\"\/><\/p>\n<p class=\"\">Sigrid Bonde Tusvik \u00f8nsker mer feiring i fellesskap. <\/p>\n<p>Foto: Terje Pedersen \/ NTB<\/p>\n<p>\u2013 Jeg har f\u00e5tt mye reaksjoner etter at jeg pr\u00f8vde \u00e5 bidra til et felles fyrverkeri, mest positivt, sier Sigrid Bonde Tusvik til NRK.<\/p>\n<p>Hun er opptatt av at fyrverkeri blir gjennomf\u00f8rt p\u00e5 en m\u00e5te som er trygg for b\u00e5de mennesker og dyr.<\/p>\n<p>\u2013 Hvis vi sliter med ensomhet og at unge folk strever med lav fremtidstro, hadde vi hatt godt av \u00e5 m\u00f8tes for \u00e5 feire sammen, sier Tusvik.<\/p>\n<p><strong>\u2013 Jeg mener vi b\u00f8r ha mer feiring i fellesskap!<\/strong><\/p>\n<p><img decoding=\"async\"   src=\"data:image\/gif;base64,R0lGODlhAQABAIAAAAAAAP\/\/\/yH5BAEAAAAALAAAAAABAAEAAAIBRAA7\" loading=\"eager\" alt=\"En stor folkemengde samles ute p\u00e5 en plass, hvor det lyser opp fra laserprojektiler og fyrverkeri. I bakgrunnen sees en bygning med et tak som b\u00e6rer lysene fra lysforestillingene. Statuer og tr\u00e6r er synlige i omgivelsene, som tilf\u00f8rer kontekst til arrangementet. Stemningen virker festlig og livlig. (Bildebeskrivelsen er laget av en KI-tjeneste)\" title=\"Foto: Jonas Been Henriksen \/ NTB\"\/><\/p>\n<p class=\"\">Bilder fra fjor\u00e5rets laserlysshow p\u00e5 R\u00e5dhuset i Oslo. Showet fikk mye kritikk blant annet fordi det var vanskelig \u00e5 se utenfor sentrum. <\/p>\n<p>Foto: Jonas Been Henriksen \/ NTB<\/p>\n<p>Komikeren \u00f8nsker en fri fest for de som bor i hovedstaden og legger til:<\/p>\n<p>\u2013 Hvis Netflix fikk det til i Holmenkollen tidligere i h\u00f8st, b\u00f8r vi f\u00e5 det til p\u00e5 R\u00e5dhusplassen ogs\u00e5.<\/p>\n<p>Kom for seint<\/p>\n<p>Det er selskapet Pyroteknikk AS som startet innsamlingsaksjonen i Spleis for \u00e5 sikre fyrverkeri i hovedstaden.<\/p>\n<p><strong>\u2013 Stavanger, Bergen, \u00c5lesund \u2013 til og med Longyearbyen \u2013 skal ha fyrverkeri. Vi mener Oslo ogs\u00e5 fortjener en verdig markering av inngangen til det nye \u00e5ret.<\/strong><\/p>\n<p>Det sier Madlena Tsvetkova Nielsen i Pyroteknikk AS til NRK.<\/p>\n<p>Dette er ikke f\u00f8rste gang det ikke blir et nytt\u00e5rsshow i Oslo. Siden 2020 har det bare v\u00e6rt et kommunalt arrangement \u00e9n gang: ved inngangen til 2025.<\/p>\n<p>\u2013 Vi h\u00e5pet \u00e5 f\u00e5 med n\u00e6ringslivet, men initiativet kan ha kommet noe sent. Med summen som er samlet inn, lar det seg dessverre ikke gj\u00f8re \u00e5 gjennomf\u00f8re et stort, felles fyrverkeri i Oslo sentrum.<\/p>\n<p>Til NRK sier hun at alle som har gitt penger til Spleisen, skal f\u00e5 pengene tilbake.<\/p>\n<p>Publisert<\/p>\n<p>27.12.2025, kl. 10.47<\/p>\n<p>Oppdatert<\/p>\n<p>27.12.2025, kl. 11.15<\/p>\n","protected":false},"excerpt":{"rendered":"Spareblusset er p\u00e5 i Oslo og hovedstaden valgte \u00e5 droppe felles fyrverkeri i \u00e5r. En spleis i regi&hellip;\n","protected":false},"author":2,"featured_media":122706,"comment_status":"","ping_status":"","sticky":false,"template":"","format":"standard","meta":{"footnotes":""},"categories":[10],"tags":[20,21,24,25,15,22,23,13,30,28,29,14,16,26,27],"class_list":{"0":"post-122705","1":"post","2":"type-post","3":"status-publish","4":"format-standard","5":"has-post-thumbnail","7":"category-norge","8":"tag-breaking-news","9":"tag-breakingnews","10":"tag-featured-news","11":"tag-featurednews","12":"tag-headlines","13":"tag-latest-news","14":"tag-latestnews","15":"tag-news","16":"tag-no","17":"tag-norge","18":"tag-norway","19":"tag-nyheter","20":"tag-overskrifter","21":"tag-top-stories","22":"tag-topstories"},"share_on_mastodon":{"url":"https:\/\/pubeurope.com\/@no\/115791082492057683","error":""},"_links":{"self":[{"href":"https:\/\/www.europesays.com\/no\/wp-json\/wp\/v2\/posts\/122705","targetHints":{"allow":["GET"]}}],"collection":[{"href":"https:\/\/www.europesays.com\/no\/wp-json\/wp\/v2\/posts"}],"about":[{"href":"https:\/\/www.europesays.com\/no\/wp-json\/wp\/v2\/types\/post"}],"author":[{"embeddable":true,"href":"https:\/\/www.europesays.com\/no\/wp-json\/wp\/v2\/users\/2"}],"replies":[{"embeddable":true,"href":"https:\/\/www.europesays.com\/no\/wp-json\/wp\/v2\/comments?post=122705"}],"version-history":[{"count":0,"href":"https:\/\/www.europesays.com\/no\/wp-json\/wp\/v2\/posts\/122705\/revisions"}],"wp:featuredmedia":[{"embeddable":true,"href":"https:\/\/www.europesays.com\/no\/wp-json\/wp\/v2\/media\/122706"}],"wp:attachment":[{"href":"https:\/\/www.europesays.com\/no\/wp-json\/wp\/v2\/media?parent=122705"}],"wp:term":[{"taxonomy":"category","embeddable":true,"href":"https:\/\/www.europesays.com\/no\/wp-json\/wp\/v2\/categories?post=122705"},{"taxonomy":"post_tag","embeddable":true,"href":"https:\/\/www.europesays.com\/no\/wp-json\/wp\/v2\/tags?post=122705"}],"curies":[{"name":"wp","href":"https:\/\/api.w.org\/{rel}","templated":true}]}}