{"id":122707,"date":"2025-12-27T10:40:22","date_gmt":"2025-12-27T10:40:22","guid":{"rendered":"https:\/\/www.europesays.com\/no\/122707\/"},"modified":"2025-12-27T10:40:22","modified_gmt":"2025-12-27T10:40:22","slug":"tromso-lufthavn-flyruter-flere-fly-kansellert-og-utsatt","status":"publish","type":"post","link":"https:\/\/www.europesays.com\/no\/122707\/","title":{"rendered":"Troms\u00f8 lufthavn, Flyruter | Flere fly kansellert og utsatt"},"content":{"rendered":"\n<p>Uv\u00e6ret herjer i hele Nord-Norge, noe som ogs\u00e5 har p\u00e5virket flytrafikken i morgentimene l\u00f8rdag.<\/p>\n<p>  <a href=\"https:\/\/www.nordlys.no\/5-34-2266039\" class=\"related-teaser has-image default-story-teaser article--c-eRUmMG article--c-eRUmMG-jKCPdD-design-default\" rel=\"nofollow noopener\" target=\"_blank\"><\/p>\n<p>    <img decoding=\"async\" loading=\"lazy\"  src=\"https:\/\/www.europesays.com\/no\/wp-content\/uploads\/2025\/12\/wind.png\" alt=\"\" class=\"brick-c-cFOWSL\" style=\"\"\/><\/p>\n<p>\n            Les ogs\u00e5<\/p>\n<p>              N\u00e5 kommer stormen: Dette b\u00f8r du vite\n        <\/p>\n<p>  <\/a><\/p>\n<p>P\u00e5 Avinors hjemmeside er flyruter kansellert. Wider\u00f8es rute WF873 til Bod\u00f8 er kansellert, og det samme er SAS&#8217; rute SK4451 til K\u00f8benhavn klokka 11.55. Fra K\u00f8benhavn kommer det heller ikke noe fly fra SAS, som skulle lande 11.15 i Troms\u00f8.<\/p>\n<p>Klokka 09.50 skulle det lande et fly fra Andenes, men det er kansellert.<\/p>\n<p>Flere fly er ogs\u00e5 utsatt. Edelweiss Air skulle opprinnelig fly fra Troms\u00f8 til Zurich klokka 11.05, men denne er utsatt til 12.55. Utenom er det noen forsinkelser p\u00e5 rundt en halvtime p\u00e5 flere fly, deriblant til Rovaniemi, Kirkenes og Paris.<\/p>\n<p><b>Innstilte fly:<\/b><\/p>\n","protected":false},"excerpt":{"rendered":"Uv\u00e6ret herjer i hele Nord-Norge, noe som ogs\u00e5 har p\u00e5virket flytrafikken i morgentimene l\u00f8rdag. Les ogs\u00e5 N\u00e5 kommer&hellip;\n","protected":false},"author":2,"featured_media":122708,"comment_status":"","ping_status":"","sticky":false,"template":"","format":"standard","meta":{"footnotes":""},"categories":[10],"tags":[36,20,21,24,25,12012,15,22,23,13,30,28,29,14,16,1510,26,27,1997,3230],"class_list":{"0":"post-122707","1":"post","2":"type-post","3":"status-publish","4":"format-standard","5":"has-post-thumbnail","7":"category-norge","8":"tag-art","9":"tag-breaking-news","10":"tag-breakingnews","11":"tag-featured-news","12":"tag-featurednews","13":"tag-flyruter","14":"tag-headlines","15":"tag-latest-news","16":"tag-latestnews","17":"tag-news","18":"tag-no","19":"tag-norge","20":"tag-norway","21":"tag-nyheter","22":"tag-overskrifter","23":"tag-story","24":"tag-top-stories","25":"tag-topstories","26":"tag-tromso-lufthavn","27":"tag-uvaer"},"share_on_mastodon":{"url":"https:\/\/pubeurope.com\/@no\/115791110281180023","error":""},"_links":{"self":[{"href":"https:\/\/www.europesays.com\/no\/wp-json\/wp\/v2\/posts\/122707","targetHints":{"allow":["GET"]}}],"collection":[{"href":"https:\/\/www.europesays.com\/no\/wp-json\/wp\/v2\/posts"}],"about":[{"href":"https:\/\/www.europesays.com\/no\/wp-json\/wp\/v2\/types\/post"}],"author":[{"embeddable":true,"href":"https:\/\/www.europesays.com\/no\/wp-json\/wp\/v2\/users\/2"}],"replies":[{"embeddable":true,"href":"https:\/\/www.europesays.com\/no\/wp-json\/wp\/v2\/comments?post=122707"}],"version-history":[{"count":0,"href":"https:\/\/www.europesays.com\/no\/wp-json\/wp\/v2\/posts\/122707\/revisions"}],"wp:featuredmedia":[{"embeddable":true,"href":"https:\/\/www.europesays.com\/no\/wp-json\/wp\/v2\/media\/122708"}],"wp:attachment":[{"href":"https:\/\/www.europesays.com\/no\/wp-json\/wp\/v2\/media?parent=122707"}],"wp:term":[{"taxonomy":"category","embeddable":true,"href":"https:\/\/www.europesays.com\/no\/wp-json\/wp\/v2\/categories?post=122707"},{"taxonomy":"post_tag","embeddable":true,"href":"https:\/\/www.europesays.com\/no\/wp-json\/wp\/v2\/tags?post=122707"}],"curies":[{"name":"wp","href":"https:\/\/api.w.org\/{rel}","templated":true}]}}