{"id":122715,"date":"2025-12-27T11:00:37","date_gmt":"2025-12-27T11:00:37","guid":{"rendered":"https:\/\/www.europesays.com\/no\/122715\/"},"modified":"2025-12-27T11:00:37","modified_gmt":"2025-12-27T11:00:37","slug":"momsendring-har-medfort-elbil-rush-i-mosjoen-de-ansatte-har-fatt-en-bonus-pa-desemberlonningen-helgelendingen","status":"publish","type":"post","link":"https:\/\/www.europesays.com\/no\/122715\/","title":{"rendered":"Momsendring har medf\u00f8rt elbil-rush i Mosj\u00f8en: \u2013 De ansatte har f\u00e5tt en bonus p\u00e5 desemberl\u00f8nningen &#8211; Helgelendingen"},"content":{"rendered":"<ol>\n<li><a href=\"https:\/\/news.google.com\/rss\/articles\/CBMiyAFBVV95cUxOcUVkcVVJTDZOczRyMG4yMk5MR2IxalI2Y1k0VnlWckZKMk5NTVc2ZVNwRDczRUVWNlJYTEd2SFBHRFc1VzVPZUJIc1VVR2FWMTMyYUZQUjNQMEdIV0laR3BBSUNUVUJORVkxSHhoTFU2VkFUMDFzMWpZUC1KTzdUWGM5WDlUX0xxTGV2QlVWMDdMcFZGc2ZsSUNlcXpsSFp1QTY3WGIyWnBsSUZtcHFyR1pqZGhKY0lOQ283dTY4RkRGWG5pQXFsVg?oc=5\" target=\"_blank\" rel=\"nofollow noopener\">Momsendring har medf\u00f8rt elbil-rush i Mosj\u00f8en: \u2013 De ansatte har f\u00e5tt en bonus p\u00e5 desemberl\u00f8nningen<\/a>&nbsp;&nbsp;Helgelendingen<\/li>\n<li><a href=\"https:\/\/news.google.com\/rss\/articles\/CBMiiwFBVV95cUxQRGhrRzV2SWh4cUxJUmd4b09wRmRwMWU4MVBGRTVtajRUUkdOUzlyckRoUXZHeWZneVY5RGthQmdPR3A0VEJSSUNZcHhuMW12ZHRQRWJIajRJbEpmUDJmckZhYUZ2V1VTazc3dF82ZzBDUnJTR01VZFh1UUZ2THB6RzY1alZJV0tSSmlB?oc=5\" target=\"_blank\" rel=\"nofollow noopener\">Steinkjer, N\u00e6ringsliv | Salget eksploderte \u2013 n\u00e5 sitter kj\u00f8perne p\u00e5 gjerdet<\/a>&nbsp;&nbsp;Tr\u00f8nder-Avisa<\/li>\n<li><a href=\"https:\/\/news.google.com\/rss\/articles\/CBMilgFBVV95cUxOLTBGQi1ocEdmMnpZRFpJWXNtUVlUS0ZCTHIzalVReGpPYU5GVHhLLWRhRGxGNzEzcm5GOFkwY2RBamhRZ0p6aUV6TGZYNDlaYmZDdk9Zb2dZeW9xanBUTXUtQlB2cTZ6YWQzME1GSTRVVFR1dWRkSlJLTGFRRVRsY1hodzAxXzVkc3QydWZTcE9YaGsyUlE?oc=5\" target=\"_blank\" rel=\"nofollow noopener\">Bil, Nybilsalg | Reglene endres i januar: \u2013 Vi leverer ut 15 biler om dagen<\/a>&nbsp;&nbsp;\u00d8stlandets Blad<\/li>\n<li><a href=\"https:\/\/news.google.com\/rss\/articles\/CBMivgFBVV95cUxOYnQxcjVZV3dta1MwYWtHUy1ucUozNW5sYjd1MVRuVm1zT3ZCZkh3OEJYcVYwWk9TQ3Q1TnpCT1dXZGtGM1RZX29wWE1pY0RLdk11QnZhMzNJc0YzQ3U2SURlU2ZseHBOcjFaaGsyNVQ5ZF8wX1d0aXhUbmxZeGlRMWdkaS15VkxPSHNmTXBvZ19CVUVQRHlnN2dfOWZ5VnBUWHE1a042TjJuaGVGZWl6OHFVc2Vndm1WQW5iMVhn?oc=5\" target=\"_blank\" rel=\"nofollow noopener\">Rekordsalg og 11 m\u00e5neders ventetid: Slik herjer elbil-feberen i Hammerfest og Alta<\/a>&nbsp;&nbsp;iFinnmark<\/li>\n<li><a href=\"https:\/\/news.google.com\/rss\/articles\/CBMiW0FVX3lxTE9sTlEyeGZ3bG44SWQtTFotZmE3MWRGUXpUU1VDbnp6SDVTeGo0ajVIbnBMb1d1N1FoZ2laR2loS3NEWlQzWEtXR2h0aXhPVUgwbEJpQmQ4eGJDcEU?oc=5\" target=\"_blank\" rel=\"nofollow noopener\">\u2013 Et elbil\u00e5r for historieb\u00f8kene<\/a>&nbsp;&nbsp;Norsk elbilforening<\/li>\n<\/ol>\n","protected":false},"excerpt":{"rendered":"Momsendring har medf\u00f8rt elbil-rush i Mosj\u00f8en: \u2013 De ansatte har f\u00e5tt en bonus p\u00e5 desemberl\u00f8nningen&nbsp;&nbsp;Helgelendingen Steinkjer, N\u00e6ringsliv |&hellip;\n","protected":false},"author":2,"featured_media":122716,"comment_status":"","ping_status":"","sticky":false,"template":"","format":"standard","meta":{"footnotes":""},"categories":[56],"tags":[60,61,62,30,28,29],"class_list":{"0":"post-122715","1":"post","2":"type-post","3":"status-publish","4":"format-standard","5":"has-post-thumbnail","7":"category-naeringsliv","8":"tag-business","9":"tag-economy","10":"tag-naeringsliv","11":"tag-no","12":"tag-norge","13":"tag-norway"},"share_on_mastodon":{"url":"https:\/\/pubeurope.com\/@no\/115791188827779392","error":""},"_links":{"self":[{"href":"https:\/\/www.europesays.com\/no\/wp-json\/wp\/v2\/posts\/122715","targetHints":{"allow":["GET"]}}],"collection":[{"href":"https:\/\/www.europesays.com\/no\/wp-json\/wp\/v2\/posts"}],"about":[{"href":"https:\/\/www.europesays.com\/no\/wp-json\/wp\/v2\/types\/post"}],"author":[{"embeddable":true,"href":"https:\/\/www.europesays.com\/no\/wp-json\/wp\/v2\/users\/2"}],"replies":[{"embeddable":true,"href":"https:\/\/www.europesays.com\/no\/wp-json\/wp\/v2\/comments?post=122715"}],"version-history":[{"count":0,"href":"https:\/\/www.europesays.com\/no\/wp-json\/wp\/v2\/posts\/122715\/revisions"}],"wp:featuredmedia":[{"embeddable":true,"href":"https:\/\/www.europesays.com\/no\/wp-json\/wp\/v2\/media\/122716"}],"wp:attachment":[{"href":"https:\/\/www.europesays.com\/no\/wp-json\/wp\/v2\/media?parent=122715"}],"wp:term":[{"taxonomy":"category","embeddable":true,"href":"https:\/\/www.europesays.com\/no\/wp-json\/wp\/v2\/categories?post=122715"},{"taxonomy":"post_tag","embeddable":true,"href":"https:\/\/www.europesays.com\/no\/wp-json\/wp\/v2\/tags?post=122715"}],"curies":[{"name":"wp","href":"https:\/\/api.w.org\/{rel}","templated":true}]}}