{"id":122723,"date":"2025-12-27T11:18:34","date_gmt":"2025-12-27T11:18:34","guid":{"rendered":"https:\/\/www.europesays.com\/no\/122723\/"},"modified":"2025-12-27T11:18:34","modified_gmt":"2025-12-27T11:18:34","slug":"kambodsja-thailand-kambodsja-og-thailand-har-undertegnet-vapenhvileavtale","status":"publish","type":"post","link":"https:\/\/www.europesays.com\/no\/122723\/","title":{"rendered":"Kambodsja, Thailand | Kambodsja og Thailand har undertegnet v\u00e5penhvileavtale"},"content":{"rendered":"\n<p>Partene er enige om umiddelbar stans i kamphandlingene fra klokken 12 l\u00f8rdag formiddag, det vil si klokken 6 om morgenen norsk tid.<\/p>\n<p>Det er enighet om at sivile p\u00e5 begge sider av grensen kan vende hjem. De milit\u00e6re styrkene som er utplassert, blir v\u00e6rende og skal ikke forflyttes.<\/p>\n<p>Dersom v\u00e5penhvilen holder i 72 timer, det vil si fram til tirsdag, skal Thailand overlevere 18 kambodsjanske soldater, heter det i uttalelsen.<\/p>\n<p>De siste ukene har det v\u00e6rt kamper langs grensen mellom de to landene etter at en hundre \u00e5r gammel grensekonflikt blusset opp igjen.<\/p>\n<p>Over 40 mennesker er drept i trefningene, som har v\u00e6rt de verste siden forrige v\u00e5penhvile ble inng\u00e5tt i juli, og rundt en million er evakuert.<\/p>\n<p>Begge landene anklager motparten for \u00e5 ha startet de siste kampene. De har ogs\u00e5 anklaget hverandre for \u00e5 angripe sivile.<\/p>\n","protected":false},"excerpt":{"rendered":"Partene er enige om umiddelbar stans i kamphandlingene fra klokken 12 l\u00f8rdag formiddag, det vil si klokken 6&hellip;\n","protected":false},"author":2,"featured_media":3844,"comment_status":"","ping_status":"","sticky":false,"template":"","format":"standard","meta":{"footnotes":""},"categories":[12],"tags":[20,21,24,25,15,22,23,13,30,28,29,14,16,26,27,42,43,44,45],"class_list":{"0":"post-122723","1":"post","2":"type-post","3":"status-publish","4":"format-standard","5":"has-post-thumbnail","7":"category-verden","8":"tag-breaking-news","9":"tag-breakingnews","10":"tag-featured-news","11":"tag-featurednews","12":"tag-headlines","13":"tag-latest-news","14":"tag-latestnews","15":"tag-news","16":"tag-no","17":"tag-norge","18":"tag-norway","19":"tag-nyheter","20":"tag-overskrifter","21":"tag-top-stories","22":"tag-topstories","23":"tag-verden","24":"tag-world","25":"tag-world-news","26":"tag-worldnews"},"share_on_mastodon":{"url":"https:\/\/pubeurope.com\/@no\/115791259539079682","error":""},"_links":{"self":[{"href":"https:\/\/www.europesays.com\/no\/wp-json\/wp\/v2\/posts\/122723","targetHints":{"allow":["GET"]}}],"collection":[{"href":"https:\/\/www.europesays.com\/no\/wp-json\/wp\/v2\/posts"}],"about":[{"href":"https:\/\/www.europesays.com\/no\/wp-json\/wp\/v2\/types\/post"}],"author":[{"embeddable":true,"href":"https:\/\/www.europesays.com\/no\/wp-json\/wp\/v2\/users\/2"}],"replies":[{"embeddable":true,"href":"https:\/\/www.europesays.com\/no\/wp-json\/wp\/v2\/comments?post=122723"}],"version-history":[{"count":0,"href":"https:\/\/www.europesays.com\/no\/wp-json\/wp\/v2\/posts\/122723\/revisions"}],"wp:featuredmedia":[{"embeddable":true,"href":"https:\/\/www.europesays.com\/no\/wp-json\/wp\/v2\/media\/3844"}],"wp:attachment":[{"href":"https:\/\/www.europesays.com\/no\/wp-json\/wp\/v2\/media?parent=122723"}],"wp:term":[{"taxonomy":"category","embeddable":true,"href":"https:\/\/www.europesays.com\/no\/wp-json\/wp\/v2\/categories?post=122723"},{"taxonomy":"post_tag","embeddable":true,"href":"https:\/\/www.europesays.com\/no\/wp-json\/wp\/v2\/tags?post=122723"}],"curies":[{"name":"wp","href":"https:\/\/api.w.org\/{rel}","templated":true}]}}