{"id":122724,"date":"2025-12-27T11:19:09","date_gmt":"2025-12-27T11:19:09","guid":{"rendered":"https:\/\/www.europesays.com\/no\/122724\/"},"modified":"2025-12-27T11:19:09","modified_gmt":"2025-12-27T11:19:09","slug":"bergensbanen-tog-bergensbanen-stengt-etter-furuvelt-pa-kjoreledningen","status":"publish","type":"post","link":"https:\/\/www.europesays.com\/no\/122724\/","title":{"rendered":"Bergensbanen, Tog | Bergensbanen stengt etter furuvelt p\u00e5 kj\u00f8reledningen"},"content":{"rendered":"\n<p>L\u00f8rdag formiddag er Bergensbanen stengt mellom Geilo og \u00c5l etter at et tre laget tr\u00f8bbel for toget:<\/p>\n<p>\u2013 Det stemmer. Et tre har bl\u00e5st ned p\u00e5 kontaktledningen som forsyner toget med str\u00f8m. Og s\u00e5 har et tog kj\u00f8rt inn i det treet, forklarer kommunikasjonssjef \u00c5ge-Christoffer Lundeby i Vy til BA like etter klokken 1100. Hendelsen skal if\u00f8lge ham ha skjedd cirka en time tidligere. Han sier det g\u00e5r fint med de p\u00e5 toget.<\/p>\n<p>   <img decoding=\"async\" width=\"3024\" height=\"4032\" fetchpriority=\"low\"  loading=\"lazy\"  src=\"https:\/\/www.europesays.com\/no\/wp-content\/uploads\/2025\/12\/furu.jpg\" alt=\"\" class=\"brick-c-cFOWSL\" style=\"--brick-image-ratio: 3024 \/ 4032;\"\/><\/p>\n<p>      Denne furuen er grunnen til at Bergensbanen st\u00e5r.<br \/>\n      Foto: Vy \/ Bane Nor.\n    <\/p>\n<p>\u00a0\u2013 Det er ingen dramatikk knyttet til det, men banen er stengt til Bane Nor har fikset ledningen, sier Lundeby, som ikke har det eksakte stedsnavnet der trevelten og p\u00e5kj\u00f8rselen skjedde, men opplyser at det skjedde et sted mellom \u00c5l og Geilo.<\/p>\n<p>Pressekontakt Olav Nordli i Bane Nor sier det var snakk om en stor furugren. BA har f\u00e5tt tilsendt bilder av grenen, som i alle fall har st\u00f8rrelsen til en godt voksen furu.<\/p>\n<p>Pantograf skadet<\/p>\n<p>Dette skal ha f\u00f8rt til at deler av toget kj\u00f8rte inn i grenen p\u00e5 ledningen.<\/p>\n<p>\u2013 , som det heter p\u00e5 fagspr\u00e5ket \u2013 har antakelig truffet grenen, sier Nordli.\u00a0<\/p>\n<p>\u2013 Det gjorde at morgentoget fra Bergen ble st\u00e5ende litte granne \u00f8st for Geilo, forklarer Nordli til BA. Han kjenner ikke p\u00e5 st\u00e5ende fot til hastigheten toget har p\u00e5 stedet det gjelder.<\/p>\n<p>\u2013 Men det gikk fra Bergen i 0630-tiden og skulle til Oslo, forteller pressekontakten.\u00a0<\/p>\n<p>   <img decoding=\"async\" width=\"3024\" height=\"2240\" fetchpriority=\"low\"  loading=\"lazy\"  src=\"https:\/\/www.europesays.com\/no\/wp-content\/uploads\/2025\/12\/furu2+crop.jpg\" alt=\"\" class=\"brick-c-cFOWSL\" style=\"--brick-image-ratio: 3024 \/ 2240;\"\/><\/p>\n<p>      Dette er str\u00f8mavtakeren \u2013 den s\u00e5kalte pantografen \u2013 som trolig traff furuen.<br \/>\n      Foto: Vy \/ Bane Nor\n    <\/p>\n<p>  Uvisst antall ber\u00f8rte<\/p>\n<p>\u2013 Hvor mange passasjerer er rammet av stengningen?<\/p>\n<p>\u2013 Det vet vi ikke, all den tid vi ikke vet hvor lang tid det tar f\u00f8r banen \u00e5pner. Men inntil videre er togtrafikken stengt mellom \u00c5l og Geilo.<\/p>\n<p>Nordli i Bane Nor sier de tar sikte p\u00e5 \u00e5 l\u00f8se problemet i l\u00f8pet av l\u00f8rdagen.<\/p>\n<p>\u2013 Det er h\u00e5p om at toget etter hvert kan fortsette for egen maskin, og h\u00e5p om at banen \u00e5pner i l\u00f8pet av i ettermiddag eller tidlig i kveld, sier Nordli.<\/p>\n<p>\u2013 Men der m\u00e5 vi ta forbehold til utbedringsarbeidet kommer skikkelig i gang.\u00a0<\/p>\n<p>\u2013 Busser er p\u00e5 vei<\/p>\n<p>Dermed blir det buss for tog inntil togene kan kj\u00f8re strekningen igjen.<\/p>\n<p>\u2013 Vi har busser p\u00e5 vei. De som var i det toget som st\u00e5r ved treet er i ferd med \u00e5 bli tatt ut av toget. De blir kj\u00f8rt i busser mot Oslo, sier Lundeby.<\/p>\n","protected":false},"excerpt":{"rendered":"L\u00f8rdag formiddag er Bergensbanen stengt mellom Geilo og \u00c5l etter at et tre laget tr\u00f8bbel for toget: \u2013&hellip;\n","protected":false},"author":2,"featured_media":122725,"comment_status":"","ping_status":"","sticky":false,"template":"","format":"standard","meta":{"footnotes":""},"categories":[10],"tags":[36,1954,20,21,24,25,15,22,23,13,30,28,29,447,14,16,1510,1923,26,27,2396],"class_list":{"0":"post-122724","1":"post","2":"type-post","3":"status-publish","4":"format-standard","5":"has-post-thumbnail","7":"category-norge","8":"tag-art","9":"tag-bergensbanen","10":"tag-breaking-news","11":"tag-breakingnews","12":"tag-featured-news","13":"tag-featurednews","14":"tag-headlines","15":"tag-latest-news","16":"tag-latestnews","17":"tag-news","18":"tag-no","19":"tag-norge","20":"tag-norway","21":"tag-nyhet","22":"tag-nyheter","23":"tag-overskrifter","24":"tag-story","25":"tag-tog","26":"tag-top-stories","27":"tag-topstories","28":"tag-vy"},"share_on_mastodon":{"url":"https:\/\/pubeurope.com\/@no\/115791263776915400","error":""},"_links":{"self":[{"href":"https:\/\/www.europesays.com\/no\/wp-json\/wp\/v2\/posts\/122724","targetHints":{"allow":["GET"]}}],"collection":[{"href":"https:\/\/www.europesays.com\/no\/wp-json\/wp\/v2\/posts"}],"about":[{"href":"https:\/\/www.europesays.com\/no\/wp-json\/wp\/v2\/types\/post"}],"author":[{"embeddable":true,"href":"https:\/\/www.europesays.com\/no\/wp-json\/wp\/v2\/users\/2"}],"replies":[{"embeddable":true,"href":"https:\/\/www.europesays.com\/no\/wp-json\/wp\/v2\/comments?post=122724"}],"version-history":[{"count":0,"href":"https:\/\/www.europesays.com\/no\/wp-json\/wp\/v2\/posts\/122724\/revisions"}],"wp:featuredmedia":[{"embeddable":true,"href":"https:\/\/www.europesays.com\/no\/wp-json\/wp\/v2\/media\/122725"}],"wp:attachment":[{"href":"https:\/\/www.europesays.com\/no\/wp-json\/wp\/v2\/media?parent=122724"}],"wp:term":[{"taxonomy":"category","embeddable":true,"href":"https:\/\/www.europesays.com\/no\/wp-json\/wp\/v2\/categories?post=122724"},{"taxonomy":"post_tag","embeddable":true,"href":"https:\/\/www.europesays.com\/no\/wp-json\/wp\/v2\/tags?post=122724"}],"curies":[{"name":"wp","href":"https:\/\/api.w.org\/{rel}","templated":true}]}}