{"id":122726,"date":"2025-12-27T11:20:14","date_gmt":"2025-12-27T11:20:14","guid":{"rendered":"https:\/\/www.europesays.com\/no\/122726\/"},"modified":"2025-12-27T11:20:14","modified_gmt":"2025-12-27T11:20:14","slug":"eldre-og-mer-erfaren","status":"publish","type":"post","link":"https:\/\/www.europesays.com\/no\/122726\/","title":{"rendered":"\u2013 Eldre og mer erfaren"},"content":{"rendered":"\n<ul class=\"_list_o9xde_3 _list_64s2r_85 _unordered_o9xde_106 text-sans-m\">\n<li class=\"_item_o9xde_30\">Erling Braut Haaland topper VGs liste over Norges st\u00f8rste idrettsstjerner for fjerde gang.<\/li>\n<li class=\"_item_o9xde_30\">Haaland har hatt et spektakul\u00e6rt \u00e5r med rekorder og viktige m\u00e5l for b\u00e5de klubb og landslag.<\/li>\n<li class=\"_item_o9xde_30\">Pappa Alfie Haaland fremhever Erlings ansvar i Manchester City og utvikling som kaptein.<\/li>\n<li class=\"_item_o9xde_30\">Jan-\u00c5ge Fj\u00f8rtoft og Lars Tj\u00e6rn\u00e5s roser Haalands forbedringer p\u00e5 mange aspekter av spillet.<\/li>\n<li class=\"_item_o9xde_30\">Haaland har ogs\u00e5 \u00e5pnet opp mer privat ved \u00e5 dele p\u00e5 YouTube og Snapchat.<\/li>\n<\/ul>\n<p>Vis mer <\/p>\n<p class=\"_paragraph_o9xde_4 _paragraph_xtcu6_10 layout-component text-serif-m layout-normal text-serif-m layout-padded\">\u2013 Vi synes det har v\u00e6rt et flott \u00e5r med nye utfordringer og milep\u00e6ler som er n\u00e5dd p\u00e5 banen, sier Alfie Haaland til VG.<\/p>\n<p class=\"_paragraph_o9xde_4 _paragraph_xtcu6_10 layout-component text-serif-m layout-normal text-serif-m layout-padded\"><strong class=\"_strong_o9xde_25\">For fjerde \u00e5r p\u00e5 rad topper <a href=\"https:\/\/www.vg.no\/tag\/erling-braut-haaland?utm_source=vg-article&amp;utm_medium=auto-tagger&amp;utm_campaign=k0apJ9\" class=\"_link_o9xde_39\" rel=\"nofollow noopener\" target=\"_blank\">Erling Braut Haaland<\/a> <a href=\"https:\/\/www.vg.no\/sport\/i\/V6RJJ3\/100-lista-2025\" data-track-element-type=\"Link\" data-track-id=\"link:V6RJJ3\" class=\"_link_o9xde_39\" rel=\"nofollow noopener\" target=\"_blank\">VGs k\u00e5ring av de 100 st\u00f8rste norske idrettsstjernene. <\/a><\/strong><\/p>\n<p class=\"_paragraph_o9xde_4 _paragraph_xtcu6_10 layout-component text-serif-m layout-normal text-serif-m layout-padded\">Haaland har lagt bak seg et uforglemmelig \u00e5r der store dr\u00f8mmer ble oppfylt. Viaplay-ekspert Jan-\u00c5ge Fj\u00f8rtoft, \u00e9n av de som har fulgt Haaland tettest i karrieren, beskriver \u00e5ret \u2013 der to Premier League-sesonger krysser \u2013 slik:<\/p>\n<p class=\"_paragraph_o9xde_4 _paragraph_xtcu6_10 layout-component text-serif-m layout-normal text-serif-m layout-padded\">\u2013 Kalender\u00e5ret 2025 totalt er litt spesielt, for forrige sesong var Manchester City som lag d\u00e5rlig. Det var ikke \u00e9n kontring, ikke ett innlegg \u2013 og Haaland scoret likevel 34 m\u00e5l. <\/p>\n<p class=\"_paragraph_o9xde_4 _paragraph_xtcu6_10 layout-component text-serif-m layout-normal text-serif-m layout-padded\">\u2013 Og s\u00e5, denne sesongen, har han v\u00e6rt suveren. Han har v\u00e6rt supersentral p\u00e5 landslaget sammen med Martin \u00d8degaard som m\u00e5lscorer og leder, og tatt herrelandslaget til et VM for f\u00f8rste gang p\u00e5 28 \u00e5r. S\u00e5 i Erlings fortsatt unge historie, der han allerede har \u00e9n sesong med The TrebleThe TrebleManchester City vant &laquo;trippelen&raquo; Premier League, Champions League og FA-cupen i 2022\/23-sesongen., vil 2025 v\u00e6re et \u00e5r som virkelig skinner.<\/p>\n<p><img alt=\"ITALIAS SKREKK: Haaland og Julian Ryerson jubler etter at Norge slo Italia 1\u20134 p\u00e5 bortebane i den siste VM-kvalifiseringskampen \u2013 og ble HELT klare for VM. Haaland scoret to m\u00e5l.  Foto: Bj\u00f8rn S. Delebekk \/ VG\" class=\"_image_qp4xg_65 layout-component layout-normal\" data-fullscreen- data-track-element-type=\"Article image fullscreen\" data-track-name=\"ImageFullscreen\" decoding=\"async\" loading=\"lazy\" height=\"3198\" itemprop=\"image\"  src=\"https:\/\/www.europesays.com\/no\/wp-content\/uploads\/2025\/12\/48ffc65a-f7d8-40bb-baf4-1add6c444178\"  style=\"object-position:0% 0%\" width=\"4486\"\/>ITALIAS SKREKK: Haaland og Julian Ryerson jubler etter at Norge slo Italia 1\u20134 p\u00e5 bortebane i den siste VM-kvalifiseringskampen \u2013 og ble HELT klare for VM. Haaland scoret to m\u00e5l.  Foto: Bj\u00f8rn S. Delebekk \/ VG<\/p>\n<p class=\"_paragraph_o9xde_4 _paragraph_xtcu6_10 layout-component text-serif-m layout-normal text-serif-m layout-padded\"><strong class=\"_strong_o9xde_25\">Noen rekorder ble det ogs\u00e5:<\/strong> Haaland ble den raskeste i historien <a href=\"https:\/\/www.vg.no\/sport\/i\/43je1G\/historiske-haaland-smadret-nok-en-rekord-tidenes-raskeste-til-100-premier-league-maal\" data-track-element-type=\"Link\" data-track-id=\"link:43je1G\" class=\"_link_o9xde_39\" rel=\"nofollow noopener\" target=\"_blank\">til \u00e5 n\u00e5 100 m\u00e5l i Premier League<\/a>. <\/p>\n<p class=\"_paragraph_o9xde_4 _paragraph_xtcu6_10 layout-component text-serif-m layout-normal text-serif-m layout-padded\">Det brukte han bare 111 kamper p\u00e5, og m\u00e5let s\u00e5 slik ut: <\/p>\n<p class=\"_paragraph_o9xde_4 _paragraph_xtcu6_10 layout-component text-serif-m layout-normal text-serif-m layout-padded\"><strong class=\"_strong_o9xde_25\">For landslaget n\u00e5dde han formidable 55 scoringer p\u00e5 48 kamper.<\/strong> Han scoret tre av m\u00e5lene da stormakten Italia til sammen ble sl\u00e5tt 7\u20131 over to kamper i VM-kvalifiseringen. I den historiske <a href=\"https:\/\/www.vg.no\/sport\/i\/wgan6P\/norge-moldova-101-erling-braut-haaland-scoret-fem-maal\" data-track-element-type=\"Link\" data-track-id=\"link:wgan6P\" class=\"_link_o9xde_39\" rel=\"nofollow noopener\" target=\"_blank\">11\u20131-nedsablingen av Moldova, satte Haaland inn fem fulltreffere<\/a>.<\/p>\n<p class=\"_paragraph_o9xde_4 _paragraph_xtcu6_10 layout-component text-serif-m layout-normal text-serif-m layout-padded\">Pappa Alfie trekker frem noe annet som har betydd mye:<\/p>\n<p class=\"_paragraph_o9xde_4 _paragraph_xtcu6_10 layout-component text-serif-m layout-normal text-serif-m layout-padded\">\u2013 Han har blitt en del av Citys kapteinsteam og har med det f\u00e5tt mer ansvar som en sentral del av Citys ambisjoner om \u00e5 n\u00e5 toppen av Premier League igjen, p\u00e5peker han.<\/p>\n<p><img decoding=\"async\" alt=\"Bilde av Alfie Haaland\" class=\"_image_ygndg_42\" height=\"27\" itemprop=\"image\" loading=\"lazy\"  src=\"https:\/\/www.europesays.com\/no\/wp-content\/uploads\/2025\/12\/00de77d3-098f-4252-b2e1-3471e2228416\"  width=\"40\"\/><strong class=\"_name_ygndg_51 title-serif-xs\">Alfie Haaland<\/strong><\/p>\n<p class=\"_paragraph_o9xde_4 text-sans-m _description_ygndg_56\">Tidl. fotballspiller og Erling Braut Haalands far<\/p>\n<p>Haalands rekorder i Premier League<\/p>\n<ul class=\"_list_o9xde_3 _list_xtcu6_9 _list_16v91_9 _unordered_o9xde_106 layout-component text-serif-m layout-normal text-sans-m layout-padded\">\n<li class=\"_item_o9xde_30\">Raskest til 100 m\u00e5l (111 kamper)<\/li>\n<li class=\"_item_o9xde_30\">Raskest til 50 m\u00e5l (48 kamper)<\/li>\n<li class=\"_item_o9xde_30\">Flest m\u00e5l i \u00e9n sesong (36)<\/li>\n<li class=\"_item_o9xde_30\">Flest m\u00e5l i en debutsesong (36)<\/li>\n<li class=\"_item_o9xde_30\">F\u00e6rrest kamper for \u00e5 n\u00e5 100\u00a0m\u00e5lpoeng\u00a0(95)<\/li>\n<\/ul>\n<p>Vis mer<\/p>\n<p class=\"_paragraph_o9xde_4 _paragraph_xtcu6_10 layout-component text-serif-m layout-normal text-serif-m layout-padded\">Haaland fortsetter \u00e5 imponere med m\u00e5lsnittet, men i \u00e5r har ekspertene latt seg begeistre av ogs\u00e5 \u00e5 se ham ta store steg i andre deler av spillet.<\/p>\n<p class=\"_paragraph_o9xde_4 _paragraph_xtcu6_10 layout-component text-serif-m layout-normal text-serif-m layout-padded\">\u2013 2025 har v\u00e6rt \u00e5ret hvor jeg syns Haaland har utviklet flest deler av spillet gjennom alle \u00e5r jeg har fulgt ham tett, sier Viaplay-ekspert Lars Tj\u00e6rn\u00e5s. <\/p>\n<p class=\"_paragraph_o9xde_4 _paragraph_xtcu6_10 layout-component text-serif-m layout-normal text-serif-m layout-padded\">Det er spesielt fire punkter Haaland har forbedret, mener b\u00e5de Tj\u00e6rn\u00e5s og Fj\u00f8rtoft:<\/p>\n<ul class=\"_list_o9xde_3 _list_xtcu6_9 _unordered_o9xde_106 layout-component text-serif-m layout-normal text-serif-m layout-padded\">\n<li class=\"_item_o9xde_30\"><strong class=\"_strong_o9xde_25\">Bedre bruk av h\u00f8yrebeinet: <\/strong>Utviklet teknikken og presisjonen betydelig.<\/li>\n<li class=\"_item_o9xde_30\"><strong class=\"_strong_o9xde_25\">Markant forbedring i luftspillet: <\/strong>B\u00e5de timing og teknikk.<\/li>\n<li class=\"_item_o9xde_30\"><strong class=\"_strong_o9xde_25\">Klar framgang som targetspiss: <\/strong>Sterkere som oppspillspunkt, beskytter ballen bedre, mer presise st\u00f8ttepasninger, stusser og flikker.<\/li>\n<li class=\"_item_o9xde_30\"><strong class=\"_strong_o9xde_25\">\u00d8kt t\u00e5lmodighet i spillet: <\/strong>Han t\u00f8r n\u00e5 \u00e5 v\u00e6re mer \u00abavkoblet\u00bb i perioder uten \u00e5 miste fokus, mener Tj\u00e6rn\u00e5s.<\/li>\n<\/ul>\n<p><img alt=\"M\u00c5L MED MER: Her ser Haaland ett av sine fem m\u00e5l g\u00e5 inn mot Moldova, men i \u00e5r har han imponert ekspertene med enda st\u00f8rre bredde i spillet sitt enn f\u00f8r.  Foto: Bj\u00f8rn S. Delebekk \/ VG\" class=\"_image_qp4xg_65 layout-component layout-normal\" data-fullscreen- data-track-element-type=\"Article image fullscreen\" data-track-name=\"ImageFullscreen\" decoding=\"async\" loading=\"lazy\" height=\"3307\" itemprop=\"image\"  src=\"https:\/\/www.europesays.com\/no\/wp-content\/uploads\/2025\/12\/64d517c6-059c-431a-aed8-7eed9bf2e45b\"  style=\"object-position:0% 0%\" width=\"5919\"\/>M\u00c5L MED MER: Her ser Haaland ett av sine fem m\u00e5l g\u00e5 inn mot Moldova, men i \u00e5r har han imponert ekspertene med enda st\u00f8rre bredde i spillet sitt enn f\u00f8r.  Foto: Bj\u00f8rn S. Delebekk \/ VG<\/p>\n<p class=\"_paragraph_o9xde_4 _paragraph_xtcu6_10 layout-component text-serif-m layout-normal text-serif-m layout-padded\">\u2013 S\u00e5 har han forsterket det han allerede har v\u00e6rt veldig god p\u00e5, som de l\u00f8pene han tar \u2013 og at han ser trekkene lenge f\u00f8r. Haaland er som en sjakkspiller p\u00e5 fotballbanen, sier Fj\u00f8rtoft.<\/p>\n<p><img decoding=\"async\" alt=\"Bilde av Jan-\u00c5ge Fj\u00f8rtoft\" class=\"_image_ygndg_42\" height=\"32\" itemprop=\"image\" loading=\"lazy\"  src=\"https:\/\/www.europesays.com\/no\/wp-content\/uploads\/2025\/12\/bcbfa830-89fc-487f-9048-6338297c02d5\"  width=\"40\"\/><strong class=\"_name_ygndg_51 title-serif-xs\">Jan-\u00c5ge Fj\u00f8rtoft<\/strong><\/p>\n<p class=\"_paragraph_o9xde_4 text-sans-m _description_ygndg_56\">Tidl. fotballspiller og Viaplay-ekspert<\/p>\n<p class=\"_paragraph_o9xde_4 _paragraph_xtcu6_10 layout-component text-serif-m layout-normal text-serif-m layout-padded\"><strong class=\"_strong_o9xde_25\">Alfie Haaland gir et innblikk i hvordan s\u00f8nnen har jobbet med alt dette.<\/strong><\/p>\n<p class=\"_paragraph_o9xde_4 _paragraph_xtcu6_10 layout-component text-serif-m layout-normal text-serif-m layout-padded\">\u2013 Erling er opptatt av \u00e5 jobbe med de sm\u00e5 detaljene. Teknisk, taktisk, fysisk og mentalt. Alltid gj\u00f8re det han tror er riktig for \u00e5 forbedre disse omr\u00e5dene. Enten det er gode eller d\u00e5rlige perioder. Enten han har mye overskudd eller er sliten, sier pappaen. <\/p>\n<p class=\"_paragraph_o9xde_4 _paragraph_xtcu6_10 layout-component text-serif-m layout-normal text-serif-m layout-padded\">\u2013 Vi ser at det fokuset gj\u00f8r at han utvikler seg som spiller hele tiden. Det er et fokus som er veldig utviklingsorientert og da tror vi det er mulig \u00e5 utvikle seg enda mer. P\u00e5 alle omr\u00e5der. Noe han selv ogs\u00e5 sier hele tiden.<\/p>\n<p><img alt=\"SPYDSPISSENE: Haaland og Martin \u00d8degaard feirer Norges VM-billett foran folkehavet p\u00e5 R\u00e5dhusplassen.  Foto: Terje Pedersen \/ NTB\" class=\"_image_qp4xg_65 layout-component layout-normal\" data-fullscreen- data-track-element-type=\"Article image fullscreen\" data-track-name=\"ImageFullscreen\" decoding=\"async\" loading=\"lazy\" height=\"3544\" itemprop=\"image\"  src=\"https:\/\/www.europesays.com\/no\/wp-content\/uploads\/2025\/12\/28ed20de-3a26-4c1c-a3b0-45843e9f9e86\"  style=\"object-position:0% 0%\" width=\"5315\"\/>SPYDSPISSENE: Haaland og Martin \u00d8degaard feirer Norges VM-billett foran folkehavet p\u00e5 R\u00e5dhusplassen.  Foto: Terje Pedersen \/ NTB<\/p>\n<p class=\"_paragraph_o9xde_4 _paragraph_xtcu6_10 layout-component text-serif-m layout-normal text-serif-m layout-padded\">Samtidig trekker mange frem at superspissen i \u00e5r ogs\u00e5 har vist nye sider p\u00e5 et helt annet plan \u2013 nemlig det rent menneskelige. <\/p>\n<p class=\"_paragraph_o9xde_4 _paragraph_xtcu6_10 layout-component text-serif-m layout-normal text-serif-m layout-padded\">Som The Guardian-spaltisten Johathan Liew skrev i en <a href=\"https:\/\/www.theguardian.com\/football\/2025\/dec\/04\/we-must-look-beyond-the-brute-numbers-to-really-appreciate-haalands-legend\" class=\"_link_o9xde_39\" rel=\"nofollow noopener\" target=\"_blank\">kommentar<\/a> i desember:<\/p>\n<p class=\"_paragraph_o9xde_4 _paragraph_xtcu6_10 layout-component text-serif-m layout-normal text-serif-m layout-padded\">\u2013 Utenfor banen er det et inntrykk av modenhet og vekst, av humor og selvbevissthet \u2013 en mann som endelig begynner \u00e5 slippe verden inn, trygg nok i egen person til \u00e5 leke med den. <\/p>\n<p class=\"_paragraph_o9xde_4 _paragraph_xtcu6_10 layout-component text-serif-m layout-normal text-serif-m layout-padded\">Haaland har nemlig tidligere vernet om privatlivet, men i \u00e5r laget han sin egen YouTube-kanal. <\/p>\n<p class=\"_paragraph_o9xde_4 _paragraph_xtcu6_10 layout-component text-serif-m layout-normal text-serif-m layout-padded\"><strong class=\"_strong_o9xde_25\">B\u00e5de der og p\u00e5 Snapchat legger han n\u00e5 stadig ut glimt fra hverdagen, ofte med mye smil og latter.<\/strong><\/p>\n<p class=\"_paragraph_o9xde_4 _paragraph_xtcu6_10 layout-component text-serif-m layout-normal text-serif-m layout-padded\">\u2013 Han deler sitt daglige kostholdsregime (r\u00e5melk, ispellets, flytende barium, den typen greier) og sier ting som: \u00abRumpemusklene mine er sterke n\u00e5. De er skikkelig aktivert.\u00bb beskriver Liew.<\/p>\n<p class=\"_paragraph_o9xde_4 _paragraph_xtcu6_10 layout-component text-serif-m layout-normal text-serif-m layout-padded\"><strong class=\"_strong_o9xde_25\">P\u00e5 sp\u00f8rsm\u00e5l om hvorfor Haaland ville dele mer med fansen i \u00e5r, svarer Alfie Haaland: <\/strong><\/p>\n<p class=\"_paragraph_o9xde_4 _paragraph_xtcu6_10 layout-component text-serif-m layout-normal text-serif-m layout-padded\">\u2013 Som alle andre liker Erling \u00e5 gj\u00f8re ting som han liker. Han liker \u00e5 utforske de digitale mulighetene som ligger i YouTube. Da blir det ekte og noe som gir energi. For ham, og kanskje interessant for seere. Vi pleier \u00e5 si at Erling er god til \u00e5 v\u00e6re Erling \u2013 og YouTube er en fin plattform \u00e5 vise det frem p\u00e5.<\/p>\n<p class=\"_paragraph_o9xde_4 _paragraph_xtcu6_10 layout-component text-serif-m layout-normal text-serif-m layout-padded\">Pappaen blir glad av \u00e5 h\u00f8re at s\u00f8nnen beskrives som enda mer moden og trygg.<\/p>\n<p class=\"_paragraph_o9xde_4 _paragraph_xtcu6_10 layout-component text-serif-m layout-normal text-serif-m layout-padded\">\u2013 Vi som st\u00e5r han n\u00e6r synes det er hyggelig med slike tilbakemeldinger. S\u00e5 er det s\u00e5nn at m\u00e5ten han fremst\u00e5r p\u00e5, p\u00e5 alle m\u00e5ter er slik vi kjenner han. <\/p>\n<p class=\"_paragraph_o9xde_4 _paragraph_xtcu6_10 layout-component text-serif-m layout-normal text-serif-m layout-padded\">\u2013 At dette n\u00e5 kommer mer frem, handler nok om en kombinasjon av at han er blitt eldre og mer erfaren, samt at det har v\u00e6rt noen muligheter til \u00e5 v\u00e6re med p\u00e5 ting som er litt annerledes og kjekkere enn tradisjonelle formater.<\/p>\n<p><img alt=\"SL\u00c5TT SEG MER L\u00d8S: Haaland har vist enda mer av personligheten.  Foto: Bj\u00f8rn S. Delebekk \/ VG\" class=\"_image_qp4xg_65 layout-component layout-normal\" data-fullscreen- data-track-element-type=\"Article image fullscreen\" data-track-name=\"ImageFullscreen\" decoding=\"async\" loading=\"lazy\" height=\"3592\" itemprop=\"image\"  src=\"https:\/\/www.europesays.com\/no\/wp-content\/uploads\/2025\/12\/5f4a7bc7-abea-456c-b9ca-647620d32070\"  style=\"object-position:0% 0%\" width=\"3251\"\/>SL\u00c5TT SEG MER L\u00d8S: Haaland har vist enda mer av personligheten.  Foto: Bj\u00f8rn S. Delebekk \/ VG<\/p>\n<p class=\"_paragraph_o9xde_4 _paragraph_xtcu6_10 layout-component text-serif-m layout-normal text-serif-m layout-padded\">Fotballekspertene Fj\u00f8rtoft og Tj\u00e6rn\u00e5s mener at n\u00e5 trenger ikke diskusjonen lenger \u00e5 \u00abbare\u00bb g\u00e5 p\u00e5 om Haaland fortjener \u00e5 bli k\u00e5ret til Norges beste idrettsut\u00f8ver \u2013 men om han ogs\u00e5 rett og slett er verdens beste fotballspiller.<\/p>\n<p class=\"_paragraph_o9xde_4 _paragraph_xtcu6_10 layout-component text-serif-m layout-normal text-serif-m layout-padded\">Fj\u00f8rtoft mener at det akkurat n\u00e5 er \u00abdelt f\u00f8rsteplass\u00bb mellom Real Madrids Kylian Mbapp\u00e9 og Haaland. Tj\u00e6rn\u00e5s holder Haaland et \u00f8rlite knepp over \u2013 og mener alts\u00e5 at han n\u00e5 er den beste.<\/p>\n<p><img alt=\"FESTER GREPET: Haaland og Mbapp\u00e9 med godt tak om hverandre i Champions Leauge-oppgj\u00f8ret mellom Manchester City og Real Madrid i februar, som spanjolene vant.  Foto: Mike Egerton \/ Pa Photos \/ NTB\" class=\"_image_qp4xg_65 layout-component layout-normal\" data-fullscreen- data-track-element-type=\"Article image fullscreen\" data-track-name=\"ImageFullscreen\" decoding=\"async\" loading=\"lazy\" height=\"2521\" itemprop=\"image\"  src=\"https:\/\/www.europesays.com\/no\/wp-content\/uploads\/2025\/12\/ea9dcffb-1f63-4b27-bfb1-dd30d58d8ce1\"  style=\"object-position:0% 0%\" width=\"3781\"\/>FESTER GREPET: Haaland og Mbapp\u00e9 med godt tak om hverandre i Champions Leauge-oppgj\u00f8ret mellom Manchester City og Real Madrid i februar, som spanjolene vant.  Foto: Mike Egerton \/ Pa Photos \/ NTB<\/p>\n<p class=\"_paragraph_o9xde_4 _paragraph_xtcu6_10 layout-component text-serif-m layout-normal text-serif-m layout-padded\">\u2013 Jeg mener at n\u00e5r vi har en av verdens beste spillere i verdens st\u00f8rste idrett, kan vi ogs\u00e5 vurdere om Haaland er den st\u00f8rste idrettsut\u00f8veren vi har hatt i Norge noensinne, sier Fj\u00f8rtoft. <\/p>\n<p class=\"_paragraph_o9xde_4 _paragraph_xtcu6_10 layout-component text-serif-m layout-normal text-serif-m layout-padded\"><strong class=\"_strong_o9xde_25\">2025 er i alle fall overst\u00e5tt, og det kommende \u00e5ret ligger an til \u00e5 bli minst like begivenhetsfullt for Haaland.<\/strong><\/p>\n<p class=\"_paragraph_o9xde_4 _paragraph_xtcu6_10 layout-component text-serif-m layout-normal text-serif-m layout-padded\">\u2013 I 2026 blir det desiderte h\u00f8ydepunktet, som nordmann, helt klart VM. Det skal sparkes mye fotball f\u00f8r det, og vi har et City som ikke er s\u00e5 suverene som de var i den f\u00f8rste, og fors\u00e5vidt andre sesongen hans. Samtidig kan de ha hold p\u00e5 Arsenal om gullet. Det jeg tror ingen nordmenn eller City-fans vil se inne i sp\u00e5kulen for det kommende \u00e5ret, er en skade, sier Fj\u00f8rtoft. <\/p>\n<p class=\"_paragraph_o9xde_4 _paragraph_xtcu6_10 layout-component text-serif-m layout-normal text-serif-m layout-padded\">\u2013 Men der vet vi at Erling er verdens best forberedte, sl\u00e5r han fast.<\/p>\n","protected":false},"excerpt":{"rendered":"Erling Braut Haaland topper VGs liste over Norges st\u00f8rste idrettsstjerner for fjerde gang. Haaland har hatt et spektakul\u00e6rt&hellip;\n","protected":false},"author":2,"featured_media":122727,"comment_status":"","ping_status":"","sticky":false,"template":"","format":"standard","meta":{"footnotes":""},"categories":[5],"tags":[20,21,810,24,25,15,3163,19,22,23,17,18,13,30,28,29,14,16,161,26,27],"class_list":{"0":"post-122726","1":"post","2":"type-post","3":"status-publish","4":"format-standard","5":"has-post-thumbnail","7":"category-overskrifter","8":"tag-breaking-news","9":"tag-breakingnews","10":"tag-erling-braut-haaland","11":"tag-featured-news","12":"tag-featurednews","13":"tag-headlines","14":"tag-herrelandslaget-fotball","15":"tag-hovedoppslag","16":"tag-latest-news","17":"tag-latestnews","18":"tag-main-news","19":"tag-mainnews","20":"tag-news","21":"tag-no","22":"tag-norge","23":"tag-norway","24":"tag-nyheter","25":"tag-overskrifter","26":"tag-premier-league","27":"tag-top-stories","28":"tag-topstories"},"share_on_mastodon":{"url":"https:\/\/pubeurope.com\/@no\/115791267537099233","error":""},"_links":{"self":[{"href":"https:\/\/www.europesays.com\/no\/wp-json\/wp\/v2\/posts\/122726","targetHints":{"allow":["GET"]}}],"collection":[{"href":"https:\/\/www.europesays.com\/no\/wp-json\/wp\/v2\/posts"}],"about":[{"href":"https:\/\/www.europesays.com\/no\/wp-json\/wp\/v2\/types\/post"}],"author":[{"embeddable":true,"href":"https:\/\/www.europesays.com\/no\/wp-json\/wp\/v2\/users\/2"}],"replies":[{"embeddable":true,"href":"https:\/\/www.europesays.com\/no\/wp-json\/wp\/v2\/comments?post=122726"}],"version-history":[{"count":0,"href":"https:\/\/www.europesays.com\/no\/wp-json\/wp\/v2\/posts\/122726\/revisions"}],"wp:featuredmedia":[{"embeddable":true,"href":"https:\/\/www.europesays.com\/no\/wp-json\/wp\/v2\/media\/122727"}],"wp:attachment":[{"href":"https:\/\/www.europesays.com\/no\/wp-json\/wp\/v2\/media?parent=122726"}],"wp:term":[{"taxonomy":"category","embeddable":true,"href":"https:\/\/www.europesays.com\/no\/wp-json\/wp\/v2\/categories?post=122726"},{"taxonomy":"post_tag","embeddable":true,"href":"https:\/\/www.europesays.com\/no\/wp-json\/wp\/v2\/tags?post=122726"}],"curies":[{"name":"wp","href":"https:\/\/api.w.org\/{rel}","templated":true}]}}