{"id":122728,"date":"2025-12-27T11:21:13","date_gmt":"2025-12-27T11:21:13","guid":{"rendered":"https:\/\/www.europesays.com\/no\/122728\/"},"modified":"2025-12-27T11:21:13","modified_gmt":"2025-12-27T11:21:13","slug":"veien-fra-rival-til-tottenham","status":"publish","type":"post","link":"https:\/\/www.europesays.com\/no\/122728\/","title":{"rendered":"Veien fra Rival til Tottenham"},"content":{"rendered":"<p data-testid=\"textWithMarkup-text\" data-v-81d7dc2b=\"\" data-v-62d58f52=\"\">Stortalentet har herjet for Brann i eliteserien og Europa, og blitt en av landslagets mest spennende profiler. N\u00e5 er hun klar for profflivet i den engelske toppklubben Tottenham. <\/p>\n<p data-testid=\"textWithMarkup-text\" data-v-81d7dc2b=\"\" data-v-62d58f52=\"\">28. desember reiser hun til London sammen med mamma Ingunn for \u00e5 feire nytt\u00e5r og starte p\u00e5 den nye tilv\u00e6relsen.<\/p>\n<p data-testid=\"textWithMarkup-text\" data-v-81d7dc2b=\"\" data-v-62d58f52=\"\">I RB-sporten snakker 20-\u00e5ringen om veien fra Rival og MFK til Sandviken og Brann. Hun forteller hvorfor hun valgte Tottenham i rekken av interesserte klubber i utlandet.<\/p>\n<p data-testid=\"textWithMarkup-text\" data-v-81d7dc2b=\"\" data-v-62d58f52=\"\">Du f\u00e5r h\u00f8re hvilke trenere og enkeltspillere som har betydd mye for Gaupset s\u00e5 langt i karrieren. Hun avsl\u00f8rer ogs\u00e5 hvilke heftige m\u00e5l hun har satt for seg selv som fotballspiller. <\/p>\n<p data-testid=\"textWithMarkup-text\" data-v-81d7dc2b=\"\" data-v-62d58f52=\"\">En spesiell opplevelse sammen med Ada Hegerberg hentes fram fra minneboka. Sammenligningen med Erling Haaland blir ogs\u00e5 tema.<\/p>\n<p data-testid=\"textWithMarkup-text\" data-v-81d7dc2b=\"\" data-v-62d58f52=\"\">Signe Gaupset bes\u00f8ker studio i fotballprat med Martin Br\u00f8ste, Pernille Huseby og Trond Hustad.<\/p>\n<p data-testid=\"textWithMarkup-text\" data-v-81d7dc2b=\"\" data-v-62d58f52=\"\">Du kan h\u00f8re episoden p\u00e5 Spotify, i vinduet over eller der du vanligvis h\u00f8rer podkast.<\/p>\n","protected":false},"excerpt":{"rendered":"Stortalentet har herjet for Brann i eliteserien og Europa, og blitt en av landslagets mest spennende profiler. N\u00e5&hellip;\n","protected":false},"author":2,"featured_media":122729,"comment_status":"","ping_status":"","sticky":false,"template":"","format":"standard","meta":{"footnotes":""},"categories":[59],"tags":[30,28,29,83,82],"class_list":{"0":"post-122728","1":"post","2":"type-post","3":"status-publish","4":"format-standard","5":"has-post-thumbnail","7":"category-sport","8":"tag-no","9":"tag-norge","10":"tag-norway","11":"tag-sport","12":"tag-sports"},"share_on_mastodon":{"url":"https:\/\/pubeurope.com\/@no\/115791271209428677","error":""},"_links":{"self":[{"href":"https:\/\/www.europesays.com\/no\/wp-json\/wp\/v2\/posts\/122728","targetHints":{"allow":["GET"]}}],"collection":[{"href":"https:\/\/www.europesays.com\/no\/wp-json\/wp\/v2\/posts"}],"about":[{"href":"https:\/\/www.europesays.com\/no\/wp-json\/wp\/v2\/types\/post"}],"author":[{"embeddable":true,"href":"https:\/\/www.europesays.com\/no\/wp-json\/wp\/v2\/users\/2"}],"replies":[{"embeddable":true,"href":"https:\/\/www.europesays.com\/no\/wp-json\/wp\/v2\/comments?post=122728"}],"version-history":[{"count":0,"href":"https:\/\/www.europesays.com\/no\/wp-json\/wp\/v2\/posts\/122728\/revisions"}],"wp:featuredmedia":[{"embeddable":true,"href":"https:\/\/www.europesays.com\/no\/wp-json\/wp\/v2\/media\/122729"}],"wp:attachment":[{"href":"https:\/\/www.europesays.com\/no\/wp-json\/wp\/v2\/media?parent=122728"}],"wp:term":[{"taxonomy":"category","embeddable":true,"href":"https:\/\/www.europesays.com\/no\/wp-json\/wp\/v2\/categories?post=122728"},{"taxonomy":"post_tag","embeddable":true,"href":"https:\/\/www.europesays.com\/no\/wp-json\/wp\/v2\/tags?post=122728"}],"curies":[{"name":"wp","href":"https:\/\/api.w.org\/{rel}","templated":true}]}}