{"id":122732,"date":"2025-12-27T11:27:28","date_gmt":"2025-12-27T11:27:28","guid":{"rendered":"https:\/\/www.europesays.com\/no\/122732\/"},"modified":"2025-12-27T11:27:28","modified_gmt":"2025-12-27T11:27:28","slug":"uvaeret-er-i-gang-politiet-med-klar-oppfordring","status":"publish","type":"post","link":"https:\/\/www.europesays.com\/no\/122732\/","title":{"rendered":"Uv\u00e6ret er i gang: Politiet med klar oppfordring"},"content":{"rendered":"<p>Uv\u00e6ret har for alvor tatt seg opp gjennom natten og i morgentimene natt til l\u00f8rdag, noe politidistriktene har f\u00e5tt kjenne p\u00e5.\u00a0<\/p>\n<p>Politiet i Nordland melder om mange henvendelser inn til dem.<\/p>\n<p>        <img class=\"image__img lazyload\" itemprop=\"image\" title=\"Foto: Skjermdump\" alt=\" Foto: Skjermdump\" width=\"675\" height=\"851\" bad-src=\"https:\/\/www.europesays.com\/no\/wp-content\/uploads\/2025\/12\/18414753.webp\" fetchpriority=\"auto\" \/><\/p>\n<p>         Foto: Skjermdump<\/p>\n<p>\u2013 Det er varslet om tak som l\u00f8sner, tr\u00e6r som er veltet over vei, trampoliner og l\u00f8se eiendeler som flyr.<br \/>\nDet er ikke meldt om personskader i forbindelse med disse meldingene, skriver operasjonsleder Ina Kristin Selfors i politiloggen.<\/p>\n<p>De oppfordrer folk til \u00e5 holde seg inne.<\/p>\n<p>\u2013 Det bl\u00e5ser gjenstander rundt i hele Nordland som kan v\u00e6re fare for at personer kan bli skadet. Avvent \u00e5 g\u00e5 utend\u00f8rs til vinden har roet seg.<\/p>\n<p>\u2013 Ganske n\u00e6rt r\u00f8dt<\/p>\n<p>H\u00e5vard Torset i Meteorologisk institutt sier det bl\u00e5ser kraftig, med vindkast oppe i 46 meter i sekunder.<\/p>\n<p>\u2013\u00a0Det er et oransje,farevarsel som er ganske n\u00e6rt r\u00f8dt, sier han.<\/p>\n<p>\u2013 Det er absolutt kraftig storm, oppimot orkan.<\/p>\n<p>Han sier det verste n\u00e5 har passert ytre Helgeland og ytre Lofoten, mens det tar seg opp ved Vester\u00e5len.\u00a0<\/p>\n<p>\u2013\u00a0 Det vil \u00f8ke p\u00e5 litt i litt indre del av nord i Nordland og S\u00f8r i Troms. Fra 12-tiden og utover er nok det verste forbi. S\u00e5 beveger vinden seg til Troms og Finnmark.<\/p>\n<p>        <img class=\"image__img lazyload\" itemprop=\"image\" title=\"Foto: Roy-Arne Salater \/ TV 2\" alt=\"BOD\u00d8: Vinden gikk hardt utover et tak i Bod\u00f8. Foto: Roy-Arne Salater \/ TV 2\" width=\"978\" height=\"551\" bad-src=\"https:\/\/www.europesays.com\/no\/wp-content\/uploads\/2025\/12\/18414836.webp\" fetchpriority=\"auto\" \/><\/p>\n<p>      BOD\u00d8: Vinden gikk hardt utover et tak i Bod\u00f8.<br \/>\n         Foto: Roy-Arne Salater \/ TV 2<\/p>\n<p>\u2013 Ekstremt glatt<\/p>\n<p> En tankbil lastet med melk har sklidd av veien og inn i en stolpe p\u00e5 Oster\u00f8y, melder politiet i Vest l\u00f8rdag morgen. Det var to personer i bilen. De fremst\u00e5r uskadd, skriver politiet. <\/p>\n<p>I Rakkestad i \u00d8stfold har en bil havnet 20 meter utenfor veien etter en ulykke i 03-tiden. Politiet mistenker at v\u00e6rforholdene er \u00e5rsaken til utforkj\u00f8ringen.\u00a0<\/p>\n<p>F\u00f8rer av bilen fremst\u00e5r som lettere skadet.\u00a0<\/p>\n<p>\u2013\u00a0Politipatrulje er p\u00e5 stedet og forteller om sv\u00e6rt glatte forhold, advarer operasjonsleder Mathias Eckhoff ved \u00d8st politidistrikt.\u00a0<\/p>\n<p>Ogs\u00e5 i Hol kommune i Nordland har politiet hatt det travelt. I 01.30-tiden ble de varslet om en ulykke via e-call.\u00a0<\/p>\n<p>\u2013 En bil har snurret rundt i veibanen og kj\u00f8rt inn i en trafokiosk, sier operasjonsleder\u00a0Tom Richard Skuggedal ved politiet i S\u00f8r-\u00d8st, og legger til at vedkommende ikke er skadet.\u00a0<\/p>\n<p>Trafikanter f\u00e5r ikke bare bryne seg p\u00e5 glatt f\u00f8re. N\u00e5 tar ogs\u00e5 vinden seg opp.\u00a0<\/p>\n<p>I Hemnes har en garasje blitt tatt av vinden.<\/p>\n<p>\u2013 N\u00e5 ligger den over Nordmarkveien. Ikke meldt om personskader. Vegen sperrer noe av vegbanen, opplyser politiet.\u00a0<\/p>\n<p class=\"italic m-italic\" data-lab-italic=\"italic\">Er du v\u00e6rfast eller har du f\u00e5tt kjenne p\u00e5 naturkreftene? Send ditt tips til\u00a0tips@tv2.no<\/p>\n<p>Stengte veier og kolonne\u00a0<\/p>\n<p>TV 2 har v\u00e6rt i kontakt med trafikkhpperat\u00f8rer fra samtlige distrikt. De melder om glatt f\u00f8re flere steder i landet.\u00a0<\/p>\n<p>I tillegg innf\u00f8res det kolonnekj\u00f8ring ved en rekke veier og fjelloverganger. Det gjelder f\u00f8rst og fremst de nordlige og vestlige delene av landet.<\/p>\n<p>Rundt klokken 03 innf\u00f8res det kolonnekj\u00f8ring over Hardangervidda. Dette gjelder for alle kj\u00f8ret\u00f8y.<\/p>\n<p>        <img class=\"image__img lazyload\" itemprop=\"image\" title=\"Foto: Statens vegvesen\" alt=\"Riksvei 7 ved Nedre B\u00e5tstj\u00f8rne klokken 04.30. Foto: Statens vegvesen\" width=\"978\" height=\"551\" bad-src=\"https:\/\/www.europesays.com\/no\/wp-content\/uploads\/2025\/12\/18414575.webp\" fetchpriority=\"auto\" \/><\/p>\n<p>      Riksvei 7 ved Nedre B\u00e5tstj\u00f8rne klokken 04.30.<br \/>\n         Foto: Statens vegvesen<\/p>\n<p>\u2013 Det er mye vind og d\u00e5rlig sikt, s\u00e5 n\u00e5 er det ikke forsvarlig \u00e5 holde \u00e5pent. Jeg t\u00f8r ikke si hvor lenge det vil vare. Br\u00f8ytemannskaper vil drive med kolonnekj\u00f8ring s\u00e5 lenge det er behov for det. V\u00e6ret styrer, sier trafikkoperat\u00f8r\u00a0Leif Helge Fjellro ved avdeling Vest overfor TV 2 natt til l\u00f8rdag.<\/p>\n<p>B\u00e5de i s\u00f8r- og Midt-Norge er det stille og rolig. I \u00d8st advares det om glatte forhold enkelte plasser.<\/p>\n<p>\u2013 Det er ogs\u00e5 meldt om kraftige vindkast nord for Lillehammer, s\u00e5 vi f\u00f8lger med p\u00e5 det. Det er ogs\u00e5 fare for sn\u00f8fokk, og det er ikke lett \u00e5 gj\u00f8re noe med. Vi r\u00e5der trafikanter til \u00e5 ta det pent og rolig og \u00e5 kj\u00f8re etter v\u00e6rforholdene, sier trafikkoperat\u00f8r Tilie Mathre ved avdeling \u00d8st.\u00a0<\/p>\n<p>          <img class=\"image__img lazyload\" itemprop=\"image\" title=\"\" alt=\"\" width=\"978\" height=\"1223\" bad-src=\"https:\/\/www.europesays.com\/no\/wp-content\/uploads\/2025\/12\/18414566.webp\" fetchpriority=\"auto\" \/><\/p>\n<p>          <img class=\"image__img lazyload\" itemprop=\"image\" title=\"\" alt=\"\" width=\"343\" height=\"429\" bad-src=\"https:\/\/www.europesays.com\/no\/wp-content\/uploads\/2025\/12\/18414565.webp\" fetchpriority=\"auto\" \/><\/p>\n<p>I nord lyder samme oppfordring. Ogs\u00e5 de har blitt varslet om ulykker i l\u00f8pet av natten.\u00a0<\/p>\n<p>Saltfjellet er stengt som f\u00f8lge av d\u00e5rlig sikt, og det meldes om sterk vind ved flere bruer.<\/p>\n<p>        <img class=\"image__img lazyload\" itemprop=\"image\" title=\"Foto: Statens vegvesen\" alt=\"UV\u00c6R: Dundrelandsdalen ved Saltfjellet. Foto: Statens vegvesen\" width=\"978\" height=\"551\" bad-src=\"https:\/\/www.europesays.com\/no\/wp-content\/uploads\/2025\/12\/18414606.webp\" fetchpriority=\"auto\" \/><\/p>\n<p>      UV\u00c6R: Dundrelandsdalen ved Saltfjellet.<br \/>\n         Foto: Statens vegvesen<\/p>\n<p>\u2013 Det er enda ikke s\u00e5 ille som det vi har ventet, men det kan \u00f8ke p\u00e5 morgenen, sier trafikkoperat\u00f8r Janikke Sanstrak ved avdeling Nord.\u00a0<\/p>\n<p>Hun ber folk utsette kj\u00f8returen om n\u00f8dvendig. Spesielt i Finnmark b\u00f8r folk v\u00e6re obs p\u00e5 glatt f\u00f8re.\u00a0<\/p>\n<p>        <img class=\"image__img lazyload\" itemprop=\"image\" title=\"Foto: YR. no\" alt=\"MYE VIND: Det kan det bli vind p\u00e5 35\u201344 meter per sekund i Nordland og S\u00f8r-Troms. Her er YRs v\u00e6rkart over landet klokken 09.00 l\u00f8rdag. Foto: YR. no\" width=\"978\" height=\"666\" bad-src=\"https:\/\/www.europesays.com\/no\/wp-content\/uploads\/2025\/12\/18414557.webp\" fetchpriority=\"auto\" \/><\/p>\n<p>      MYE VIND: Det kan det bli vind p\u00e5 35\u201344 meter per sekund i Nordland og S\u00f8r-Troms. Her er YRs v\u00e6rkart over landet klokken 09.00 l\u00f8rdag.<br \/>\n         Foto: YR. no<\/p>\n<p>Ferjer innstilles\u00a0<\/p>\n<p>Det er sendt ut oransje farevarsel om kraftig vind, og verst ligger det an i Nordland og S\u00f8r-Troms, if\u00f8lge\u00a0<a href=\"https:\/\/www.vegvesen.no\/om-oss\/presse\/aktuelt\/2025\/12\/uvar-i-nord2\/\" target=\"_blank\" rel=\"nofollow noopener\">Statens vegvesen<\/a>. Der kan det bli vind p\u00e5 35\u201344 meter per sekund.<\/p>\n<p>Ferjene p\u00e5 strekningen\u00a0<a href=\"https:\/\/x.com\/VtsNord\/status\/2004677804588438013\" target=\"_blank\" rel=\"nofollow\">Bod\u00f8\u2013V\u00e6r\u00f8y\u2013R\u00f8st\u2013Moskenes<\/a>\u00a0(riksvei 80) er helt innstilt. Flere avganger ble ogs\u00e5 innstilt fredag.<\/p>\n<p>Ferjeavgangene mellom Bognes og L\u00f8dingen (riksvei 85) ogs\u00e5 innstilt, i tillegg til strekningene For\u00f8y\u2013\u00c5gskardet (fylkesvei 17) og Festv\u00e5g\u2013Misten (fylkesvei 834), som er forbindelsen til Kjerring\u00f8y.<\/p>\n<p>I Troms er fergestrekningen Stangnes\u2013S\u00f8rrollnes (fylkesvei 848), som forbinder Harstad og Rolla, stengt.<\/p>\n","protected":false},"excerpt":{"rendered":"Uv\u00e6ret har for alvor tatt seg opp gjennom natten og i morgentimene natt til l\u00f8rdag, noe politidistriktene har&hellip;\n","protected":false},"author":2,"featured_media":122733,"comment_status":"","ping_status":"","sticky":false,"template":"","format":"standard","meta":{"footnotes":""},"categories":[5],"tags":[20,21,24,25,15,19,22,23,17,18,13,30,28,29,14,16,26,27],"class_list":{"0":"post-122732","1":"post","2":"type-post","3":"status-publish","4":"format-standard","5":"has-post-thumbnail","7":"category-overskrifter","8":"tag-breaking-news","9":"tag-breakingnews","10":"tag-featured-news","11":"tag-featurednews","12":"tag-headlines","13":"tag-hovedoppslag","14":"tag-latest-news","15":"tag-latestnews","16":"tag-main-news","17":"tag-mainnews","18":"tag-news","19":"tag-no","20":"tag-norge","21":"tag-norway","22":"tag-nyheter","23":"tag-overskrifter","24":"tag-top-stories","25":"tag-topstories"},"share_on_mastodon":{"url":"https:\/\/pubeurope.com\/@no\/115791294816718100","error":""},"_links":{"self":[{"href":"https:\/\/www.europesays.com\/no\/wp-json\/wp\/v2\/posts\/122732","targetHints":{"allow":["GET"]}}],"collection":[{"href":"https:\/\/www.europesays.com\/no\/wp-json\/wp\/v2\/posts"}],"about":[{"href":"https:\/\/www.europesays.com\/no\/wp-json\/wp\/v2\/types\/post"}],"author":[{"embeddable":true,"href":"https:\/\/www.europesays.com\/no\/wp-json\/wp\/v2\/users\/2"}],"replies":[{"embeddable":true,"href":"https:\/\/www.europesays.com\/no\/wp-json\/wp\/v2\/comments?post=122732"}],"version-history":[{"count":0,"href":"https:\/\/www.europesays.com\/no\/wp-json\/wp\/v2\/posts\/122732\/revisions"}],"wp:featuredmedia":[{"embeddable":true,"href":"https:\/\/www.europesays.com\/no\/wp-json\/wp\/v2\/media\/122733"}],"wp:attachment":[{"href":"https:\/\/www.europesays.com\/no\/wp-json\/wp\/v2\/media?parent=122732"}],"wp:term":[{"taxonomy":"category","embeddable":true,"href":"https:\/\/www.europesays.com\/no\/wp-json\/wp\/v2\/categories?post=122732"},{"taxonomy":"post_tag","embeddable":true,"href":"https:\/\/www.europesays.com\/no\/wp-json\/wp\/v2\/tags?post=122732"}],"curies":[{"name":"wp","href":"https:\/\/api.w.org\/{rel}","templated":true}]}}