{"id":122734,"date":"2025-12-27T11:33:10","date_gmt":"2025-12-27T11:33:10","guid":{"rendered":"https:\/\/www.europesays.com\/no\/122734\/"},"modified":"2025-12-27T11:33:10","modified_gmt":"2025-12-27T11:33:10","slug":"mistet-forerkortet-etter-a-ha-kjort-med-is-pa-frontruten","status":"publish","type":"post","link":"https:\/\/www.europesays.com\/no\/122734\/","title":{"rendered":"Mistet f\u00f8rerkortet etter \u00e5 ha kj\u00f8rt med is p\u00e5 frontruten"},"content":{"rendered":"\n<p class=\"_lead_o9xde_2 _lead_xtcu6_50 layout-component text-serif-m layout-normal text-serif-l layout-component layout-wide layout-padded _wide_17hqh_1 layout-padded\">Om du kj\u00f8rer med slik frontrute er f\u00f8rerkortet p\u00e5 tynn is.<\/p>\n<p><img alt=\"En kvinne i 50-\u00e5rene fikk f\u00f8rerkortet beslaglagt etter hun kj\u00f8rte med bilen slik.  Foto: Politiet\" class=\"_image_qp4xg_65 layout-component layout-wide\" data-fullscreen- data-track-element-type=\"Article image fullscreen\" data-track-name=\"ImageFullscreen\" fetchpriority=\"high\" decoding=\"sync\" loading=\"eager\" height=\"586\" itemprop=\"image\"  src=\"https:\/\/www.europesays.com\/no\/wp-content\/uploads\/2025\/12\/9fce77b5-d27f-4835-84ca-feaa3cefd4c6\"  style=\"object-position:0% 0%\" width=\"761\"\/>En kvinne i 50-\u00e5rene fikk f\u00f8rerkortet beslaglagt etter hun kj\u00f8rte med bilen slik.  Foto: Politiet<\/p>\n<ul aria-hidden=\"true\" class=\"_images_ntbth_112\">\n<li><a class=\"_link_ntbth_117\" href=\"https:\/\/www.vg.no\/forfatter\/live-tronstad\" style=\"z-index:1\" title=\"Live Tronstad\" rel=\"nofollow noopener\" target=\"_blank\"><img alt=\"Bilde av Live Tronstad\" class=\"_image_ntbth_93\" fetchpriority=\"low\" loading=\"lazy\" decoding=\"async\" itemprop=\"image\"  src=\"https:\/\/www.europesays.com\/no\/wp-content\/uploads\/2025\/12\/1766835190_913_730bca66-e713-4274-9d1c-1222feeb3c7d\"  width=\"480\"\/><\/a><\/li>\n<\/ul>\n<p> Oppdatert l\u00f8rdag 27. desember kl. 12:08     <\/p>\n<p class=\"_paragraph_o9xde_4 _paragraph_xtcu6_10 layout-component text-serif-m layout-normal text-serif-m layout-padded\">I morgentimene l\u00f8rdag la en politipatrulje merke til en bil i en kommune i Akershus. Den hadde minimalt med sikt.<\/p>\n<p class=\"_paragraph_o9xde_4 _paragraph_xtcu6_10 layout-component text-serif-m layout-normal text-serif-m layout-padded\">Kun sm\u00e5 felt var skrapt vekk fra frontruten og p\u00e5 sidene. Det er ikke godt nok, if\u00f8lge operasjonsleder i <a href=\"https:\/\/www.vg.no\/tag\/oest-politidistrikt?utm_source=vg-article&amp;utm_medium=auto-tagger&amp;utm_campaign=WvbJzQ\" class=\"_link_o9xde_39\" rel=\"nofollow noopener\" target=\"_blank\">\u00d8st politidistrikt<\/a> Atle Vesttorp: <\/p>\n<p class=\"_paragraph_o9xde_4 _paragraph_xtcu6_10 layout-component text-serif-m layout-normal text-serif-m layout-padded\">\u2013 Man skal kunne se rundt seg n\u00e5r man kj\u00f8rer bil. Det g\u00e5r p\u00e5 trafikksikkerheten l\u00f8s \u00e5 kj\u00f8re s\u00e5nn, sier operasjonslederen.<\/p>\n<p class=\"_paragraph_o9xde_4 _paragraph_xtcu6_10 layout-component text-serif-m layout-normal text-serif-m layout-padded\"><strong class=\"_strong_o9xde_25\">Derfor ble sj\u00e5f\u00f8reren anmeldt og f\u00f8rerkortet beslaglagt.  <\/strong><\/p>\n<p class=\"_paragraph_o9xde_4 _paragraph_xtcu6_10 layout-component text-serif-m layout-normal text-serif-m layout-padded\">Sj\u00e5f\u00f8ren var en kvinne i 50-\u00e5rene. <\/p>\n<p class=\"_paragraph_o9xde_4 _paragraph_xtcu6_10 layout-component text-serif-m layout-normal text-serif-m layout-padded\">Vesttorp sier at politiet opplever lignende tilfeller fra tid til annen. Noen har d\u00e5rlig tid og venter heller p\u00e5 at bilen blir varm, sier han. <\/p>\n<p class=\"_paragraph_o9xde_4 _paragraph_xtcu6_10 layout-component text-serif-m layout-normal text-serif-m layout-padded\">\u2013 Uansett hvor d\u00e5rlig tid man har b\u00f8r man alltid ta seg tid til \u00e5 skrape front og sider, s\u00e5 man har tilstrekkelig sikt. Hvis ikke st\u00e5r man i fare for \u00e5 miste f\u00f8rerkortet, advarer Vesttorp. <\/p>\n","protected":false},"excerpt":{"rendered":"Om du kj\u00f8rer med slik frontrute er f\u00f8rerkortet p\u00e5 tynn is. En kvinne i 50-\u00e5rene fikk f\u00f8rerkortet beslaglagt&hellip;\n","protected":false},"author":2,"featured_media":122735,"comment_status":"","ping_status":"","sticky":false,"template":"","format":"standard","meta":{"footnotes":""},"categories":[10],"tags":[20,21,24,25,354,15,22,23,13,30,28,29,14,16,415,26,27],"class_list":{"0":"post-122734","1":"post","2":"type-post","3":"status-publish","4":"format-standard","5":"has-post-thumbnail","7":"category-norge","8":"tag-breaking-news","9":"tag-breakingnews","10":"tag-featured-news","11":"tag-featurednews","12":"tag-forerkort","13":"tag-headlines","14":"tag-latest-news","15":"tag-latestnews","16":"tag-news","17":"tag-no","18":"tag-norge","19":"tag-norway","20":"tag-nyheter","21":"tag-overskrifter","22":"tag-ost-politidistrikt","23":"tag-top-stories","24":"tag-topstories"},"share_on_mastodon":{"url":"https:\/\/pubeurope.com\/@no\/115791318770074823","error":""},"_links":{"self":[{"href":"https:\/\/www.europesays.com\/no\/wp-json\/wp\/v2\/posts\/122734","targetHints":{"allow":["GET"]}}],"collection":[{"href":"https:\/\/www.europesays.com\/no\/wp-json\/wp\/v2\/posts"}],"about":[{"href":"https:\/\/www.europesays.com\/no\/wp-json\/wp\/v2\/types\/post"}],"author":[{"embeddable":true,"href":"https:\/\/www.europesays.com\/no\/wp-json\/wp\/v2\/users\/2"}],"replies":[{"embeddable":true,"href":"https:\/\/www.europesays.com\/no\/wp-json\/wp\/v2\/comments?post=122734"}],"version-history":[{"count":0,"href":"https:\/\/www.europesays.com\/no\/wp-json\/wp\/v2\/posts\/122734\/revisions"}],"wp:featuredmedia":[{"embeddable":true,"href":"https:\/\/www.europesays.com\/no\/wp-json\/wp\/v2\/media\/122735"}],"wp:attachment":[{"href":"https:\/\/www.europesays.com\/no\/wp-json\/wp\/v2\/media?parent=122734"}],"wp:term":[{"taxonomy":"category","embeddable":true,"href":"https:\/\/www.europesays.com\/no\/wp-json\/wp\/v2\/categories?post=122734"},{"taxonomy":"post_tag","embeddable":true,"href":"https:\/\/www.europesays.com\/no\/wp-json\/wp\/v2\/tags?post=122734"}],"curies":[{"name":"wp","href":"https:\/\/api.w.org\/{rel}","templated":true}]}}