{"id":122738,"date":"2025-12-27T11:39:08","date_gmt":"2025-12-27T11:39:08","guid":{"rendered":"https:\/\/www.europesays.com\/no\/122738\/"},"modified":"2025-12-27T11:39:08","modified_gmt":"2025-12-27T11:39:08","slug":"kraftig-angrep-mot-kyiv-nrk-urix-utenriksnyheter-og-dokumentarer","status":"publish","type":"post","link":"https:\/\/www.europesays.com\/no\/122738\/","title":{"rendered":"Kraftig angrep mot Kyiv \u2013 NRK Urix \u2013 Utenriksnyheter og -dokumentarer"},"content":{"rendered":"<p>Saka oppsummert:<\/p>\n<ul>\n<li>Kyiv er r\u00e5ka av eit kraftig russisk angrep<\/li>\n<li>Minst 19 personar er skadd<\/li>\n<li>Luftsirene er utl\u00f8yst i store delar av Ukraina<\/li>\n<li>Ukraina sin president Zelenskyj skal m\u00f8te Donald Trump i Florida for \u00e5 diskutere ein 20-punkts fredsplan som er 90 prosent ferdig<\/li>\n<\/ul>\n<p>Oppsummeringa er laga av ei KI-teneste fr\u00e5 OpenAI. Innhaldet er kvalitetssikra av NRK sine journalistar f\u00f8r publisering.<\/p>\n<p>I natt ble Kyivs innbyggere bedt om \u00e5 s\u00f8ke tilflukt i bomberomma.<\/p>\n<p>\u2013 Eksplosjonar i hovudstaden. Luftvernet er aktivert. G\u00e5 i dekning, skrev ordf\u00f8rar Vitalij Klitsjko p\u00e5 <a href=\"https:\/\/web.telegram.org\/a\/#-1001290660837\" ec-id=\"https:\/\/web.telegram.org\/a\/\" ec-name=\"Telegram\" rel=\"nofollow noopener\" target=\"_blank\">Telegram<\/a>.<\/p>\n<p>Laurdag morgon melder president Volodymyr Zelenskyj at angrepet framleis p\u00e5g\u00e5r.<\/p>\n<p><img decoding=\"async\"   src=\"data:image\/gif;base64,R0lGODlhAQABAIAAAAAAAP\/\/\/yH5BAEAAAAALAAAAAABAAEAAAIBRAA7\" loading=\"eager\" alt=\"Redningsmannskap arbeider p\u00e5 en skadet bygning med synlige \u00f8deleggelser og rusk. Flere personer i beskyttelsesutstyr l\u00f8fter et svart teppe, muligens for \u00e5 hente ut en person. Omgivelsene viser en delvis kollapset struktur med synlige brannskader. Aktivitete skjer i en urban setting, med skader tydeliggjort p\u00e5 bygningens fasade. (Bildebeskrivelsen er laget av en KI-tjeneste)\" title=\"Foto: Valentyn Ogirenko \/ Reuters \/ NTB\"\/><\/p>\n<p class=\"\">Redningsmannskap i Kyiv b\u00e6rer et offer for nattens angrep i en svart plastpose. <\/p>\n<p>Foto: Valentyn Ogirenko \/ Reuters \/ NTB<\/p>\n<p>\u2013 Hovudm\u00e5let har vore Kyiv, med energisektoren og sivil infrastruktur som m\u00e5l.<\/p>\n<p><strong>Minst 28 personar er skadd. Redningsmannskap leter etter ovelevende i ruinene. <\/strong><\/p>\n<p>Hundretusener uten str\u00f8m<\/p>\n<p><strong>Guvern\u00f8ren i Kyiv-regionen, Mykola Kalashnyk, seier at 320.000 forbrukarar er utan straum laurdag morgon.<\/strong><\/p>\n<p>Samstundes er det oppretta beredskapspunkt der innbyggjarane kan f\u00e5 straum, varme, vatn og lade telefonane sine.<\/p>\n<p>Det ukrainske forsvaret melder at Russland har fyrt av b\u00e5de kryssarmissil og ballistiske missil. Kyiv-regionen er s\u00e5 langt ramma av n\u00e6r 500 dronar og 40 rakettar, skriv Zelenskyj p\u00e5 Telegram.<\/p>\n<p>Luftsirene er utl\u00f8yst i store delar av Ukraina.<\/p>\n<p>Polske jagarfly i luften<\/p>\n<p>Polen har sendt jagarfly p\u00e5 vingane og stengt flyplassar etter dei russiske angrepa, melder Reuters.<\/p>\n<p>\u00c5rsaka skal vere at russiske fly flaug n\u00e6r det polske luftrommet. Det er ikkje meldt om brot p\u00e5 polsk luftrom.<\/p>\n<p>Zelenskyj til USA<\/p>\n<p>Zelenskyj skriv vidare at angrepa viser at Russland ikkje \u00f8nskjer \u00e5 avslutte krigen.<\/p>\n<p>\u2013 N\u00e5r Russland gjer jule- og nytt\u00e5rstida til ein periode prega av \u00f8ydelagde heimar, nedbrende leilegheiter og \u00f8ydelagde kraftverk, kan dette berre m\u00f8tast med verkeleg sterke tiltak, skriv han.<\/p>\n<p><img decoding=\"async\"   src=\"data:image\/gif;base64,R0lGODlhAQABAIAAAAAAAP\/\/\/yH5BAEAAAAALAAAAAABAAEAAAIBRAA7\" loading=\"eager\" alt=\"N\u00f8detater slukker brann etter russiske angrep mot en bygning i Kyiv. \" title=\"Foto: Det ukrainske innenriksdepartementet \/ Ukraina\"\/><\/p>\n<p class=\"\">N\u00f8detatar arbeider laurdag morgon med \u00e5 sl\u00f8kke brannar etter nattas angrep. <\/p>\n<p>Foto: Det ukrainske innenriksdepartementet \/ Ukraina<\/p>\n<p><strong>USA og Europa har moglegheit til \u00e5 gjere nettopp det, og det er avgjerande at dei gjer det, skriv presidenten.<\/strong><\/p>\n<p>Fredag morgon melde president Volodymyr Zelenskyj at han skal m\u00f8te USAs president Donald Trump i Florida s\u00f8ndag.<\/p>\n<p><img decoding=\"async\"   src=\"data:image\/gif;base64,R0lGODlhAQABAIAAAAAAAP\/\/\/yH5BAEAAAAALAAAAAABAAEAAAIBRAA7\" loading=\"eager\" alt=\"Bilde viser to menn som st\u00e5r foran en inngang. Den ene er if\u00f8rt en dress med rosa slips, mens den andre har p\u00e5 seg en svart jakke. I forkant av dem er et amerikansk flagg synlig. I bakgrunnen er det en vifteformet flagg som ser ut til \u00e5 v\u00e6re ukrainsk. (Bildebeskrivelsen er laget av en KI-tjeneste)\" title=\"Foto: TOM BRENNER \/ AFP \/ NTB\"\/><\/p>\n<p class=\"\">USA sin president Donald Trump og Ukraina sin president Volodymyr Zelenskyj under eit m\u00f8te i Det kvite hus i oktober.<\/p>\n<p>Foto: TOM BRENNER \/ AFP \/ NTB<\/p>\n<p>Han understrekar at Ukraina ikkje vil trappe ned den diplomatiske innsatsen, men at diplomati ikkje fungerer utan tryggleik, og at dette blir eit sentralt tema i samtalen med Trump.<\/p>\n<p>If\u00f8lgje Zelenskyj er ein 20-punkts fredsplan 90 prosent ferdig.<\/p>\n<p>Torsdag snakka Zelenskyj med dei amerikanske utsendingane Steve Witkoff og Jared Kushner.<\/p>\n<p>Zelenskyj uttalte at samtalane var \u00abveldig gode\u00bb, og at fokuset er \u00e5 f\u00e5 slutt p\u00e5 den \u00abbrutale russiske krigen\u00bb.<\/p>\n<p>Interessert i det som skjer i verda? F\u00f8lg utanriksredaksjonen sin podkast her: <\/p>\n<p>Publisert<\/p>\n<p>27.12.2025, kl. 01.27<\/p>\n<p>Oppdatert<\/p>\n<p>27.12.2025, kl. 12.17<\/p>\n","protected":false},"excerpt":{"rendered":"Saka oppsummert: Kyiv er r\u00e5ka av eit kraftig russisk angrep Minst 19 personar er skadd Luftsirene er utl\u00f8yst&hellip;\n","protected":false},"author":2,"featured_media":122739,"comment_status":"","ping_status":"","sticky":false,"template":"","format":"standard","meta":{"footnotes":""},"categories":[12],"tags":[20,21,24,25,15,22,23,13,30,28,29,14,16,26,27,42,43,44,45],"class_list":{"0":"post-122738","1":"post","2":"type-post","3":"status-publish","4":"format-standard","5":"has-post-thumbnail","7":"category-verden","8":"tag-breaking-news","9":"tag-breakingnews","10":"tag-featured-news","11":"tag-featurednews","12":"tag-headlines","13":"tag-latest-news","14":"tag-latestnews","15":"tag-news","16":"tag-no","17":"tag-norge","18":"tag-norway","19":"tag-nyheter","20":"tag-overskrifter","21":"tag-top-stories","22":"tag-topstories","23":"tag-verden","24":"tag-world","25":"tag-world-news","26":"tag-worldnews"},"share_on_mastodon":{"url":"https:\/\/pubeurope.com\/@no\/115791342137787449","error":""},"_links":{"self":[{"href":"https:\/\/www.europesays.com\/no\/wp-json\/wp\/v2\/posts\/122738","targetHints":{"allow":["GET"]}}],"collection":[{"href":"https:\/\/www.europesays.com\/no\/wp-json\/wp\/v2\/posts"}],"about":[{"href":"https:\/\/www.europesays.com\/no\/wp-json\/wp\/v2\/types\/post"}],"author":[{"embeddable":true,"href":"https:\/\/www.europesays.com\/no\/wp-json\/wp\/v2\/users\/2"}],"replies":[{"embeddable":true,"href":"https:\/\/www.europesays.com\/no\/wp-json\/wp\/v2\/comments?post=122738"}],"version-history":[{"count":0,"href":"https:\/\/www.europesays.com\/no\/wp-json\/wp\/v2\/posts\/122738\/revisions"}],"wp:featuredmedia":[{"embeddable":true,"href":"https:\/\/www.europesays.com\/no\/wp-json\/wp\/v2\/media\/122739"}],"wp:attachment":[{"href":"https:\/\/www.europesays.com\/no\/wp-json\/wp\/v2\/media?parent=122738"}],"wp:term":[{"taxonomy":"category","embeddable":true,"href":"https:\/\/www.europesays.com\/no\/wp-json\/wp\/v2\/categories?post=122738"},{"taxonomy":"post_tag","embeddable":true,"href":"https:\/\/www.europesays.com\/no\/wp-json\/wp\/v2\/tags?post=122738"}],"curies":[{"name":"wp","href":"https:\/\/api.w.org\/{rel}","templated":true}]}}