{"id":122743,"date":"2025-12-27T11:48:19","date_gmt":"2025-12-27T11:48:19","guid":{"rendered":"https:\/\/www.europesays.com\/no\/122743\/"},"modified":"2025-12-27T11:48:19","modified_gmt":"2025-12-27T11:48:19","slug":"det-var-en-del-fyll-og-knuffing-natt-til-lordag-i-trondelag-nrk-trondelag-lokale-nyheter-tv-og-radio","status":"publish","type":"post","link":"https:\/\/www.europesays.com\/no\/122743\/","title":{"rendered":"Det var en del fyll og knuffing natt til l\u00f8rdag i Tr\u00f8ndelag \u2013 NRK Tr\u00f8ndelag \u2013 Lokale nyheter, TV og radio"},"content":{"rendered":"<p>Politiet i Tr\u00f8ndelag har hatt en del \u00e5 holde p\u00e5 med i natt.<\/p>\n<p>For samtidig som vinden \u00f8kte p\u00e5 i fylket, s\u00e5 \u00f8kte ogs\u00e5 promillen hos en del.<\/p>\n<p>To fulle menn nekta \u00e5 ri videre<\/p>\n<p>Klokka 19:49 fikk politiet en telefon fra en restaurant p\u00e5 Hitra. Der satt det to fulle menn som nekta \u00e5 dra fra stedet. De ville heller ha mer \u00f8l, men fikk ikke kj\u00f8pe det.<\/p>\n<p>Da politiet kom fant de en kniv p\u00e5 den ene karen. Begge to ble kj\u00f8rt til arresten i Trondheim. De var i henholdsvis 30 og 40-\u00e5ra.<\/p>\n<p>Banka opp av tre personer<\/p>\n<p>I Trondheim ble en person banka opp av tre personer i sentrum. Politiet fikk melding om dette klokka 23:18.<\/p>\n<p><strong>\u2013 Flere patruljer ble sendt til stedet. Der kom vi i kontakt med en forn\u00e6rma mann med kutt i leppa, melder operasjonsleder Bj\u00f8rn Rune Sellgren.<\/strong><\/p>\n<p>Han ble kj\u00f8rt til legevakta av politiet.<\/p>\n<p>De har ogs\u00e5 f\u00e5tt en beskrivelse av gjerningspersonene og vil etterforske saken videre.<\/p>\n<p>Endra oppf\u00f8rsel da politiet kom<\/p>\n<p>I Soknahallen i Midtre-Gauldal var det fest i natt.<\/p>\n<p>Der ringte vaktene p\u00e5 stedet politiet og varsla om en ten\u00e5ring som var voldelig mot dem.<\/p>\n<p><strong>\u2013 Han oppf\u00f8rte seg fint mot politiet og ble kj\u00f8rt hjem, melder Sellgren.<\/strong><\/p>\n<p>I Selbuhallen i Selbu skjedde noe lignende. Ogs\u00e5 der var en ten\u00e5ring voldelig mot en av vaktene p\u00e5 stedet.<\/p>\n<p>Politiet var ikke like forst\u00e5elsesfulle mot denne karen og han ble kj\u00f8rt til arresten i Trondheim.<\/p>\n<p>Vaktene vurderer \u00e5 anmelde saken.<\/p>\n<p>I \u00d8rland var det fest i Bjugnhallen i natt. Der ble det ogs\u00e5 et slagsm\u00e5l i l\u00f8pet av natta.<\/p>\n<p>Politiet f\u00e5r snakka med de involverte og s\u00f8rga for at foreldre kom og tok seg av dem.<\/p>\n<p><strong>\u2013 De involverte var prega av alkohol, melder Sellgren. <\/strong><\/p>\n<p>Kutt over nesa<\/p>\n<p>Flere personer ringte og varsla politiet om et slagsm\u00e5l i Levanger sentrum like f\u00f8r midnatt.<\/p>\n<p>Politiet snakka med tre menn i ten\u00e5rene og 20-\u00e5rene da de kom til stedet.<\/p>\n<p>\u2013 En person har f\u00e5tt et kutt over nesa, melder Sellgren.<\/p>\n<p>Noen mil lenger nord, i Namsos, oppf\u00f8rte en mann i 20-\u00e5ra seg d\u00e5rlig.<\/p>\n<p><strong>Han blir anmeldt av politiet for ordensforstyrrelse, brudd p\u00e5 politiets p\u00e5legg og trusler mot patruljen. <\/strong><\/p>\n<p>Sl\u00e5tt og sparka<\/p>\n<p>I Trondheim ble det en del voldshendelser utover natta.<\/p>\n<p>Utenfor et utested i Midtbyen r\u00f8yk to personer sammen i et slagsm\u00e5l rundt klokka halv to.<\/p>\n<p>Ingen ble alvorlig skadd i sl\u00e5ssinga, men den forn\u00e6rmede ble sjekka av helsepersonell etter \u00e5 ha blitt neseblod.<\/p>\n<p>Han vurderer \u00e5 anmelde saken n\u00e5r han er blitt edru.<\/p>\n<p>Den mistenkte personen ble bortvist fra sentrum resten av natta.<\/p>\n<p>To menn som sl\u00e5ss utenfor Burger King i Olav Trygvassonsgate ble oppdaga av politiet. Begge to ble bortvist fra byen resten av natta.<\/p>\n<p>P\u00e5 Solsiden fikk politiet melding om at en mann var utsatt for vold i 03-tiden.<\/p>\n<p><strong>\u2013 Den forn\u00e6rma mannen i 20-\u00e5ra skal ha blitt utsatt for b\u00e5de slag og spark. Vedkommende fraktes til legevakta for \u00e5 ivaretas der, melder Sellgren<\/strong>.<\/p>\n<p>Den forn\u00e6rma mannen skal ha pr\u00f8vd \u00e5 trekke seg unna gjerningspersonen, men ble forfulgt og angrepet.<\/p>\n<p>Kvelertak p\u00e5 dansegulvet<\/p>\n<p>Politiet m\u00e5tte i 02:20 tiden dra til et utested i Midtbyen hvor det skal ha skjedd en voldshendelse mellom to menn i 20-\u00e5ra.<\/p>\n<p>Den ene skal blant annet ha tatt kvelertak p\u00e5 den andre.<\/p>\n<p><strong>\u2013 Gjerningspersonen ble innbragt til arresten og politiet har avh\u00f8rt flere parter i saken, melder Sellgren. <\/strong><\/p>\n<p>Publisert<\/p>\n<p>27.12.2025, kl. 08.17<\/p>\n","protected":false},"excerpt":{"rendered":"Politiet i Tr\u00f8ndelag har hatt en del \u00e5 holde p\u00e5 med i natt. For samtidig som vinden \u00f8kte&hellip;\n","protected":false},"author":2,"featured_media":122744,"comment_status":"","ping_status":"","sticky":false,"template":"","format":"standard","meta":{"footnotes":""},"categories":[10],"tags":[20,21,24,25,15,22,23,13,30,28,29,14,16,26,27],"class_list":{"0":"post-122743","1":"post","2":"type-post","3":"status-publish","4":"format-standard","5":"has-post-thumbnail","7":"category-norge","8":"tag-breaking-news","9":"tag-breakingnews","10":"tag-featured-news","11":"tag-featurednews","12":"tag-headlines","13":"tag-latest-news","14":"tag-latestnews","15":"tag-news","16":"tag-no","17":"tag-norge","18":"tag-norway","19":"tag-nyheter","20":"tag-overskrifter","21":"tag-top-stories","22":"tag-topstories"},"share_on_mastodon":{"url":"https:\/\/pubeurope.com\/@no\/115791377740120706","error":""},"_links":{"self":[{"href":"https:\/\/www.europesays.com\/no\/wp-json\/wp\/v2\/posts\/122743","targetHints":{"allow":["GET"]}}],"collection":[{"href":"https:\/\/www.europesays.com\/no\/wp-json\/wp\/v2\/posts"}],"about":[{"href":"https:\/\/www.europesays.com\/no\/wp-json\/wp\/v2\/types\/post"}],"author":[{"embeddable":true,"href":"https:\/\/www.europesays.com\/no\/wp-json\/wp\/v2\/users\/2"}],"replies":[{"embeddable":true,"href":"https:\/\/www.europesays.com\/no\/wp-json\/wp\/v2\/comments?post=122743"}],"version-history":[{"count":0,"href":"https:\/\/www.europesays.com\/no\/wp-json\/wp\/v2\/posts\/122743\/revisions"}],"wp:featuredmedia":[{"embeddable":true,"href":"https:\/\/www.europesays.com\/no\/wp-json\/wp\/v2\/media\/122744"}],"wp:attachment":[{"href":"https:\/\/www.europesays.com\/no\/wp-json\/wp\/v2\/media?parent=122743"}],"wp:term":[{"taxonomy":"category","embeddable":true,"href":"https:\/\/www.europesays.com\/no\/wp-json\/wp\/v2\/categories?post=122743"},{"taxonomy":"post_tag","embeddable":true,"href":"https:\/\/www.europesays.com\/no\/wp-json\/wp\/v2\/tags?post=122743"}],"curies":[{"name":"wp","href":"https:\/\/api.w.org\/{rel}","templated":true}]}}