{"id":122746,"date":"2025-12-27T11:55:47","date_gmt":"2025-12-27T11:55:47","guid":{"rendered":"https:\/\/www.europesays.com\/no\/122746\/"},"modified":"2025-12-27T11:55:47","modified_gmt":"2025-12-27T11:55:47","slug":"lofast-bussulykken-i-hadsel-ett-ar-siden-bussulykka-sa-ble-det-stille-igjen","status":"publish","type":"post","link":"https:\/\/www.europesays.com\/no\/122746\/","title":{"rendered":"Lofast, Bussulykken i Hadsel | Ett \u00e5r siden bussulykka: \u00ab&#8230; s\u00e5 ble det stille. Igjen\u00bb"},"content":{"rendered":"\n<p>Mange husker dagen som om det var i g\u00e5r. Men det har g\u00e5tt ett \u00e5r siden Lofotekspressen mellom Narvik og Lofoten kj\u00f8rte av veien og stupte ned i \u00c5svannet rett ved . Ulykken skjedde p\u00e5 den delen av Lofoten som er i Hadsel kommune, rett ved krysset til Han\u00f8y p\u00e5 Austv\u00e5g\u00f8y.<\/p>\n<p><b>To kvinner og et barn \u2013 turister fra andre land som var her for \u00e5 oppleve den nordnorske vinterdr\u00f8mmen \u2013 kom aldri hjem. <\/b><\/p>\n<p>Bussen fra Narvik hadde 55 passasjerer om bord da det gikk galt, rett etter <\/p>\n<p>Sj\u00e5f\u00f8ren har forklart at det kom ei kraftig vindrosse og tok tak i bussen. Han fikk f\u00f8rerkortet beslaglagt, men ble senere trodd av politiet, som konkluderte med f\u00f8lgende:<\/p>\n<p>\u00abDe gjennomf\u00f8rte unders\u00f8kelsene har vist at det var de ekstraordin\u00e6re vindforhold p\u00e5 stedet som for\u00e5rsaket ulykken. Bussj\u00e5f\u00f8ren kan ikke lastes for ulykken og det er ikke holdepunkter for \u00e5 si at fart har v\u00e6rt en medvirkende \u00e5rsak.\u00bb<\/p>\n<p>Etter en gjennomgang ble saken henlagt av statsadvokaten i Nordland.<\/p>\n<p>Den avgj\u00f8relsen er anket av bistandsadvokaten til de etterlatte til dem som omkom i ulykken.<\/p>\n<p>Jeg var selv mange timer p\u00e5 ulykkesstedet i uv\u00e6ret andre juledag i fjor. Sporene viste at bussen hadde kommet utfor veien p\u00e5 det verst tenkelige stedet.<\/p>\n<p>Ikke noe autovern, ingen barriere som forhindret katastrofen. Veiskuldra ledet kj\u00f8ret\u00f8yet mot avkj\u00f8ringen, veien ned til det gamle fergeleiet p\u00e5 Han\u00f8y. Den kryssende veien m\u00e5 ha f\u00f8ltes som en hoppkant for sj\u00e5f\u00f8r og passasjerer. Bussen stupte ned mot \u00c5svannet, og stanset ikke f\u00f8r den l\u00e5 helt p\u00e5 siden, delvis i vannet.<\/p>\n<p><b>N\u00e5r jeg kommer til ulykkesstedet 26. desember 2024, vet jeg \u2013 i liket med redningspersonellet p\u00e5 stedet \u2013 at det ligger d\u00f8de personer inne i bussen. <\/b><\/p>\n<p>Samtidig som arbeidet med \u00e5 f\u00e5 full oversikt g\u00e5r sin gang, kommer stadig flere kj\u00f8ret\u00f8y med bl\u00e5lys til stedet fra begge sider av . Oppi kaoset, hersker det en slags stillhet p\u00e5 stedet. Kun v\u00e6ret gj\u00f8r fullt og helt som det vil \u2013 og det til gagns. Vindrossene viser ingen respekt. Ingen n\u00e5de. P\u00e5 ett tidspunkt g\u00e5r hele Sivilforsvaret sin innsats ut p\u00e5 \u00e5 berge teltet som er satt opp for \u00e5 skjerme redningsledelsen. Bardunen som er festet i slepekroken p\u00e5 en bil \u2013 ja, den holder. Men bilen flyttes n\u00e5r vindkula treffer teltet som en knyttneve.<\/p>\n<p>  <a href=\"https:\/\/www.lofotposten.no\/5-29-1139765\" class=\"related-teaser has-image default-story-teaser article--c-eRUmMG article--c-eRUmMG-jKCPdD-design-default\" rel=\"nofollow noopener\" target=\"_blank\"><\/p>\n<p>    <img decoding=\"async\" loading=\"lazy\"  src=\"https:\/\/www.europesays.com\/no\/wp-content\/uploads\/2025\/12\/Sivilforsvaret-EPecori-9.jpg\" alt=\"\" class=\"brick-c-cFOWSL\" style=\"\"\/><\/p>\n<p>\n            Les ogs\u00e5<\/p>\n<p>              Bj\u00f8rn og Roy deltok i redningsaksjonen: \u2013 Vinden flytta biler\n        <\/p>\n<p>  <\/a><\/p>\n<p>Ogs\u00e5 i tiden etter den fatale ulykka, m\u00e5 jeg sies \u00e5 v\u00e6re storforbruker av Lofast. Mange ganger har jeg passert ulykkesstedet, men aldri uten \u00e5 tenke p\u00e5 timene og inntrykkene fra andre juledag i fjor.<\/p>\n<p><b>Det er som om tiden har st\u00e5tt stille p\u00e5 ulykkesstedet, kunne jeg skrevet n\u00e5. Men det ville v\u00e6rt direkte usant. <\/b><\/p>\n<p>For, i det stille, har det skjedd noe b\u00e5de her \u2013 og svingen hvor en annen buss kj\u00f8rte utfor E10 og havnet p\u00e5 siden i havet lengre ut i Lofoten. Ulykken i Kilanpollen i Flakstad skjedde bare 17 dager etter ulykken p\u00e5 Lofast.<\/p>\n<p>Ogs\u00e5 i Flakstad-ulykken forklarer sj\u00e5f\u00f8ren at ei kraftig vindrosse presset bussen utfor. Men den siste ulykken skjer p\u00e5 et langt gunstigere sted. Ingen omkomne. Ikke noe f\u00f8rerkortbeslag. <a href=\"https:\/\/www.lofotposten.no\/bussjaforen-beholder-forerkortet-lov-a-vare-uheldig\/s\/5-29-1142907\" rel=\"Follow nofollow noopener\" target=\"_blank\">Det er lov \u00e5 v\u00e6re uheldig, uttaler politiet<\/a>. Likhetstrekkene mellom de to ulykkene er sl\u00e5ende.<\/p>\n<p><b>Forskjellene er en brutal p\u00e5minnelse om at marginene er sm\u00e5.<\/b><\/p>\n<p>Den smale europaveien gjennom \u00f8yriket tiltrekker seg stadig flere turister, fra stadig nye land \u2013 eller markeder, som det er n\u00e5r AS Norge viser fram bilder av r\u00f8de rorbuer, gr\u00f8nt hav med hvite strender og ragende tinder. M\u00e5let er trekke flere turister til Lofoten. Noe som igjen betyr enda st\u00f8rre trafikk p\u00e5 en vei som verken er tilpasset trafikkmengden eller st\u00f8rrelsen p\u00e5 dagens kj\u00f8ret\u00f8y.<\/p>\n<p>Trafikken gjennom Lofoten har aldri v\u00e6rt st\u00f8rre.<\/p>\n<p>  <a href=\"https:\/\/www.lofotposten.no\/5-29-1214202\" class=\"related-teaser has-image default-story-teaser article--c-eRUmMG article--c-eRUmMG-jKCPdD-design-default\" rel=\"nofollow noopener\" target=\"_blank\"><\/p>\n<p>    <img decoding=\"async\" loading=\"lazy\"  src=\"https:\/\/www.europesays.com\/no\/wp-content\/uploads\/2025\/12\/IMG_0613.jpg\" alt=\"\" class=\"brick-c-cFOWSL\" style=\"\"\/><\/p>\n<p>\n            Les ogs\u00e5<\/p>\n<p>              Dette stedet har hatt st\u00f8rst trafikk\u00f8kning\n        <\/p>\n<p>  <\/a><\/p>\n<p><b>Bare s\u00e5 synd at viljen til \u00e5 satse p\u00e5 sikkerhet, beredskap og utbedring av E10 i Lofoten virker \u00e5 v\u00e6re motsatt proporsjonal med Lofotens attraktivitet som reisem\u00e5l, og trafikkveksten. <\/b><\/p>\n<p>Veieier, staten, l\u00f8per etter. I det stille.<\/p>\n<p>I m\u00e5nedene etter bussulykka ved Han\u00f8y andre juledag i fjor, har det skjedd noe:<\/p>\n<p>Det har dukket opp nytt autovern. Et solid \u00abst\u00e5lgjerde\u00bb er satt opp langs E10 der bussen i fjor havnet utfor asfaltkanten og i gr\u00f8fta.<\/p>\n<p>Hva om dette autovernet hadde kommet opp noen m\u00e5neder tidligere? Ville bussen blitt presset mot autovernet, holdt seg p\u00e5 veien \u2013 og ikke stup ned i \u00c5svannet? Det er umulig \u00e5 ikke stille disse sp\u00f8rsm\u00e5lene, p\u00e5 ett-\u00e5rsdagen fra da alt gikk s\u00e5 fryktelig galt.<\/p>\n<p>  <a data-static=\"\" href=\"#skip-\" class=\"brick-c-fgNmNC\">Hopp over karusellen.<\/a><\/p>\n<p data-static=\"\" class=\"brick-c-fgNmNC\" id=\"carousel-title-\">Innholdskarusell med 7 artikler.<\/p>\n<ul data-static=\"\" class=\"contents-wrapper\" data-contents-wrapper=\"\" tabindex=\"0\" data-min-slides-to-show=\"1\" aria-label=\"Skrollbart innhold\">\n<li data-static=\"\" data-content-wrapper=\"\" data-content-item=\"\" tabindex=\"-1\" aria-label=\"Artikkel 1\">\n<p>   <img decoding=\"async\" width=\"4032\" height=\"3024\" fetchpriority=\"low\"  loading=\"lazy\"  src=\"https:\/\/www.europesays.com\/no\/wp-content\/uploads\/2025\/12\/IMG_1442.jpg\" alt=\"\" class=\"brick-c-cFOWSL\" style=\"--brick-image-ratio: 4032 \/ 3024;\"\/><\/p>\n<p>Bildet tatt andre juledag 2024 viser hvordan det gamle autovernet ble avsluttet. Sporene etter h\u00f8yrehjulene p\u00e5 bussen vises tydelig. Bussen kjrte over veien hvor brannbilen st\u00e5r, og stupte ned i vannet. <\/p>\n<p>Foto: Jan Eivind Fredly<\/p>\n<\/li>\n<li data-static=\"\" data-content-wrapper=\"\" data-content-item=\"\" tabindex=\"-1\" aria-label=\"Artikkel 2\">\n<p>   <img decoding=\"async\" width=\"5712\" height=\"4284\" fetchpriority=\"low\"  loading=\"lazy\"  src=\"https:\/\/www.europesays.com\/no\/wp-content\/uploads\/2025\/12\/IMG_0014.jpg\" alt=\"\" class=\"brick-c-cFOWSL\" style=\"--brick-image-ratio: 5712 \/ 4284;\"\/><\/p>\n<p>Hullene etter stolpene viser tydelig hvor det gamle autovernet gikk og sluttet, sammenlignet med som er satt opp etter bussulykken ved Han\u00f8y andre juledag 2024. <\/p>\n<p>Foto: Jan Eivind Fredly<\/p>\n<\/li>\n<li data-static=\"\" data-content-wrapper=\"\" data-content-item=\"\" tabindex=\"-1\" aria-label=\"Artikkel 3\">\n<p>   <img decoding=\"async\" width=\"3024\" height=\"4032\" fetchpriority=\"low\"  loading=\"lazy\"  src=\"https:\/\/www.europesays.com\/no\/wp-content\/uploads\/2025\/12\/IMG_0044.jpg\" alt=\"\" class=\"brick-c-cFOWSL\" style=\"--brick-image-ratio: 3024 \/ 4032;\"\/><\/p>\n<\/li>\n<li data-static=\"\" data-content-wrapper=\"\" data-content-item=\"\" tabindex=\"-1\" aria-label=\"Artikkel 4\">\n<p>   <img decoding=\"async\" width=\"5712\" height=\"4284\" fetchpriority=\"low\"  loading=\"lazy\"  src=\"https:\/\/www.europesays.com\/no\/wp-content\/uploads\/2025\/12\/IMG_9994.jpg\" alt=\"\" class=\"brick-c-cFOWSL\" style=\"--brick-image-ratio: 5712 \/ 4284;\"\/><\/p>\n<p>Det nye autovernet g\u00e5r inn i krysset langs veien som leder ned til Han\u00f8y. <\/p>\n<p>Foto: Jan Eivind Fredly<\/p>\n<\/li>\n<li data-static=\"\" data-content-wrapper=\"\" data-content-item=\"\" tabindex=\"-1\" aria-label=\"Artikkel 5\">\n<p>   <img decoding=\"async\" width=\"5712\" height=\"4284\" fetchpriority=\"low\"  loading=\"lazy\"  src=\"https:\/\/www.europesays.com\/no\/wp-content\/uploads\/2025\/12\/IMG_0020.jpg\" alt=\"\" class=\"brick-c-cFOWSL\" style=\"--brick-image-ratio: 5712 \/ 4284;\"\/><\/p>\n<p>Det nye autovernet g\u00e5r langs hele strekningen hvor ulykkesbussen havnet utfor veien p\u00e5 Lofast andre juledag 2024. <\/p>\n<p>Foto: Jan Eivind Fredly<\/p>\n<\/li>\n<li data-static=\"\" data-content-wrapper=\"\" data-content-item=\"\" tabindex=\"-1\" aria-label=\"Artikkel 6\">\n<p>   <img decoding=\"async\" width=\"4032\" height=\"3024\" fetchpriority=\"low\"  loading=\"lazy\"  src=\"https:\/\/www.europesays.com\/no\/wp-content\/uploads\/2025\/12\/IMG_0068.jpg\" alt=\"\" class=\"brick-c-cFOWSL\" style=\"--brick-image-ratio: 4032 \/ 3024;\"\/><\/p>\n<\/li>\n<li data-static=\"\" data-content-wrapper=\"\" data-content-item=\"\" tabindex=\"-1\" aria-label=\"Artikkel 7\">\n<p>   <img decoding=\"async\" width=\"4032\" height=\"3024\" fetchpriority=\"low\"  loading=\"lazy\"  src=\"https:\/\/www.europesays.com\/no\/wp-content\/uploads\/2025\/12\/IMG_0083.jpg\" alt=\"\" class=\"brick-c-cFOWSL\" style=\"--brick-image-ratio: 4032 \/ 3024;\"\/><\/p>\n<\/li>\n<\/ul>\n<p><b>Hva om dette autovernet hadde st\u00e5tt der den 26. desember 2024? Tre liv er en uendelig h\u00f8y pris \u00e5 betale for en sikring som burde v\u00e6rt der hele tiden. <\/b><\/p>\n<p>Ogs\u00e5 i Kilpollen i Flakstad, hvor turistbussen veltet utfor veien og havnet i havet 17 dager senere, har myndighetene kommet etter med tiltak som kan utgj\u00f8re en forskjell p\u00e5 liv og d\u00f8d.<\/p>\n<p>Ogs\u00e5 denne svingene er i dag sikret \u2013 i etterkant at en ulykke med 27 involverte passasjerer og potensielt verst tenkelige utfall.<\/p>\n<p>  <a href=\"https:\/\/www.lofotposten.no\/5-29-1215275\" class=\"related-teaser has-image default-story-teaser article--c-eRUmMG article--c-eRUmMG-jKCPdD-design-default\" rel=\"nofollow noopener\" target=\"_blank\"><\/p>\n<p>    <img decoding=\"async\" loading=\"lazy\"  src=\"https:\/\/www.europesays.com\/no\/wp-content\/uploads\/2025\/12\/IMG_0617_1.jpg\" alt=\"\" class=\"brick-c-cFOWSL\" style=\"\"\/><\/p>\n<p>\n            Les ogs\u00e5<\/p>\n<p>              Ulykkessvingen f\u00e5r rekkverk\n        <\/p>\n<p>  <\/a><\/p>\n<p>Det er selvsagt bra av disse punktene utbedres. Men det tegner samtidig et bilde av en uforsvarlig forvaltning. Om <a rel=\"Follow nofollow noopener\" href=\"https:\/\/www.regjeringen.no\/no\/tema\/transport-og-kommunikasjon\/veg_og_vegtrafikk\/trafikksikkerhet\/nullvisjonen\/id2966061\/\" target=\"_blank\">nullvisjonen til Statens vegvesen<\/a> er gjeldende ogs\u00e5 i Lofoten, b\u00f8r fokus flyttes fra kriseh\u00e5ndtering til -forebygging. Det klarer ikke vegvesenet alene.<\/p>\n<p><b>Det er noe voldsomt brutalt og ekkelt ved en stat som lokker stadig flere mennesker til ei veistrekning hvor det kun gj\u00f8res utbedringer n\u00e5r noen har d\u00f8dd \u2013 eller nesten d\u00f8dd. <\/b><\/p>\n<p>\u00abUtbedringer E10, Lofoten: Tas fortl\u00f8pende etter d\u00f8dsulykker, eller ulykker med potensielt d\u00f8delig utfall.\u00bb<\/p>\n<p>Det st\u00e5r forh\u00e5pentligvis ikke slik i noen planer. Men det er dessverre dette som er praksis n\u00e5r det kommer til \u00e5 gj\u00f8re E10 gjennom Lofoten sikrere \u00e5 ferdes p\u00e5. Vi kan ikke ha en samferdselspolitikk der myndighetene l\u00f8per etter ulykkene med st\u00e5l og bolter i h\u00e5p om \u00e5 rekke neste sving.<\/p>\n<p>  <a href=\"https:\/\/www.lofotposten.no\/5-29-1138866\" class=\"related-teaser has-image default-story-teaser article--c-eRUmMG article--c-eRUmMG-jKCPdD-design-default\" rel=\"nofollow noopener\" target=\"_blank\"><\/p>\n<p>    <img decoding=\"async\" loading=\"lazy\"  src=\"https:\/\/www.europesays.com\/no\/wp-content\/uploads\/2025\/12\/DSC08490.jpg\" alt=\"\" class=\"brick-c-cFOWSL\" style=\"\"\/><\/p>\n<p>\n            Les ogs\u00e5<\/p>\n<p>              Kj\u00f8rte ut p\u00e5 samme sted som ulykkesbussen: Reddet av midlertidig autovern\n        <\/p>\n<p>  <\/a><\/p>\n<p>Eneste vilje til utbedringer langs E10 gjennom Lofoten, har handlet om rassikring vest i Lofoten. Selv virkelighetsfjerne politikere p\u00e5 Stortinget og i regjeringen har skj\u00f8nt at det m\u00e5 gj\u00f8res noe for \u00e5 stanse nedfallene fra fjellene. Men selv dette <a rel=\"Follow nofollow noopener\" href=\"https:\/\/www.lofotposten.no\/rassikring-og-utbedring-av-e10-i-lofoten-kan-matte-vente-ikke-prioritert-de-forste-arene\/s\/5-29-1036705\" target=\"_blank\">var ikke prioritert da regjeringen best\u00e5ende av Arbeiderpartiet og Senterpartiet la fra NTP<\/a>.<\/p>\n<p>  <a href=\"https:\/\/www.lofotposten.no\/5-29-918657\" class=\"related-teaser has-image default-story-teaser article--c-eRUmMG article--c-eRUmMG-jKCPdD-design-default\" rel=\"nofollow noopener\" target=\"_blank\"><\/p>\n<p>    <img decoding=\"async\" loading=\"lazy\"  src=\"https:\/\/www.europesays.com\/no\/wp-content\/uploads\/2025\/12\/1465386280708+-+Kopi.jpg\" alt=\"\" class=\"brick-c-cFOWSL\" style=\"\"\/><\/p>\n<p>\n            Les ogs\u00e5<\/p>\n<p>              Rassikring av E10 kan bli utsatt \u2013 n\u00e5 krever ordf\u00f8reren mer penger til veibygging: \u2013 Det er jo fortsatt rasfarlig, folk t\u00f8r ikke kj\u00f8re her\n        <\/p>\n<p>  <\/a><\/p>\n<p>Den overhengende faren ved \u00e5 ferdes langs E10 under steile Lofotfjell, ble illustrert p\u00e5 dramatisk vis i april i \u00e5r. Dagfinn Andreassen fra Stamsund var centimetre unna d\u00f8den da et steinras knuste bilen hans ved R\u00f8rvika, rett ved krysset til Henningsv\u00e6r.<\/p>\n<p><a href=\"https:\/\/www.lofotposten.no\/plutselig-kom-steinblokkene-og-dundret-inn-i-bilen-til-dagfinn-jeg-ble-sittende-fastklemt-i-en-halv-time\/s\/5-29-1177524\" rel=\"Follow nofollow noopener\" target=\"_blank\">\u2013 Hadde steinen truffet fem centimeter lenger borte, s\u00e5 hadde jeg v\u00e6rt dau<\/a>, sa Dagfinn fra sykesenga p\u00e5 Nordlandssykehuset Lofoten p\u00e5 Gravdal.<\/p>\n<p>Ogs\u00e5 her kommer Statens vegvesen l\u00f8pende etter. <a rel=\"Follow nofollow noopener\" href=\"https:\/\/www.lofotposten.no\/tunnel-forbi-raset-har-vart-diskutert-i-over-10-ar-men-pengene-er-ikke-lagt-pa-bordet-dette-er-en-katastrofe-sier-ordforer\/s\/5-29-1177869\" target=\"_blank\">I mer enn ti \u00e5r har det foreligget planer om \u00e5 bygge tunnel slik at trafikken ikke skal g\u00e5 forbi det kjente rasstedet i V\u00e5gan<\/a>.<\/p>\n<p>Fremdeles passerer rundt  under l\u00f8se steiner hver eneste dag. Etter rasulykken i april har vegvesenet satt opp en byggeklosslignende mur mellom veibanen og steinura,<\/p>\n<p><b>En skammens mur, som atter et vitnesbyrd om ei forvaltning som handler om \u00e5 l\u00f8pe etter katastrofene i stedet for \u00e5 hindre at de oppst\u00e5r. <\/b><\/p>\n<p>  <a href=\"https:\/\/www.lofotposten.no\/5-29-1200837\" class=\"related-teaser has-image default-story-teaser article--c-eRUmMG article--c-eRUmMG-jKCPdD-design-default\" rel=\"nofollow noopener\" target=\"_blank\"><\/p>\n<p>    <img decoding=\"async\" loading=\"lazy\"  src=\"https:\/\/www.europesays.com\/no\/wp-content\/uploads\/2025\/12\/Sikringslego+2.jpg\" alt=\"\" class=\"brick-c-cFOWSL\" style=\"\"\/><\/p>\n<p>\n            Les ogs\u00e5<\/p>\n<p>              To tonns \u00ablegoklosser\u00bb skal sikre rasomr\u00e5det\n        <\/p>\n<p>  <\/a><\/p>\n<p>I tillegg til dramatikken, viste rasulykken ved R\u00f8rvika s\u00e5rbarheten i Lofoten. Det er ingen omkj\u00f8ringsmulighet verken for pendlere, turister eller akutt syke, som skulle kommet seg til sykehuset p\u00e5 Gravdal. Stenges eksempelvis Gims\u00f8ybrua for allmenn ferdsel som f\u00f8lge av sterk vind, <a href=\"https:\/\/www.lofotposten.no\/da-pasienten-ikke-kunne-hentes-med-helikopter-steppet-brannvesenet-inn\/s\/5-29-895095\" rel=\"Follow nofollow noopener\" target=\"_blank\">st\u00e5r brannvesenet klart med vannvogna for \u00e5 f\u00f8lge en ambulanse p\u00e5 utrykning trygt over brua<\/a>.<\/p>\n<p>Ved raset i R\u00f8rvik kom de kreative selvhjelpsl\u00f8sningene til kort selv for brannvesenet: E10 ble kuttet tvers av i halvannet d\u00f8gn.<\/p>\n<p><b>Vi kan ikke fjerne ekstremv\u00e6r eller de bratte fjellsider. Men vi m\u00e5 kunne kreve at de som har ansvaret for veien, tryggheten og beredskapen viser et snev av forst\u00e5else og vilje til \u00e5 gj\u00f8re utbedringer. E10 skal v\u00e6re en trygg vei for alle, ikke en arena der liv og d\u00f8d avhenger av fem centimeter eller tilfeldige vindkast. Begge tingene inntreffer, det vet vi. Da m\u00e5 det bygges deretter. <\/b><\/p>\n<p>Og da har jeg ikke engang nevnt vinglekj\u00f8rerne: Asiatiske turister i leiebiler som er mer p\u00e5 motsatt side av veien over bakketopper og gjennom svinger p\u00e5 den samme E10. En medvirkende \u00e5rsak til at <a href=\"https:\/\/www.lofotposten.no\/fersk-sporreundersokelse-flertallet-av-lofotingene-foler-seg-utrygge-langs-e10\/s\/5-29-1148092\" rel=\"Follow nofollow noopener\" target=\"_blank\">et flertall av lofotingene i en sp\u00f8rreunders\u00f8kelse sist vinter svarte at de ikke f\u00f8lte seg trygge n\u00e5r de ferdes langs E10 gjennom Lofoten<\/a>.<\/p>\n<p><b>N\u00e5r vi markerer \u00e5ret som har g\u00e5tt med \u00e5 nevne disse hendelsene, er det i dyp respekt for alle involverte \u2013 v\u00e5re tanker g\u00e5r ikke minst til de p\u00e5r\u00f8rende etter ulykken p\u00e5 Lofast andre juledag.<\/b><\/p>\n<p>Politiet konkluderte med at det var \u00abekstraordin\u00e6re vindforhold\u00bb som var \u00e5rsaken til bussulykken der for ett \u00e5r siden.<\/p>\n<p>Kan vi driste oss til \u00e5 h\u00e5pe p\u00e5 et \u00abekstraordin\u00e6rt fokus\u00bb p\u00e5 turist- og pendlerveien gjennom Lofoten i 2026. <br \/>Det har v\u00e6rt valg, og de sittende politikerne p\u00e5 Stortinget tar straks fatt p\u00e5 sitt f\u00f8rste hele \u00e5r. Kanskje er det den nye Nordlandsbenken som kan utgj\u00f8re en forskjell p\u00e5 trygg og fare, p\u00e5 liv og d\u00f8d?<\/p>\n<p>Det f\u00f8les som \u00e5 sl\u00e5 inn ei \u00e5pen d\u00f8r, men jeg skriver det likevel:<\/p>\n<p>Vi har ingen flere \u00e5 miste!<\/p>\n<p><b>Jan Eivind Fredly, <\/b><br \/>sjefredakt\u00f8r Lofotposten<\/p>\n<p>  <a href=\"https:\/\/www.lofotposten.no\/5-29-1138283\" class=\"related-teaser has-image default-opinion-teaser article--c-eRUmMG article--c-eRUmMG-jKCPdD-design-default\" rel=\"nofollow noopener\" target=\"_blank\"><\/p>\n<p>    <img decoding=\"async\" loading=\"lazy\"  src=\"https:\/\/www.europesays.com\/no\/wp-content\/uploads\/2025\/12\/Uten+tittel+%2852%29.png\" alt=\"\" class=\"brick-c-cFOWSL\" style=\"\"\/><\/p>\n<p>\n            Les ogs\u00e5<\/p>\n<p>              160 personer involvert i bussulykker i Lofoten p\u00e5 et halvt \u00e5r\n        <\/p>\n<p>  <\/a><\/p>\n<p>  <a href=\"https:\/\/www.lofotposten.no\/5-29-1139584\" class=\"related-teaser has-image default-opinion-teaser article--c-eRUmMG article--c-eRUmMG-jKCPdD-design-default\" rel=\"nofollow noopener\" target=\"_blank\"><\/p>\n<p>    <img decoding=\"async\" loading=\"lazy\"  src=\"https:\/\/www.europesays.com\/no\/wp-content\/uploads\/2025\/12\/DSC08233.jpg\" alt=\"\" class=\"brick-c-cFOWSL\" style=\"\"\/><\/p>\n<p>\n            Les ogs\u00e5<\/p>\n<p>              Mine tanker g\u00e5r i dag til sj\u00e5f\u00f8ren p\u00e5 ulykkesbussen\n        <\/p>\n<p>  <\/a><\/p>\n","protected":false},"excerpt":{"rendered":"Mange husker dagen som om det var i g\u00e5r. Men det har g\u00e5tt ett \u00e5r siden Lofotekspressen mellom&hellip;\n","protected":false},"author":2,"featured_media":122747,"comment_status":"","ping_status":"","sticky":false,"template":"","format":"standard","meta":{"footnotes":""},"categories":[10],"tags":[36,20,21,14554,24,25,1186,15,22,23,14553,13,30,28,29,14,1533,16,26,27],"class_list":{"0":"post-122746","1":"post","2":"type-post","3":"status-publish","4":"format-standard","5":"has-post-thumbnail","7":"category-norge","8":"tag-art","9":"tag-breaking-news","10":"tag-breakingnews","11":"tag-bussulykken-i-hadsel","12":"tag-featured-news","13":"tag-featurednews","14":"tag-flakstad","15":"tag-headlines","16":"tag-latest-news","17":"tag-latestnews","18":"tag-lofast","19":"tag-news","20":"tag-no","21":"tag-norge","22":"tag-norway","23":"tag-nyheter","24":"tag-opinion","25":"tag-overskrifter","26":"tag-top-stories","27":"tag-topstories"},"share_on_mastodon":{"url":"https:\/\/pubeurope.com\/@no\/115791409459413528","error":""},"_links":{"self":[{"href":"https:\/\/www.europesays.com\/no\/wp-json\/wp\/v2\/posts\/122746","targetHints":{"allow":["GET"]}}],"collection":[{"href":"https:\/\/www.europesays.com\/no\/wp-json\/wp\/v2\/posts"}],"about":[{"href":"https:\/\/www.europesays.com\/no\/wp-json\/wp\/v2\/types\/post"}],"author":[{"embeddable":true,"href":"https:\/\/www.europesays.com\/no\/wp-json\/wp\/v2\/users\/2"}],"replies":[{"embeddable":true,"href":"https:\/\/www.europesays.com\/no\/wp-json\/wp\/v2\/comments?post=122746"}],"version-history":[{"count":0,"href":"https:\/\/www.europesays.com\/no\/wp-json\/wp\/v2\/posts\/122746\/revisions"}],"wp:featuredmedia":[{"embeddable":true,"href":"https:\/\/www.europesays.com\/no\/wp-json\/wp\/v2\/media\/122747"}],"wp:attachment":[{"href":"https:\/\/www.europesays.com\/no\/wp-json\/wp\/v2\/media?parent=122746"}],"wp:term":[{"taxonomy":"category","embeddable":true,"href":"https:\/\/www.europesays.com\/no\/wp-json\/wp\/v2\/categories?post=122746"},{"taxonomy":"post_tag","embeddable":true,"href":"https:\/\/www.europesays.com\/no\/wp-json\/wp\/v2\/tags?post=122746"}],"curies":[{"name":"wp","href":"https:\/\/api.w.org\/{rel}","templated":true}]}}