{"id":122748,"date":"2025-12-27T11:56:10","date_gmt":"2025-12-27T11:56:10","guid":{"rendered":"https:\/\/www.europesays.com\/no\/122748\/"},"modified":"2025-12-27T11:56:10","modified_gmt":"2025-12-27T11:56:10","slug":"mann-funnet-med-stikkskader-i-moss-politiet-har-kontroll-nrk-ostfold-lokale-nyheter-tv-og-radio","status":"publish","type":"post","link":"https:\/\/www.europesays.com\/no\/122748\/","title":{"rendered":"Mann funnet med stikkskader i Moss \u2013 politiet har kontroll \u2013 NRK \u00d8stfold \u2013 Lokale nyheter, TV og radio"},"content":{"rendered":"<p>Det som skulle v\u00e6re en test av en skuddsikker vest, endte i en alvorlig knivstikking l\u00f8rdag formiddag.<\/p>\n<p><strong>Politiet etterforsker n\u00e5 hendelsen som et uhell under lek p\u00e5 en privatadresse i \u00d8stfold-byen.<\/strong><\/p>\n<p>Politiet meldte klokken 11:34 om at de rykket ut etter en dramatisk melding fra AMK.<\/p>\n<p>\u2013 N\u00f8detatene rykker ut til en en privatadresse etter melding om knivstikking, skrev operasjonsleder i \u00d8st politidistrikt, Atle Vesttorp, innledningvis.<\/p>\n<p><strong>Da politiet og helsepersonell kom frem, viste det seg at bakgrunnen for den alvorlige volden var av den uvanlige typen.<\/strong><\/p>\n<p>Totalt fire personer oppholdt seg p\u00e5 adressen.<\/p>\n<p>\u2013 Vi har v\u00e6rt i kontakt med alle parter p\u00e5 stedet. Det er snakk om en mistenkt og en forn\u00e6rmet mann, sier jourhavende jurist i \u00d8st politidistrikt, Eirik Skjeldrum.<\/p>\n<p>Ingen p\u00e5grepet<\/p>\n<p>Situasjonen fremstod som en kriminell handling da meldingen f\u00f8rst kom inn. N\u00e5 har politiet endret fokus.<\/p>\n<p><strong>If\u00f8lge politiet er det ingenting som tyder p\u00e5 at det ligger en kriminell hensikt bak knivstikkingen.<\/strong><\/p>\n<p>\u2013 Det har v\u00e6rt testing av millit\u00e6reffekter, og det er snakk om en lek som har endt med stikkskader. Det ble brukt en kniv, bekrefter Skjeldrum til NRK.<\/p>\n<p>Politiet har opprettet en straffesak etter hendelsen. Personen som p\u00e5f\u00f8rte den forn\u00e6rmede mannen stikkskadene, har status som mistenkt i saken.<\/p>\n<p>Han er ikke p\u00e5grepet.<\/p>\n<p>\u2013 Partene p\u00e5 stedet har erkjent de faktiske forholdene. B\u00e5de stikkvesten og kniven er beslaglagt.<\/p>\n<p>Publisert<\/p>\n<p>27.12.2025, kl. 11.44<\/p>\n<p>Oppdatert<\/p>\n<p>27.12.2025, kl. 12.54<\/p>\n","protected":false},"excerpt":{"rendered":"Det som skulle v\u00e6re en test av en skuddsikker vest, endte i en alvorlig knivstikking l\u00f8rdag formiddag. Politiet&hellip;\n","protected":false},"author":2,"featured_media":122749,"comment_status":"","ping_status":"","sticky":false,"template":"","format":"standard","meta":{"footnotes":""},"categories":[5],"tags":[20,21,24,25,15,19,22,23,17,18,13,30,28,29,14,16,26,27],"class_list":{"0":"post-122748","1":"post","2":"type-post","3":"status-publish","4":"format-standard","5":"has-post-thumbnail","7":"category-overskrifter","8":"tag-breaking-news","9":"tag-breakingnews","10":"tag-featured-news","11":"tag-featurednews","12":"tag-headlines","13":"tag-hovedoppslag","14":"tag-latest-news","15":"tag-latestnews","16":"tag-main-news","17":"tag-mainnews","18":"tag-news","19":"tag-no","20":"tag-norge","21":"tag-norway","22":"tag-nyheter","23":"tag-overskrifter","24":"tag-top-stories","25":"tag-topstories"},"share_on_mastodon":{"url":"https:\/\/pubeurope.com\/@no\/115791409551131991","error":""},"_links":{"self":[{"href":"https:\/\/www.europesays.com\/no\/wp-json\/wp\/v2\/posts\/122748","targetHints":{"allow":["GET"]}}],"collection":[{"href":"https:\/\/www.europesays.com\/no\/wp-json\/wp\/v2\/posts"}],"about":[{"href":"https:\/\/www.europesays.com\/no\/wp-json\/wp\/v2\/types\/post"}],"author":[{"embeddable":true,"href":"https:\/\/www.europesays.com\/no\/wp-json\/wp\/v2\/users\/2"}],"replies":[{"embeddable":true,"href":"https:\/\/www.europesays.com\/no\/wp-json\/wp\/v2\/comments?post=122748"}],"version-history":[{"count":0,"href":"https:\/\/www.europesays.com\/no\/wp-json\/wp\/v2\/posts\/122748\/revisions"}],"wp:featuredmedia":[{"embeddable":true,"href":"https:\/\/www.europesays.com\/no\/wp-json\/wp\/v2\/media\/122749"}],"wp:attachment":[{"href":"https:\/\/www.europesays.com\/no\/wp-json\/wp\/v2\/media?parent=122748"}],"wp:term":[{"taxonomy":"category","embeddable":true,"href":"https:\/\/www.europesays.com\/no\/wp-json\/wp\/v2\/categories?post=122748"},{"taxonomy":"post_tag","embeddable":true,"href":"https:\/\/www.europesays.com\/no\/wp-json\/wp\/v2\/tags?post=122748"}],"curies":[{"name":"wp","href":"https:\/\/api.w.org\/{rel}","templated":true}]}}