{"id":122750,"date":"2025-12-27T12:03:24","date_gmt":"2025-12-27T12:03:24","guid":{"rendered":"https:\/\/www.europesays.com\/no\/122750\/"},"modified":"2025-12-27T12:03:24","modified_gmt":"2025-12-27T12:03:24","slug":"sjokk-og-vantro","status":"publish","type":"post","link":"https:\/\/www.europesays.com\/no\/122750\/","title":{"rendered":"&#8211; Sjokk og vantro"},"content":{"rendered":"<p class=\"kicker \" style=\"\">Vinden tok huset:<\/p>\n<p>  Benn-Roger Eriksen fikk sjokk da han skulle sjekke det nye huset som straks var ferdig.<\/p>\n<p>\n    KRAFTIG VIND: Vinden herjer i Nordland og Troms l\u00f8rdag fomiddag. Foto: Windy\n  <\/p>\n<p>Stormen herjer i nord, og for Benn-Roger Eriksen og familien ble det dramatisk.\u00a0<\/p>\n<p>Eriksen fikk melding om at vinden hadde revet p\u00e5 huset de er i ferd med \u00e5 bygge p\u00e5 Tussan i Vestv\u00e5g\u00f8y i Lofoten, og dro for \u00e5 sjekke.<\/p>\n<p>Da han kom fram til stedet s\u00e5 han at hele andreetasjen var revet av, og hadde havnet p\u00e5 andre siden av veien.<\/p>\n<p>&#8211; Jeg hadde ikke i min villeste fantasi sett for meg at dette kunne skje, forteller Eriksen til Dagbladet og legger til at bygget var godt sikret.<\/p>\n<p><a href=\"https:\/\/www.lofotposten.no\/raserte-nyhuset-til-benn-roger-skjonner-ikke-at-det-gar-an\/s\/5-29-1264552\" rel=\"nofollow noopener\" target=\"_blank\">Lofotposten<\/a> omtalte saken f\u00f8rst.\u00a0<\/p>\n<p>&#8211; Man blir litt i sjokk og vantro, fortsetter han oppgitt.<\/p>\n<p>Han er usikker p\u00e5 hvor stort skadeomfanget er.\u00a0<\/p>\n<p>&#8211; Jeg turte ikke \u00e5 g\u00e5 s\u00e5 n\u00e6r. Det var ganske skummelt med den sterke vinden.\u00a0<\/p>\n<p>N\u00e5r Dagbladet snakker med ham, er han tilbake i huset de n\u00e5 bor i. Der har det ikke v\u00e6rt noen skader.\u00a0<\/p>\n<p>&#8211; Vi f\u00e5r se p\u00e5 skadene n\u00e5r vinden l\u00f8yer. Det er ikke noe \u00e5 gj\u00f8re med det. Det viktigste er at ingen folk er skadd og at delene fra huset ikke traff andre hus, sier han.\u00a0<\/p>\n<p>        <img loading=\"lazy\" decoding=\"async\" src=\"https:\/\/www.europesays.com\/no\/wp-content\/uploads\/2025\/12\/84030444.webp\" width=\"980\" height=\"559\" title=\"FARE: L\u00f8rdag formiddag er det sendt ut N\u00f8dvarsel i Bod\u00f8 p\u00e5 grunn av v\u00e6ret. Foto: Bod\u00f8 havn\/skjermdump\" alt=\"\" class=\"\" style=\"--aspect-ratio-image: 1.75; \"\/><\/p>\n<p>\n        FARE: L\u00f8rdag formiddag er det sendt ut N\u00f8dvarsel i Bod\u00f8 p\u00e5 grunn av v\u00e6ret. Foto: Bod\u00f8 havn\/skjermdump\n    <\/p>\n<p>&#8211; Sinnsykt v\u00e6r\t<\/p>\n<p>I Bod\u00f8 meldes det blant annet om flere tak som skal ha blitt tatt av vinden, skriver <a href=\"https:\/\/www.an.no\/store-skader-pa-sameie-i-bodo-en-svart-alvorlig-situasjon\/s\/5-4-2300518\" rel=\"nofollow noopener\" target=\"_blank\">Avisa Nordland<\/a>. Deriblant p\u00e5 et sameie.<\/p>\n<p> Styreleder i sameiet, Christian Unosen, sier til <a href=\"https:\/\/www.an.no\/store-skader-pa-sameie-i-bodo-en-svart-alvorlig-situasjon\/s\/5-4-2300518\" rel=\"nofollow noopener\" target=\"_blank\">Avisa Nordland<\/a> at skadene fremst\u00e5r som omfattende.<\/p>\n<p>&#8211; Dette er en sv\u00e6rt alvorlig situasjon, og skadene framst\u00e5r som omfattende. Per n\u00e5 har vi ikke full oversikt over omfanget, men det er bekreftet skader p\u00e5 b\u00e5de bygninger og kj\u00f8ret\u00f8y.<\/p>\n<p>En glassbalkong er ogs\u00e5 i ferd med \u00e5 l\u00f8sne i Sj\u00f8gata, og politet har sperret av omr\u00e5det, <a href=\"https:\/\/www.politiet.no\/politiloggen\/hendelse\/253622\/nordland-politidistrikt-var-bodo-sjogata\" rel=\"nofollow noopener\" target=\"_blank\">melder de selv<\/a>.<\/p>\n<p>Ordf\u00f8rer i Bod\u00f8, Odd Emil Ingebrigtsen sier de er godt vant med vind, men at dette er heftige greier.\u00a0<\/p>\n<p>        <img loading=\"lazy\" decoding=\"async\" itemprop=\"image\" src=\"https:\/\/www.europesays.com\/no\/wp-content\/uploads\/2025\/12\/84030358.webp\" width=\"180\" height=\"180\" alt=\"Odd Emil Ingebrigtsen\"\/><\/p>\n<p>            Odd Emil Ingebrigtsen<br \/>\n            Odd Emil<br \/>\n            Ingebrigtsen        <\/p>\n<p>Ordf\u00f8rer i Bod\u00f8<\/p>\n<p class=\"font-weight-bold m-font-weight-bold\" data-lab-font_weight=\"font-weight-bold\">&#8211; Det er et sinnsykt v\u00e6r, man f\u00e5r litt \u00e6refrykt, sier han til Dagbladet l\u00f8rdag formiddag.\u00a0<\/p>\n<p>Han er glad for at det ikke er meldt om personskader, og skryter av de som er p\u00e5 jobb.\u00a0<\/p>\n<p>&#8211; Det er flinke folk i sving b\u00e5de i bydrift og i eldreomsorgen. Vi f\u00e5r bare holde oss inne til det g\u00e5r over. V\u00e6ret f\u00e5r vi ikke gjort noe med, sier han.<\/p>\n<p>P\u00e5 sin nettside opplyser kommunen at de f\u00f8lger med p\u00e5 situasjonen.<\/p>\n<p>&#8211; Kommunen oppfordrer innbyggerne om \u00e5 holde seg unna strandsoner, kaier, moloer og bruer det neste d\u00f8gnet, samt om \u00e5 sikre l\u00f8se gjenstander.<\/p>\n<p>Det varsles at broer kan stenges, og det er fare for skade p\u00e5 bygninger og infrastruktur.\u00a0<\/p>\n<p>Sendte N\u00f8dvarsel\t<\/p>\n<p>Klokka 10.50 sendte politiet ut N\u00f8dvarsel for Bod\u00f8 sentrum.<\/p>\n<p>&#8211; I forbindelse med uv\u00e6ret er det forbundet med fare \u00e5 oppholde seg i Bod\u00f8 sentrum, Sj\u00f8gata. Melding om glassbalkong som kan l\u00f8sne fra bygg i Sj\u00f8gata 6. Gaten er sperret for ferdsel og vi oppfordrer folk om \u00e5 holde seg inne og unna omr\u00e5det. Oppfordrer til \u00e5 s\u00f8ke informasjon og f\u00f8lge r\u00e5d fra myndighetene, refererer <a href=\"https:\/\/www.an.no\/folg-uvaret-her\/s\/5-4-2300498\" rel=\"nofollow noopener\" target=\"_blank\">Avisa Nordland<\/a> fra varselet.<\/p>\n<p>Ogs\u00e5 lenger nord, i Harstad meldes det om heftig v\u00e6r n\u00e5 l\u00f8rdag formiddag.\u00a0<\/p>\n<p>Ordf\u00f8rer\u00a0Else Marie Stenhaug forteller om kraftig vind, sn\u00f8 og sludd.\u00a0<\/p>\n<p class=\"font-weight-bold m-font-weight-bold\" data-lab-font_weight=\"font-weight-bold\">&#8211; Det tok til for cirka en time siden. Jeg m\u00e5tte ut \u00e5 sikre noen ting p\u00e5 terrassen her, forteller hun til Dagbladet rett f\u00f8r klokka 11 l\u00f8rdag formiddag.\u00a0<\/p>\n<p>Hun forteller at kommunen har satt beredskap, men at det per n\u00e5 ikke har kommet alvorlige meldinger i forbindelse med v\u00e6ret.<\/p>\n","protected":false},"excerpt":{"rendered":"Vinden tok huset: Benn-Roger Eriksen fikk sjokk da han skulle sjekke det nye huset som straks var ferdig.&hellip;\n","protected":false},"author":2,"featured_media":122751,"comment_status":"","ping_status":"","sticky":false,"template":"","format":"standard","meta":{"footnotes":""},"categories":[5],"tags":[1525,20,21,24,25,370,15,19,2539,22,23,17,18,13,30,28,29,14,16,26,27,3230],"class_list":{"0":"post-122750","1":"post","2":"type-post","3":"status-publish","4":"format-standard","5":"has-post-thumbnail","7":"category-overskrifter","8":"tag-bodo","9":"tag-breaking-news","10":"tag-breakingnews","11":"tag-featured-news","12":"tag-featurednews","13":"tag-harstad","14":"tag-headlines","15":"tag-hovedoppslag","16":"tag-innenriks","17":"tag-latest-news","18":"tag-latestnews","19":"tag-main-news","20":"tag-mainnews","21":"tag-news","22":"tag-no","23":"tag-norge","24":"tag-norway","25":"tag-nyheter","26":"tag-overskrifter","27":"tag-top-stories","28":"tag-topstories","29":"tag-uvaer"},"share_on_mastodon":{"url":"https:\/\/pubeurope.com\/@no\/115791436688151169","error":""},"_links":{"self":[{"href":"https:\/\/www.europesays.com\/no\/wp-json\/wp\/v2\/posts\/122750","targetHints":{"allow":["GET"]}}],"collection":[{"href":"https:\/\/www.europesays.com\/no\/wp-json\/wp\/v2\/posts"}],"about":[{"href":"https:\/\/www.europesays.com\/no\/wp-json\/wp\/v2\/types\/post"}],"author":[{"embeddable":true,"href":"https:\/\/www.europesays.com\/no\/wp-json\/wp\/v2\/users\/2"}],"replies":[{"embeddable":true,"href":"https:\/\/www.europesays.com\/no\/wp-json\/wp\/v2\/comments?post=122750"}],"version-history":[{"count":0,"href":"https:\/\/www.europesays.com\/no\/wp-json\/wp\/v2\/posts\/122750\/revisions"}],"wp:featuredmedia":[{"embeddable":true,"href":"https:\/\/www.europesays.com\/no\/wp-json\/wp\/v2\/media\/122751"}],"wp:attachment":[{"href":"https:\/\/www.europesays.com\/no\/wp-json\/wp\/v2\/media?parent=122750"}],"wp:term":[{"taxonomy":"category","embeddable":true,"href":"https:\/\/www.europesays.com\/no\/wp-json\/wp\/v2\/categories?post=122750"},{"taxonomy":"post_tag","embeddable":true,"href":"https:\/\/www.europesays.com\/no\/wp-json\/wp\/v2\/tags?post=122750"}],"curies":[{"name":"wp","href":"https:\/\/api.w.org\/{rel}","templated":true}]}}