{"id":122754,"date":"2025-12-27T12:10:19","date_gmt":"2025-12-27T12:10:19","guid":{"rendered":"https:\/\/www.europesays.com\/no\/122754\/"},"modified":"2025-12-27T12:10:19","modified_gmt":"2025-12-27T12:10:19","slug":"vaer-trafikk-politiet-ber-folk-holde-seg-innendors-gjenstander-blaser-rundt-i-hele-nordland","status":"publish","type":"post","link":"https:\/\/www.europesays.com\/no\/122754\/","title":{"rendered":"V\u00e6r, Trafikk | Politiet ber folk holde seg innend\u00f8rs: \u2013 Gjenstander bl\u00e5ser rundt i hele Nordland"},"content":{"rendered":"\n<p>Det er heftig v\u00e6r som raser p\u00e5 Helgeland med sterk vind i takene.<\/p>\n<p>L\u00f8rdag morgen sender politiet ut en generell advarsel og ber folk om \u00e5 holde seg innend\u00f8rs.<\/p>\n<p>\u00abDet bl\u00e5ser gjenstander rundt i hele Nordland som kan v\u00e6re fare for at personer kan bli skadet. Avvent \u00e5 g\u00e5 utend\u00f8rs til vinden har roet seg.\u00bb<\/p>\n<p>Politiet i Nordland har f\u00e5tt mange henvendelser, bekrefter Ina Kristin Selfors ved operasjonssentralen i Bod\u00f8.<\/p>\n<p>\u2013 Det er varslet om tak som l\u00f8sner, tr\u00e6r som er veltet over vei, trampoliner og l\u00f8se eiendeler som flyr. Det er ikke meldt om personskader i forbindelse med disse meldingene, skriver hun i politiets meldingstjeneste.<\/p>\n<p>Stengte veier<\/p>\n<p>Meteorologisk institutt har sendt ut flere farevarsler for vindkast opp mot orkan styrke i nord, i kombinasjon med mye nedb\u00f8r.<\/p>\n<p>E6 er stengt ved Vass\u00e5sdalen om lag 2,6 mil s\u00f8r for Mosj\u00f8en p\u00e5 grunn av tre i veibanen, melder Statens vegvesen. Beregnet sluttid er litt over klokken ni.<\/p>\n<p>Linea har tidligere opplyst at de har satt beredskap f\u00f8r uv\u00e6ret. Det er p\u00e5g\u00e5ende str\u00f8mbrudd <a href=\"https:\/\/www.linea.no\/no\/kunde\/strombruddskart\" rel=\"Follow nofollow noopener\" target=\"_blank\">flere steder.<\/a><\/p>\n<p>  <a href=\"https:\/\/www.helg.no\/5-24-1126812\" class=\"related-teaser default-story-teaser article--c-eRUmMG article--c-eRUmMG-jKCPdD-design-default article--c-eRUmMG-kpKLOW-cv\" rel=\"nofollow noopener\" target=\"_blank\"><\/p>\n<p>\n            Les ogs\u00e5<\/p>\n<p>              Flere tusen str\u00f8ml\u00f8se p\u00e5 Helgeland\n        <\/p>\n<p>  <\/a><br \/>\n  Ferjer innstilt<\/p>\n<p>En garasje i Hemnes er tatt av vinden i natt og ligger over veien slik at deler av veibanen er sperret, opplyser politiet i Nordland.<\/p>\n<p>Fly og b\u00e5ttrafikk er rammet og flere avganger er innstilte i Nordland.<\/p>\n<p>Ferjesambandet Sandnessj\u00f8en \u2013 Her\u00f8y er innstilt inntil videre. Det samme gjelder Nesna \u2013 Levang, Horn \u2013 Iger\u00f8y og Vennesund \u2013 Holm.<\/p>\n<p><b>Krutfjellet er stengt p\u00e5 grunn av sn\u00f8fokk. Ogs\u00e5 Saltfjellet og Umbukta er stengt. <\/b><\/p>\n<p>Veier og tunneler er flere steder stengt grunnet busker og tr\u00e6r p\u00e5 veiene. Dette gjelder blant annet Fornestunnellen og Kal\u00e5sen i Rana, melder Statens vegvesen.<\/p>\n","protected":false},"excerpt":{"rendered":"Det er heftig v\u00e6r som raser p\u00e5 Helgeland med sterk vind i takene. L\u00f8rdag morgen sender politiet ut&hellip;\n","protected":false},"author":2,"featured_media":4133,"comment_status":"","ping_status":"","sticky":false,"template":"","format":"standard","meta":{"footnotes":""},"categories":[5],"tags":[36,20,21,24,25,15,19,22,23,17,18,13,30,28,29,14,16,223,1510,26,27,224,553],"class_list":{"0":"post-122754","1":"post","2":"type-post","3":"status-publish","4":"format-standard","5":"has-post-thumbnail","7":"category-overskrifter","8":"tag-art","9":"tag-breaking-news","10":"tag-breakingnews","11":"tag-featured-news","12":"tag-featurednews","13":"tag-headlines","14":"tag-hovedoppslag","15":"tag-latest-news","16":"tag-latestnews","17":"tag-main-news","18":"tag-mainnews","19":"tag-news","20":"tag-no","21":"tag-norge","22":"tag-norway","23":"tag-nyheter","24":"tag-overskrifter","25":"tag-samferdsel","26":"tag-story","27":"tag-top-stories","28":"tag-topstories","29":"tag-trafikk","30":"tag-vaer"},"share_on_mastodon":{"url":"https:\/\/pubeurope.com\/@no\/115791464038920347","error":""},"_links":{"self":[{"href":"https:\/\/www.europesays.com\/no\/wp-json\/wp\/v2\/posts\/122754","targetHints":{"allow":["GET"]}}],"collection":[{"href":"https:\/\/www.europesays.com\/no\/wp-json\/wp\/v2\/posts"}],"about":[{"href":"https:\/\/www.europesays.com\/no\/wp-json\/wp\/v2\/types\/post"}],"author":[{"embeddable":true,"href":"https:\/\/www.europesays.com\/no\/wp-json\/wp\/v2\/users\/2"}],"replies":[{"embeddable":true,"href":"https:\/\/www.europesays.com\/no\/wp-json\/wp\/v2\/comments?post=122754"}],"version-history":[{"count":0,"href":"https:\/\/www.europesays.com\/no\/wp-json\/wp\/v2\/posts\/122754\/revisions"}],"wp:featuredmedia":[{"embeddable":true,"href":"https:\/\/www.europesays.com\/no\/wp-json\/wp\/v2\/media\/4133"}],"wp:attachment":[{"href":"https:\/\/www.europesays.com\/no\/wp-json\/wp\/v2\/media?parent=122754"}],"wp:term":[{"taxonomy":"category","embeddable":true,"href":"https:\/\/www.europesays.com\/no\/wp-json\/wp\/v2\/categories?post=122754"},{"taxonomy":"post_tag","embeddable":true,"href":"https:\/\/www.europesays.com\/no\/wp-json\/wp\/v2\/tags?post=122754"}],"curies":[{"name":"wp","href":"https:\/\/api.w.org\/{rel}","templated":true}]}}