{"id":122763,"date":"2025-12-27T12:23:06","date_gmt":"2025-12-27T12:23:06","guid":{"rendered":"https:\/\/www.europesays.com\/no\/122763\/"},"modified":"2025-12-27T12:23:06","modified_gmt":"2025-12-27T12:23:06","slug":"nyheter-krim-knivstikking-pa-privatadresse-i-moss-viste-seg-a-vaere-et-uhell-moss-avis","status":"publish","type":"post","link":"https:\/\/www.europesays.com\/no\/122763\/","title":{"rendered":"Nyheter, Krim | Knivstikking p\u00e5 privatadresse i Moss &#8211; viste seg \u00e5 v\u00e6re et uhell &#8211; Moss Avis"},"content":{"rendered":"<ol>\n<li><a href=\"https:\/\/news.google.com\/rss\/articles\/CBMiggFBVV95cUxQanBMZEhISnlZaWZNX2hkSDF6SmNZOUZUZFNmeG9MbF8xWkVDY25rZ1N0cjBCVlpfWl9mSkNxVE9sQ2JLUTEwVXdLVzVXbEZHNEFvV3pneTB6MmdqM0FnMkFwRkgwYk8wMXBEcVcyZ2ZZS2xGNnhnZ1hUd0lRaVE3UjdR?oc=5\" target=\"_blank\" rel=\"nofollow noopener\">Nyheter, Krim | Knivstikking p\u00e5 privatadresse i Moss &#8211; viste seg \u00e5 v\u00e6re et uhell<\/a>&nbsp;&nbsp;Moss Avis<\/li>\n<li><a href=\"https:\/\/news.google.com\/rss\/articles\/CBMinAFBVV95cUxQbWQ4aF9SeV9JaU1GVDJFbWZwczhRWXhObWdQSkRRNS1OZjZ6dWdsWEF6SS16SHZlU3hQRWhXekhFLVQ2Mmk3UTR2enRmNG1UUHk5SmsyUzJnX2RSU0FuQzFOaXJrSkR1U3Y4cXpNU0pmck5zRUV0Qjg5ck9QM0k5VG1kX1RuRjNiQ1VRRzNUV2ZSY1BFV3p2UmQ3ZXY?oc=5\" target=\"_blank\" rel=\"nofollow noopener\">Mann funnet med stikkskader i Moss \u2013 politiet har kontroll<\/a>&nbsp;&nbsp;NRK<\/li>\n<li><a href=\"https:\/\/news.google.com\/rss\/articles\/CBMihwFBVV95cUxNaWN3MjNDSUdvWVQ3NnlNVnpYbXVwYnlGTmc5T2Y2LUZUR1VyM1dIbV94cXpVNHJzZGJhUUs0SnRKRUVZOUtSRktoQ3RoeGJVbjlJYXNmYW9zenBKUzFmU1IyOGpiZHBMRjM3MmdTT2IwTy1KOXVPZWlNVU0xdEhrRk1mdnRfcDQ?oc=5\" target=\"_blank\" rel=\"nofollow noopener\">(+) Person skadet i knivstikking i Moss<\/a>&nbsp;&nbsp;folkebladet.no<\/li>\n<li><a href=\"https:\/\/news.google.com\/rss\/articles\/CBMie0FVX3lxTE5JWXY2MllKaE4xRnZlR3hsMU9CYm13X2FrTm1fQkFmWkd4T1RlT3RrZlY1cFQ1X2V6YTJzSlM4UUNTQzhoeDhyZWFtU25IYjBtOFBDOFNvN1RzYWVyOWJiZy1mV1RjQkNLdWpOWHJpWk9CZkJTb2NxOUdraw?oc=5\" target=\"_blank\" rel=\"nofollow noopener\">Person skadet etter knivuhell i Moss<\/a>&nbsp;&nbsp;Nettavisen<\/li>\n<li><a href=\"https:\/\/news.google.com\/rss\/articles\/CBMiXkFVX3lxTE9uLTRzWkFSbHphZnZJOVNmajFfLWFqdHg1TVRWSEx2NDZWOWxNNFV1eXY2STZncXdwamU5Mmx4UGNuWmtzbi11Yk1WQ2hZNUVoNkJGLWczSjZTdXpJekE?oc=5\" target=\"_blank\" rel=\"nofollow noopener\">Melding om knivstikking i Moss<\/a>&nbsp;&nbsp;Radio Haugaland<\/li>\n<\/ol>\n","protected":false},"excerpt":{"rendered":"Nyheter, Krim | Knivstikking p\u00e5 privatadresse i Moss &#8211; viste seg \u00e5 v\u00e6re et uhell&nbsp;&nbsp;Moss Avis Mann funnet&hellip;\n","protected":false},"author":2,"featured_media":10505,"comment_status":"","ping_status":"","sticky":false,"template":"","format":"standard","meta":{"footnotes":""},"categories":[12],"tags":[20,21,24,25,15,22,23,13,30,28,29,14,16,26,27,42,43,44,45],"class_list":{"0":"post-122763","1":"post","2":"type-post","3":"status-publish","4":"format-standard","5":"has-post-thumbnail","7":"category-verden","8":"tag-breaking-news","9":"tag-breakingnews","10":"tag-featured-news","11":"tag-featurednews","12":"tag-headlines","13":"tag-latest-news","14":"tag-latestnews","15":"tag-news","16":"tag-no","17":"tag-norge","18":"tag-norway","19":"tag-nyheter","20":"tag-overskrifter","21":"tag-top-stories","22":"tag-topstories","23":"tag-verden","24":"tag-world","25":"tag-world-news","26":"tag-worldnews"},"share_on_mastodon":{"url":"https:\/\/pubeurope.com\/@no\/115791514996674029","error":""},"_links":{"self":[{"href":"https:\/\/www.europesays.com\/no\/wp-json\/wp\/v2\/posts\/122763","targetHints":{"allow":["GET"]}}],"collection":[{"href":"https:\/\/www.europesays.com\/no\/wp-json\/wp\/v2\/posts"}],"about":[{"href":"https:\/\/www.europesays.com\/no\/wp-json\/wp\/v2\/types\/post"}],"author":[{"embeddable":true,"href":"https:\/\/www.europesays.com\/no\/wp-json\/wp\/v2\/users\/2"}],"replies":[{"embeddable":true,"href":"https:\/\/www.europesays.com\/no\/wp-json\/wp\/v2\/comments?post=122763"}],"version-history":[{"count":0,"href":"https:\/\/www.europesays.com\/no\/wp-json\/wp\/v2\/posts\/122763\/revisions"}],"wp:featuredmedia":[{"embeddable":true,"href":"https:\/\/www.europesays.com\/no\/wp-json\/wp\/v2\/media\/10505"}],"wp:attachment":[{"href":"https:\/\/www.europesays.com\/no\/wp-json\/wp\/v2\/media?parent=122763"}],"wp:term":[{"taxonomy":"category","embeddable":true,"href":"https:\/\/www.europesays.com\/no\/wp-json\/wp\/v2\/categories?post=122763"},{"taxonomy":"post_tag","embeddable":true,"href":"https:\/\/www.europesays.com\/no\/wp-json\/wp\/v2\/tags?post=122763"}],"curies":[{"name":"wp","href":"https:\/\/api.w.org\/{rel}","templated":true}]}}