{"id":122764,"date":"2025-12-27T12:25:08","date_gmt":"2025-12-27T12:25:08","guid":{"rendered":"https:\/\/www.europesays.com\/no\/122764\/"},"modified":"2025-12-27T12:25:08","modified_gmt":"2025-12-27T12:25:08","slug":"bergensbanen-stengt-mellom-geilo-og-al","status":"publish","type":"post","link":"https:\/\/www.europesays.com\/no\/122764\/","title":{"rendered":"Bergensbanen stengt mellom Geilo og \u00c5l"},"content":{"rendered":"<p data-testid=\"textWithMarkup-markup\" data-v-62d58f52=\"\"> \u2013 Vi jobber med \u00e5 rette feilen. Estimert tid for l\u00f8sning: klokken 16.30, opplyser Bane Nor p\u00e5 sine <a href=\"https:\/\/www.banenor.no\/reise-og-trafikk\/trafikkmeldinger\/\" rel=\"noopener nofollow\" target=\"_blank\">nettsider<\/a>. Det er dagtoget fra Bergen til Oslo som er rammet.<\/p>\n<p data-testid=\"textWithMarkup-text\" data-v-81d7dc2b=\"\" data-v-62d58f52=\"\">\u2013 Et tre har bl\u00e5st ned p\u00e5 kontaktledningen som forsyner toget med str\u00f8m. Og s\u00e5 har et tog kj\u00f8rt inn i det treet, forklarer kommunikasjonssjef \u00c5ge-Christoffer Lundeby i Vy til Bergensavisen. Han sier det g\u00e5r fint med de p\u00e5 toget.<\/p>\n<p data-testid=\"textWithMarkup-text\" data-v-81d7dc2b=\"\" data-v-62d58f52=\"\">Passasjerene ble evakuert ut fra toget og tatt om bord i busser som frakter dem videre, skriver Bergens Tidende.<\/p>\n<p data-testid=\"textWithMarkup-text\" data-v-81d7dc2b=\"\" data-v-62d58f52=\"\">I alt er det fire togavganger som er innstilt mellom \u00c5l og Geilo, men Lundeby sier det kan bli flere.<\/p>\n","protected":false},"excerpt":{"rendered":"\u2013 Vi jobber med \u00e5 rette feilen. Estimert tid for l\u00f8sning: klokken 16.30, opplyser Bane Nor p\u00e5 sine&hellip;\n","protected":false},"author":2,"featured_media":122765,"comment_status":"","ping_status":"","sticky":false,"template":"","format":"standard","meta":{"footnotes":""},"categories":[5],"tags":[20,21,24,25,15,19,22,23,17,18,13,30,28,29,14,16,26,27],"class_list":{"0":"post-122764","1":"post","2":"type-post","3":"status-publish","4":"format-standard","5":"has-post-thumbnail","7":"category-overskrifter","8":"tag-breaking-news","9":"tag-breakingnews","10":"tag-featured-news","11":"tag-featurednews","12":"tag-headlines","13":"tag-hovedoppslag","14":"tag-latest-news","15":"tag-latestnews","16":"tag-main-news","17":"tag-mainnews","18":"tag-news","19":"tag-no","20":"tag-norge","21":"tag-norway","22":"tag-nyheter","23":"tag-overskrifter","24":"tag-top-stories","25":"tag-topstories"},"share_on_mastodon":{"url":"https:\/\/pubeurope.com\/@no\/115791522962221781","error":""},"_links":{"self":[{"href":"https:\/\/www.europesays.com\/no\/wp-json\/wp\/v2\/posts\/122764","targetHints":{"allow":["GET"]}}],"collection":[{"href":"https:\/\/www.europesays.com\/no\/wp-json\/wp\/v2\/posts"}],"about":[{"href":"https:\/\/www.europesays.com\/no\/wp-json\/wp\/v2\/types\/post"}],"author":[{"embeddable":true,"href":"https:\/\/www.europesays.com\/no\/wp-json\/wp\/v2\/users\/2"}],"replies":[{"embeddable":true,"href":"https:\/\/www.europesays.com\/no\/wp-json\/wp\/v2\/comments?post=122764"}],"version-history":[{"count":0,"href":"https:\/\/www.europesays.com\/no\/wp-json\/wp\/v2\/posts\/122764\/revisions"}],"wp:featuredmedia":[{"embeddable":true,"href":"https:\/\/www.europesays.com\/no\/wp-json\/wp\/v2\/media\/122765"}],"wp:attachment":[{"href":"https:\/\/www.europesays.com\/no\/wp-json\/wp\/v2\/media?parent=122764"}],"wp:term":[{"taxonomy":"category","embeddable":true,"href":"https:\/\/www.europesays.com\/no\/wp-json\/wp\/v2\/categories?post=122764"},{"taxonomy":"post_tag","embeddable":true,"href":"https:\/\/www.europesays.com\/no\/wp-json\/wp\/v2\/tags?post=122764"}],"curies":[{"name":"wp","href":"https:\/\/api.w.org\/{rel}","templated":true}]}}