{"id":122766,"date":"2025-12-27T12:26:55","date_gmt":"2025-12-27T12:26:55","guid":{"rendered":"https:\/\/www.europesays.com\/no\/122766\/"},"modified":"2025-12-27T12:26:55","modified_gmt":"2025-12-27T12:26:55","slug":"kommentar-sport-en-idrettsledelse-som-later-som-om-den-ikke-vet","status":"publish","type":"post","link":"https:\/\/www.europesays.com\/no\/122766\/","title":{"rendered":"Kommentar, Sport | En idrettsledelse som later som om den ikke vet"},"content":{"rendered":"\n<p>Det Idrettstinget som i 2021 vedtok \u00e5 tillate norsk idrett \u00e5 g\u00e5 inn i idrettens etiske gr\u00e5soner, forsto naturligvis ingenting om hva som ble satt i gang. Men delegatene visste nok, eller de burde gjort det, til at de ikke er kvalifisert for tilgivelse. Det manglet ikke p\u00e5 advarsler. De ble feid bort i et samarbeid mellom friidrettstrener Gjert Ingebrigtsen og Olympiatoppen, med forholdsvis entusiastisk st\u00f8tte fra idrettspresident Berit Kj\u00f8ll og hennes styre, og en ganske passiv opinion.<\/p>\n<p>Den h\u00f8ydemaska som skiskytter Sivert Guttorm Bakken ble funnet d\u00f8d med, er et eksempel p\u00e5 metoder som dermed ble tillatt. Han gjorde absolutt ingenting ulovlig og jeg understreker: Vi vet enn\u00e5 ikke \u00e5rsaken til d\u00f8dsfallet. Men vi vet at han brukte maska, og det er kommet fram at han ikke er den eneste. Det er tvert imot kjent at det foreg\u00e5r veldig mye rart, hvorav noe muligens er i strid med idrettens antidopingregler, noe er etisk meget diskutabelt, noe er medisinsk uforsvarlig \u2013 og alt er direkte bortkastet hvis hensikten er \u00e5 bli bedre.<\/p>\n<p>I sum aner vi en norsk idrettslig tragedie vi antakelig aldri f\u00f8r har v\u00e6rt rammet av.<\/p>\n<p>Og det handler om en systemsvikt som f\u00f8yer seg pent inn som en oppf\u00f8lger etter hoppskandalen i Trondheim.<\/p>\n<p>Vi ser en idrettsledelse som ikke har kontroll i egne rekker, eller enda verre: Som vet hva som foreg\u00e5r, og lar det skje. Eller faktisk enda verre enn det ogs\u00e5: En toppidrettsledelse som er aktivt delaktig i det som skjer, men som pr\u00f8ver \u00e5 holde en viss avstand for \u00e5 kunne g\u00e5 fri hvis det g\u00e5r galt. <\/p>\n<p>Jeg pleier ikke \u00e5 anbefale publikum \u00e5 lese tekstene mine om igjen, men denne gangen b\u00f8r du vurdere det. De p\u00e5standene jeg setter fram er s\u00e5 grove at det er forst\u00e5elig om du lurer p\u00e5 om du har forst\u00e5tt meg riktig. Du har dessverre det.<\/p>\n<p>Det f\u00f8rste som burde skjedd, og det burde skjedd dagen etter d\u00f8dsfallet, er at det gikk ut et bud fra toppen i norsk idrett med \u00f8yeblikkelig forbud mot all bruk av manipulert h\u00f8yde. I stedet kom en forsiktig reaksjon utp\u00e5 dagen 2. juledag.<\/p>\n<p>Det neste er at det burde v\u00e6rt varslet full uavhengig granskning.<\/p>\n<p>Det eneste som hittil er sagt er \u00abingen kommentar\u00bb. Det er for s\u00e5 vidt ikke rart at Olympiatoppledelsen er lammet. Tragedien isolert sett er grunn nok til det. Men s\u00e5nn er det \u00e5 v\u00e6re i ledelse. Du m\u00e5 lede i godv\u00e6r og uv\u00e6r. Det er s\u00e6rlig i det siste tilfellet det trengs ledelse. Det vet vi som husker tilbake til 22. juli 2011.<\/p>\n<p>Om ikke idretten selv gj\u00f8r noe aktivt for \u00e5 avdekke hva som foreg\u00e5r og omfanget av det, b\u00f8r hovedsponsoren melde seg. Det er staten ved statsr\u00e5den, som kanskje b\u00f8r komme idretten i forkj\u00f8pet og sette ned den granskningskommisjonen som \u00e5penbart trengs? N\u00e5r dens arbeid er gjort, sp\u00e5r jeg at det er lagt et grunnlag for store utskiftninger i toppen av norsk idrett. <\/p>\n<p>Sp\u00f8rsm\u00e5let er faktisk hva slags toppidrett vi skal drive med; den tradisjonelle antatt ganske sunne underlagt et internasjonalt regelverk, eller den spinnville der alt er tillatt og all etikk er opphevet, som noen tar til orde for i en verden som er blitt som den er blitt.<\/p>\n<p>Det er faktisk grunn til \u00e5 undre p\u00e5 i hvilken retning vi er p\u00e5 veg. <\/p>\n","protected":false},"excerpt":{"rendered":"Det Idrettstinget som i 2021 vedtok \u00e5 tillate norsk idrett \u00e5 g\u00e5 inn i idrettens etiske gr\u00e5soner, forsto&hellip;\n","protected":false},"author":2,"featured_media":122767,"comment_status":"","ping_status":"","sticky":false,"template":"","format":"standard","meta":{"footnotes":""},"categories":[59],"tags":[36,2211,266,30,28,29,1533,769,83,82],"class_list":{"0":"post-122766","1":"post","2":"type-post","3":"status-publish","4":"format-standard","5":"has-post-thumbnail","7":"category-sport","8":"tag-art","9":"tag-idrett","10":"tag-kommentar","11":"tag-no","12":"tag-norge","13":"tag-norway","14":"tag-opinion","15":"tag-skiskyting","16":"tag-sport","17":"tag-sports"},"share_on_mastodon":{"url":"https:\/\/pubeurope.com\/@no\/115791530759263003","error":""},"_links":{"self":[{"href":"https:\/\/www.europesays.com\/no\/wp-json\/wp\/v2\/posts\/122766","targetHints":{"allow":["GET"]}}],"collection":[{"href":"https:\/\/www.europesays.com\/no\/wp-json\/wp\/v2\/posts"}],"about":[{"href":"https:\/\/www.europesays.com\/no\/wp-json\/wp\/v2\/types\/post"}],"author":[{"embeddable":true,"href":"https:\/\/www.europesays.com\/no\/wp-json\/wp\/v2\/users\/2"}],"replies":[{"embeddable":true,"href":"https:\/\/www.europesays.com\/no\/wp-json\/wp\/v2\/comments?post=122766"}],"version-history":[{"count":0,"href":"https:\/\/www.europesays.com\/no\/wp-json\/wp\/v2\/posts\/122766\/revisions"}],"wp:featuredmedia":[{"embeddable":true,"href":"https:\/\/www.europesays.com\/no\/wp-json\/wp\/v2\/media\/122767"}],"wp:attachment":[{"href":"https:\/\/www.europesays.com\/no\/wp-json\/wp\/v2\/media?parent=122766"}],"wp:term":[{"taxonomy":"category","embeddable":true,"href":"https:\/\/www.europesays.com\/no\/wp-json\/wp\/v2\/categories?post=122766"},{"taxonomy":"post_tag","embeddable":true,"href":"https:\/\/www.europesays.com\/no\/wp-json\/wp\/v2\/tags?post=122766"}],"curies":[{"name":"wp","href":"https:\/\/api.w.org\/{rel}","templated":true}]}}