{"id":122768,"date":"2025-12-27T12:31:17","date_gmt":"2025-12-27T12:31:17","guid":{"rendered":"https:\/\/www.europesays.com\/no\/122768\/"},"modified":"2025-12-27T12:31:17","modified_gmt":"2025-12-27T12:31:17","slug":"utryddelsen-av-et-land","status":"publish","type":"post","link":"https:\/\/www.europesays.com\/no\/122768\/","title":{"rendered":"Utryddelsen av et land"},"content":{"rendered":"<p> Dette er en kommentar. Holdninger og meninger i teksten st\u00e5r for skribentens regning.<\/p>\n<p>Julen minner oss om at ting betyr noe for mennesker. Julepynten etter bestemor, eller barndomsrommet for de som er heldige og kan reise \u00abhjem til jul\u00bb. N\u00e5r vi handler julegaver i samme pyntede gate \u00e5r etter \u00e5r, eller g\u00e5r en tur over den samme skogen og heia, denne julen som alle andre juler: \u00abJeg synes treet har vokst litt siden i fjor\u00bb.<\/p>\n<p>        <a itemprop=\"url\" class=\"\" href=\"https:\/\/www.dagsavisen.no\/nyheter\/trump-toll-og-trier-bonanza-dette-var-nyhetsaret-2025\/10116543\" data-k5a-url=\"https:\/\/www.dagsavisen.no\/a\/10116543\" rel=\"nofollow noopener\" target=\"_blank\"><\/p>\n<p>            Trump, toll og Trier-bonanza: Dette var nyhets\u00e5ret 2025<\/p>\n<p>        <\/a><\/p>\n<p>Mennesker henger sammen med alt som er en forlengelse av oss selv; husene v\u00e5re, nabolaget, skolen vi gikk p\u00e5 og barna g\u00e5r p\u00e5, arbeidsplassen, bussen vi tar for \u00e5 komme dit, n\u00e6rbutikken, saltb\u00f8ssa etter oldemor og barnas gamle leker i en eske. N\u00e5r noen mister alt de har i en brann, for eksempel, gr\u00f8sser vi og h\u00e5per det aldri blir oss, fordi tanken p\u00e5 alt vi vil miste, deler av oss selv og v\u00e5r historie, nesten ikke er til \u00e5 holde ut. Det er ikke sant at \u00abdet bare er ting\u00bb, noen ting teller for de fleste av oss.\u00a0<\/p>\n<p>            Hva betyr det egentlig \u00e5 vinne en krig? \u00c5 \u00f8delegge s\u00e5 mange mennesker og s\u00e5 mye materiell som mulig hos den andre.<\/p>\n<p>I Gaza, rundt hj\u00f8rnet for der den bibelske Jesus trasket rundt med budskap om fred og nestekj\u00e6rlighet, er alt mennesker trenger for \u00e5 klare leve i dag helt \u00f8delagt. \u00d8deleggelsen av Gaza er ikke en uheldig bivirkning av det p\u00e5st\u00e5tte forsvaret av Israel, det er selve kjernen i og m\u00e5let med angrepet. M\u00e5let som er \u00e5 tvinge palestinere ut og vekk, fordi Gaza er ubeboelig, og resten av verden st\u00e5r tafatte og se p\u00e5 og lar Israels vilje skje.\u00a0<\/p>\n<p>Jeg skriver dette noen dager f\u00f8r julaften. N\u00e5 kommer det meldinger om at Israels myndigheter nekter \u00e5 slippe inn i Gaza midlertidige hjem, kj\u00f8kkenutstyr, tepper, redskaper \u2013 alts\u00e5 det aller, aller mest basale, til iskalde, sultne, desperate mennesker, som vasser i vann, er klissv\u00e5te fra innerst til ytterst, som ikke lenger kan beskytte egne barn fra frost og smerter. Det er stormer, det er regn og familier, som oss, som en gang for bare dr\u00f8yt to \u00e5r siden hadde hus, saltb\u00f8ssa etter oldemor, familiebilder p\u00e5 veggen, skoler \u00e5 sende barna p\u00e5 og en gate de hadde kj\u00e6r. N\u00e5 bor de p\u00e5 en grushaug i et forbl\u00e5st, iskaldt telt som kanskje eller kanskje ikke faller sammen i natt. De er forbi grensen hva mennesker t\u00e5ler.\u00a0<\/p>\n<p>D\u00f8d, \u00f8deleggelser og sorg er alle krigers fremste v\u00e5pen, med h\u00e5p om at n\u00e5r det blir nok av det hos den andre kan man triumferende konstatere \u00abseier\u00bb. <\/p>\n<p>        <a itemprop=\"url\" class=\"\" href=\"https:\/\/www.dagsavisen.no\/nyheter\/israel-anerkjenner-somaliland\/10126672\" data-k5a-url=\"https:\/\/www.dagsavisen.no\/a\/10126672\" rel=\"nofollow noopener\" target=\"_blank\"><\/p>\n<p>            Israel anerkjenner Somaliland<\/p>\n<p>        <\/a><\/p>\n<p>95 prosent av alle boliger i Gaza er \u00f8delagt. 320.622 boligenheter er skadet. Det nesten like mange som hele Oslo, som har 355.915 boliger. Alle sykehus er rammet, ingen fungerer fullt og helt. 95 prosent av universitetene er \u00f8delagt og 97 prosent av alle skoler. Dette er alle tall fra FN.<\/p>\n<p>Artikkel II i FNs folkemordkonvensjon (1948) forteller oss at: \u00ab\u00e5 bevisst p\u00e5f\u00f8re gruppen livsvilk\u00e5r som tar sikte p\u00e5 \u00e5 f\u00f8re til dens fysiske \u00f8deleggelse helt eller delvis\u00bb er et brudd p\u00e5 internasjonalt lovverk. I mai i \u00e5r sa Bezalel Smotrich, finansminister og medlem av Knesset, at Gaza \u00abvil bli totalt \u00f8delagt\u00bb og at palestinerne vil \u00abbli s\u00e5 desperate at de vil s\u00f8ke \u00e5 flytte et annet sted\u00bb. Forsvarsminister Israel Katz sa i mars 2025 at hvis Hamas ikke overgir seg, vil alternativet v\u00e6re \u00abfullstendig \u00f8deleggelse og \u00f8deleggelse\u00bb av Gaza. Dette er to ekstreme stemmer, men det er alts\u00e5 dette som i praksis skjer, og de <a href=\"https:\/\/en.wikipedia.org\/wiki\/List_of_statements_by_Israeli_officials_cited_as_genocidal?utm_source=chatgpt.com\" rel=\"nofollow noopener\" target=\"_blank\">er heller ikke de eneste som har sagt ting i denne retningen.<\/a><\/p>\n<p>145 kulturbygg eller steder er \u00f8delagt; moskeer, kirker, museer, arkiver og samlinger, kultursentre og kunnskapssentre. Noen av oss husker hvor oppr\u00f8rende det var da Taliban <a href=\"https:\/\/no.wikipedia.org\/wiki\/Buddha-statuene_i_Bamiyandalen\" rel=\"nofollow noopener\" target=\"_blank\">sprengte de store buddhastatuene fra 500-tallet i Bamiyan i Afghanistan<\/a> i mars 2001. V\u00e5r felles historie og verdensarv ber\u00f8rer oss alle, og israelske bomber fratar verden en felles arv.<\/p>\n<p>Al-Omari-moskeen i Gaza hadde historie tilbake til korsfarerne, men ble \u00f8delagt for to \u00e5r siden. En av verdens eldste aktive kirker, St. Porfyrios-kirken, ble angrepet og skadet, med sivile inni, allerede i oktober 2023. Rashad al-Shawa Cultural Centre, det viktigste moderne kulturhuset for konserter og kunst, gikk ogs\u00e5 under for over to \u00e5r siden. Det osmanske palasset Qasr al-Basha ble \u00f8delagt i november 2023, omtrent samtidig med det osmanske badet Hamam al-Sammara. <a href=\"https:\/\/www.dagsavisen.no\/kommentar\/vitner-til-mord\/4919117\" rel=\"nofollow noopener\" target=\"_blank\">De som ville se, s\u00e5 hvor dette kom til \u00e5 b\u00e6re<\/a>, helt fra start. Mange av oss har sett \u00f8deleggelsene live p\u00e5 Instagram, rett som det er dokumentert av soldater i det israelske milit\u00e6ret selv, skaml\u00f8st.<\/p>\n<p>        <a itemprop=\"url\" class=\"\" href=\"https:\/\/www.dagsavisen.no\/debatt\/israel-er-i-ferd-med-a-ta-over-vestbredden-for-godt\/10111591\" data-k5a-url=\"https:\/\/www.dagsavisen.no\/a\/10111591\" rel=\"nofollow noopener\" target=\"_blank\"><\/p>\n<p>            Israel er i ferd med \u00e5 ta over Vestbredden for godt<\/p>\n<p>        <\/a><\/p>\n<p>Hva betyr det egentlig \u00e5 vinne en krig? \u00c5 \u00f8delegge s\u00e5 mange mennesker og s\u00e5 mye materiell som mulig hos den andre.<\/p>\n<p>I essayet \u00abInjury and the Structure of War\u00bb fra 1985 skriver den prisbel\u00f8nte essayisten og Harvard-professoren Elaine Scarry at krig skiller seg fra andre former for konkurranser ved at den ikke handler om \u00e5 skape, men tvert om \u00e5 u-skape v\u00e5r verden, enten det handler om bygninger, byer eller kropper. En \u00f8delagt eller endret kropp, og alt som er en forlengelse av kroppen, skriver hun, underbygger selve krigen og er n\u00f8dvendig for at krigen som politisk virkemiddel skal fungere.\u00a0<\/p>\n<p>I tillegg til \u00f8deleggelsen av mennesker og menneskers fysiske verden som Scarry var opptatt av, er Gaza ogs\u00e5 en klimakatastrofe.<\/p>\n<p>97,1 prosent av treavlingene i Gaza er skadet, mens 61 millioner tonn med bygningsrester og avfall ligger og slenger rundt omkring, if\u00f8lge FNs milj\u00f8program (UNEP). Det er giftstoffer i jord og grunnvann og kloakk dumpes rett i Middelhavet. Giftige kjemikalier truer b\u00e5de folks helse og hele \u00f8kosystemer.<\/p>\n<p>        <a itemprop=\"url\" class=\"\" href=\"https:\/\/www.dagsavisen.no\/debatt\/uten-rettferdighet-ingen-fred\/10106311\" data-k5a-url=\"https:\/\/www.dagsavisen.no\/a\/10106311\" rel=\"nofollow noopener\" target=\"_blank\"><\/p>\n<p>            Uten rettferdighet, ingen fred<\/p>\n<p>        <\/a><\/p>\n<p>Hvem skal rydde det opp? Hvor skal avfallet ta veien p\u00e5 denne kloden? Det finnes knapt store nok konteinere i denne verden.<\/p>\n<p>Verdensbanken, FN og EU anslo i februar at gjenoppbyggingen av Gaza vil koste rundt 540 milliarder norske kroner over det neste ti\u00e5ret. Siden Oljefondet fremdeles tjener penger i landet som har skapt denne katastrofen, b\u00f8r vi vel like god bruke fondet p\u00e5 \u00e5 gj\u00f8re v\u00e5r del av boten.<\/p>\n<p>N\u00e5r palestinere kommer hjem etter \u00e5 ha v\u00e6rt p\u00e5 flukt, kommer de oftest \u00abhjem\u00bb til gater som ikke er gater og hus som ikke er hus. Hva er det da? Vi sier at det trengs folk i hus, men enda viktigere er at det at fins hus til folk. Mennesker overlever ikke uten. Og n\u00e5 finnes ikke hus i Gaza.<\/p>\n<p>Det vondeste av alt. Vi vet at der det er politisk vilje er det vei. Hiroshima ble bygget opp igjen. Kirker kan restaureres og moskeer gjenskapes. Vi har sett det andre steder, i Berlin for eksempel.\u00a0<\/p>\n<p>Men n\u00e5r ikke engang et ullteppe slipper inn i Gaza virker viljen til gjenoppbygging p\u00e5 palestinernes egne premisser et lys\u00e5r unna. Dette handler ikke bare om at palestinere skal overleve, men om at resten av verden skal klare \u00e5 leve med oss selv. Hvis m\u00e5let er \u00e5 gj\u00f8re Gaza s\u00e5 ulevelig at ingen orker \u00e5 bo der, har Israel lykkes. Og hva er det \u2013 om det ikke er et folkemord; et land uten folk og alt folkene hadde kj\u00e6rt?<\/p>\n<p class=\"italic m-italic\" data-lab-italic=\"italic\">F\u00e5 nyhetsbrev fra Dagsavisen. Meld deg p\u00e5\u00a0<a href=\"https:\/\/www.dagsavisen.no\/om-dagsavisen\/2023\/12\/20\/fa-daglig-nyhetsbrev\/\" rel=\"nofollow noopener\" target=\"_blank\">her<\/a>!<\/p>\n","protected":false},"excerpt":{"rendered":"Dette er en kommentar. Holdninger og meninger i teksten st\u00e5r for skribentens regning. Julen minner oss om at&hellip;\n","protected":false},"author":2,"featured_media":122769,"comment_status":"","ping_status":"","sticky":false,"template":"","format":"standard","meta":{"footnotes":""},"categories":[12],"tags":[20,21,24,25,15,22,23,13,30,28,29,14,16,26,27,42,43,44,45],"class_list":{"0":"post-122768","1":"post","2":"type-post","3":"status-publish","4":"format-standard","5":"has-post-thumbnail","7":"category-verden","8":"tag-breaking-news","9":"tag-breakingnews","10":"tag-featured-news","11":"tag-featurednews","12":"tag-headlines","13":"tag-latest-news","14":"tag-latestnews","15":"tag-news","16":"tag-no","17":"tag-norge","18":"tag-norway","19":"tag-nyheter","20":"tag-overskrifter","21":"tag-top-stories","22":"tag-topstories","23":"tag-verden","24":"tag-world","25":"tag-world-news","26":"tag-worldnews"},"share_on_mastodon":{"url":"https:\/\/pubeurope.com\/@no\/115791546784734998","error":""},"_links":{"self":[{"href":"https:\/\/www.europesays.com\/no\/wp-json\/wp\/v2\/posts\/122768","targetHints":{"allow":["GET"]}}],"collection":[{"href":"https:\/\/www.europesays.com\/no\/wp-json\/wp\/v2\/posts"}],"about":[{"href":"https:\/\/www.europesays.com\/no\/wp-json\/wp\/v2\/types\/post"}],"author":[{"embeddable":true,"href":"https:\/\/www.europesays.com\/no\/wp-json\/wp\/v2\/users\/2"}],"replies":[{"embeddable":true,"href":"https:\/\/www.europesays.com\/no\/wp-json\/wp\/v2\/comments?post=122768"}],"version-history":[{"count":0,"href":"https:\/\/www.europesays.com\/no\/wp-json\/wp\/v2\/posts\/122768\/revisions"}],"wp:featuredmedia":[{"embeddable":true,"href":"https:\/\/www.europesays.com\/no\/wp-json\/wp\/v2\/media\/122769"}],"wp:attachment":[{"href":"https:\/\/www.europesays.com\/no\/wp-json\/wp\/v2\/media?parent=122768"}],"wp:term":[{"taxonomy":"category","embeddable":true,"href":"https:\/\/www.europesays.com\/no\/wp-json\/wp\/v2\/categories?post=122768"},{"taxonomy":"post_tag","embeddable":true,"href":"https:\/\/www.europesays.com\/no\/wp-json\/wp\/v2\/tags?post=122768"}],"curies":[{"name":"wp","href":"https:\/\/api.w.org\/{rel}","templated":true}]}}