{"id":122770,"date":"2025-12-27T12:32:08","date_gmt":"2025-12-27T12:32:08","guid":{"rendered":"https:\/\/www.europesays.com\/no\/122770\/"},"modified":"2025-12-27T12:32:08","modified_gmt":"2025-12-27T12:32:08","slug":"finansdepartmentet-svarer-florida-etter-svarteliste-trussel-e24","status":"publish","type":"post","link":"https:\/\/www.europesays.com\/no\/122770\/","title":{"rendered":"Finansdepartmentet svarer Florida etter svarteliste-trussel \u2013 E24"},"content":{"rendered":"<p class=\"fullWidthDesktop hyperion-css-71ztg2\" data-test-tag=\"lead-text\">Florida vil sette Oljefondet p\u00e5 \u00abanti-Israel\u00bb-liste. Finansdepartementet svarer at Oljefondets Etikkr\u00e5d er satt p\u00e5 pause. <\/p>\n<p><img decoding=\"async\" class=\"image-asset hyperion-css-191uke3\" data-test-tag=\"image-asset\" src=\"https:\/\/www.europesays.com\/no\/wp-content\/uploads\/2025\/12\/6f7896af-ef1e-4f15-98dc-c93441d43e6a\"  alt=\"Floridas guvern\u00f8r Ron Desantis.\"  loading=\"eager\" fetchpriority=\"high\" style=\"aspect-ratio:1900 \/ 1267\"\/>Floridas guvern\u00f8r Ron Desantis. Foto: Chris O&#8217;Meara \/ AP \/ NTBPublisert: Publisert: <\/p>\n<p>For mindre enn 30 minutter siden<\/p>\n<p>Kortversjonen<\/p>\n<ul class=\"hyperion-css-pkq1ci\" data-test-tag=\"list\">\n<li class=\"hyperion-css-12h2ush\">Florida truer med \u00e5 sette Norges oljefond p\u00e5 en \u00abanti-Israel\u00bb-liste etter at fondet utelukket Caterpillar.<\/li>\n<li class=\"hyperion-css-12h2ush\">Finansdepartementet svarer at de ikke boikotter Israel og at Oljefondets Etikkr\u00e5d n\u00e5 er satt p\u00e5 pause.<\/li>\n<li class=\"hyperion-css-12h2ush\">I november ble Oljefondets Etikkr\u00e5d satt p\u00e5 pause i ett \u00e5r, mens de etiske retningslinjene gjennomg\u00e5s.<\/li>\n<\/ul>\n<p class=\"hyperion-css-10lbhat\">Oppsummeringen er laget av AI-verkt\u00f8yet ChatGPT og kvalitetssikret av E24s journalister<\/p>\n<p>Vis mer <\/p>\n<ul class=\"hyperion-css-pte5x0\">\n<li aria-label=\"link\" class=\"narrow-button hyperion-css-1sz7d3n\">Kopier lenke<\/li>\n<li aria-label=\"link\" class=\"wide-button hyperion-css-1sz7d3n\">Kopier lenke<\/li>\n<li aria-label=\"facebook\" class=\"narrow-button hyperion-css-1sz7d3n\">Del p\u00e5 Facebook<\/li>\n<li aria-label=\"facebook\" class=\"wide-button hyperion-css-1sz7d3n\">Del p\u00e5 Facebook<\/li>\n<li aria-label=\"email\" class=\"narrow-button hyperion-css-1sz7d3n\">Del med e-post<\/li>\n<li aria-label=\"email\" class=\"wide-button hyperion-css-1sz7d3n\">Del med e-post<\/li>\n<\/ul>\n<p class=\"hyperion-css-1lemvax\">I oktober sendte delstaten Florida et <a data-test-tag=\"internal-link\" href=\"https:\/\/e24.no\/internasjonal-oekonomi\/i\/yEezbe\/florida-truer-med-aa-sette-oljefondet-paa-anti-israel-liste\" class=\"hyperion-css-1rezu2g\" rel=\"nofollow noopener\" target=\"\" aria-label=\"brev til finansminister Jens Stoltenber\">brev til finansminister Jens Stoltenber<\/a> (Ap), hvor de varslet om at Oljefondet kan havne p\u00e5 listen \u00abScrutinized Companies or Other Entities that Boycott Israel\u00bb.<\/p>\n<p class=\"hyperion-css-1lemvax\">Listen er del av Florida-guvern\u00f8r og tidligere presidentkandidat for republikanerne Ron DeSantis\u2019 nye krav til investeringsselskaper. <\/p>\n<p><a data-test-tag=\"teaser-small:link-internal\" href=\"https:\/\/e24.no\/boers-og-finans\/i\/y5vaVK\/aksjene-som-dnb-vil-selge\" class=\"imagePosition-top inline hyperion-css-6238vu\" rel=\"nofollow noopener\" target=\"\" aria-label=\"Aksjene som DNB vil selge\"><\/p>\n<p>Les p\u00e5 E24+<\/p>\n<p>Aksjene som DNB vil selge<\/p>\n<p><\/a><\/p>\n<p class=\"hyperion-css-1lemvax\">I et svarbrev E24 har f\u00e5tt innsyn i, forklarer Finansdepartementet blant annet at Oljefondets Etikkr\u00e5d n\u00e5 er satt p\u00e5 pause. <\/p>\n<p>Nekter for boikott<\/p>\n<p class=\"hyperion-css-1lemvax\">I brevet, som er signert ekspedisjonssjef Espen Erlandsen og f\u00f8rstekonsulent Maja Sofie Lundeby i Finansdepartementet, blir det gjort rede for hvordan Statens pensjonsfond utland (Oljefondet) styres. <\/p>\n<p class=\"hyperion-css-1lemvax\">\u00abF\u00f8rst og fremst vil vi understreke at hverken den norske regjeringen eller Oljefondet boikotter Israel\u00bb, skriver departementet i brevet, og legger til at fondet er investert i over 70 land &#8211; inkludert Israel. <\/p>\n<p class=\"hyperion-css-1lemvax\">Videre blir det redegjort for at fondet skal styres p\u00e5 en ansvarlig m\u00e5te, og at fondet skal sikte mot langsiktig avkastning med minimale negative effekter p\u00e5 milj\u00f8 og samfunn. <\/p>\n<p class=\"hyperion-css-1lemvax\">Departementet forklarer ogs\u00e5 at fondet har etiske retningslinjer, men legger til at disse n\u00e5 skal gjennomg\u00e5s. <\/p>\n<p><a data-test-tag=\"teaser-small:link-internal\" href=\"https:\/\/e24.no\/boers-og-finans\/i\/Pp6v45\/senatsleder-raste-mot-norge-oljefondets-caterpillar-exit-kan-svekke-usa-baandene\" class=\"imagePosition-top inline hyperion-css-6238vu\" rel=\"nofollow noopener\" target=\"\" aria-label=\"Senatsleder raste mot Norge: Oljefondets Caterpillar-exit kan svekke USA-b\u00e5ndene\"><\/p>\n<p>Les ogs\u00e5<\/p>\n<p>Senatsleder raste mot Norge: Oljefondets Caterpillar-exit kan svekke USA-b\u00e5ndene<\/p>\n<p><\/a>\u00abVil ikke gj\u00f8re beslutninger om utelukkelse\u00bb<\/p>\n<p class=\"hyperion-css-1lemvax\">Departementet skriver videre at selskaper Etikkr\u00e5det n\u00e5 flagger, vil bli behandlet ut fra \u00abmidlertidige retningslinjer\u00bb. <\/p>\n<p class=\"hyperion-css-1lemvax\">\u00abFrem til et nytt regelverk er p\u00e5 plass, vil ikke Norges Bank gj\u00f8re beslutninger om utelukkelse eller observasjon av selskaper. Etikkr\u00e5det vil heller ikke komme med anbefalinger\u00bb, skriver departementet. <\/p>\n<p class=\"hyperion-css-1lemvax\">Har du tips til denne saken? Ta kontakt med E24s journalister p\u00e5 mari.malm@e24.no eller nora.rydne@e24.no. <\/p>\n<p>Ramaskrik<\/p>\n<p class=\"hyperion-css-1lemvax\">Oljefondet har f\u00e5tt kj\u00f8rt seg denne h\u00f8sten. I august kom nyheten om at fondet utelukker det amerikanske Caterpillar. Selskapet produserer anleggsmaskiner, og \u00e5rsaken til utelukkelsen var <a data-test-tag=\"internal-link\" href=\"https:\/\/e24.no\/boers-og-finans\/i\/Oov6xb\/oljefondet-utelukker-seks-selskaper\" class=\"hyperion-css-1rezu2g\" rel=\"nofollow noopener\" target=\"\" aria-label=\"deres tilknytning til krigf\u00f8ringen p\u00e5 Gaza\">deres tilknytning til krigf\u00f8ringen p\u00e5 Gaza<\/a>. <\/p>\n<p class=\"hyperion-css-1lemvax\">Det f\u00f8rte til<a data-test-tag=\"internal-link\" href=\"https:\/\/e24.no\/boers-og-finans\/i\/Pp6v45\/senatsleder-raste-mot-norge-oljefondets-caterpillar-exit-kan-svekke-usa-baandene\" class=\"hyperion-css-1rezu2g\" rel=\"nofollow noopener\" target=\"\" aria-label=\" ramaskrik blant flere amerikanske toppolitikere\"> ramaskrik blant flere amerikanske toppolitikere<\/a>.<\/p>\n<p class=\"hyperion-css-1lemvax\">I november trakk finansmininster Jens Stoltenberg i bremsen. P\u00e5 hans iniativ, og med flertall fra h\u00f8yresiden p\u00e5 Storinget, ble <a data-test-tag=\"internal-link\" href=\"https:\/\/e24.no\/internasjonal-oekonomi\/i\/LMyAB1\/arbeiderpartiet-fikk-flertall-etikkraadet-settes-paa-vent\" class=\"hyperion-css-1rezu2g\" rel=\"nofollow noopener\" target=\"\" aria-label=\"Oljefondets Etikkr\u00e5d satt p\u00e5 pause i ett \u00e5r.\">Oljefondets Etikkr\u00e5d satt p\u00e5 pause i ett \u00e5r.<\/a> I mellomtiden skal et utvalg gjennomg\u00e5 fondets etiske regelverk. <\/p>\n<p>Dette er saken:<\/p>\n<ul class=\"hyperion-css-pkq1ci\" data-test-tag=\"list\">\n<li class=\"hyperion-css-12h2ush\">Stoltenberg varslet i h\u00f8st full gjennomgang av Oljefondets etiske rammeverk. Denne uken satte et flertall p\u00e5 Stortinget\u00a0<a data-test-tag=\"internal-link\" href=\"https:\/\/e24.no\/internasjonal-oekonomi\/i\/LMyAB1\/arbeiderpartiet-fikk-flertall-etikkraadet-settes-paa-vent\" class=\"hyperion-css-1rezu2g\" rel=\"nofollow noopener\" target=\"\" aria-label=\"Etikkr\u00e5det p\u00e5 pause\">Etikkr\u00e5det p\u00e5 pause<\/a>\u00a0mens det nye regelverket blir utviklet. Regjeringen varslet fredag at\u00a0<a data-test-tag=\"internal-link\" href=\"https:\/\/e24.no\/boers-og-finans\/i\/739RR9\/utvalg-ser-paa-oljefondets-regler-blitt-mer-krevende\" class=\"hyperion-css-1rezu2g\" rel=\"nofollow noopener\" target=\"\" aria-label=\"et utvalg skal vurdere nye etiske regler\">et utvalg skal vurdere nye etiske regler<\/a>.<\/li>\n<li class=\"hyperion-css-12h2ush\">Stoltenberg frykter at Oljefondet kan trekke seg ut av tek-giganter som Amazon, Alphabet og Microsoft. Han vil derfor gj\u00f8re det vanskeligere \u00e5 trekke seg ut av nye selskaper for \u00e5 \u00abbeskytte fondet\u00bb.<\/li>\n<li class=\"hyperion-css-12h2ush\">I l\u00f8pet av august solgte fondet seg ut av\u00a0<a data-test-tag=\"internal-link\" href=\"https:\/\/e24.no\/norsk-oekonomi\/i\/bmp465\/oljefondet-har-solgt-seg-ut-av-11-israelske-selskaper\" class=\"hyperion-css-1rezu2g\" rel=\"nofollow noopener\" target=\"\" aria-label=\"11 israelske selskaper\">11 israelske selskaper<\/a>, og<a data-test-tag=\"internal-link\" href=\"https:\/\/e24.no\/boers-og-finans\/i\/Oov6xb\/oljefondet-utelukker-seks-selskaper\" class=\"hyperion-css-1rezu2g\" rel=\"nofollow noopener\" target=\"\" aria-label=\"\u00a0utelukket etterp\u00e5 seks selskaper\">\u00a0utelukket etterp\u00e5 seks selskaper<\/a>\u00a0knyttet til Vestbredden og Gaza etter anbefaling fra Etikkr\u00e5det. Blant dem var den amerikanske anleggsmaskinprodusenten Caterpillar.<\/li>\n<li class=\"hyperion-css-12h2ush\">Debatten tok fyr da\u00a0<a aria-label=\"Aftenposten\" class=\"default hyperion-css-1rezu2g\" href=\"https:\/\/www.aftenposten.no\/norge\/politikk\/i\/1MLA9q\/oljefondet-kan-ha-sikret-storgevinst-ved-aa-kjoepe-seg-inn-i-selskap-som-vedlikeholder-gaza-bombefly\" rel=\"noopener nofollow noreferrer\" data-test-tag=\"external-link\" target=\"_blank\">Aftenposten<\/a>\u00a0i august skrev om fondets aksjer i Bet Shemesh, et selskap som vedlikeholder motorer p\u00e5 israelske fly.<\/li>\n<li class=\"hyperion-css-12h2ush\">Beslutningen har vekket oppsikt i USA. E24 har tidligere omtalt at amerikanske politikere har\u00a0<a data-test-tag=\"internal-link\" href=\"https:\/\/e24.no\/internasjonal-oekonomi\/i\/5EAavE\/topp-republikaner-tok-kontakt-om-oljefondet\" class=\"hyperion-css-1rezu2g\" rel=\"nofollow noopener\" target=\"\" aria-label=\"tatt kontakt med den norske ambassaden\">tatt kontakt med den norske ambassaden<\/a>\u00a0i Washington om saken, blant annet\u00a0<a data-test-tag=\"internal-link\" href=\"https:\/\/e24.no\/boers-og-finans\/i\/Pp6v45\/senatsleder-raste-mot-norge-oljefondets-caterpillar-exit-kan-svekke-usa-baandene\" class=\"hyperion-css-1rezu2g\" rel=\"nofollow noopener\" target=\"\" aria-label=\"den mektige senatslederen John Thune\">den mektige senatslederen John Thune<\/a>.<\/li>\n<\/ul>\n<p>Vis mer<\/p>\n","protected":false},"excerpt":{"rendered":"Florida vil sette Oljefondet p\u00e5 \u00abanti-Israel\u00bb-liste. Finansdepartementet svarer at Oljefondets Etikkr\u00e5d er satt p\u00e5 pause. Floridas guvern\u00f8r Ron&hellip;\n","protected":false},"author":2,"featured_media":122771,"comment_status":"","ping_status":"","sticky":false,"template":"","format":"standard","meta":{"footnotes":""},"categories":[10],"tags":[20,21,24,25,15,22,23,13,30,28,29,14,16,26,27],"class_list":{"0":"post-122770","1":"post","2":"type-post","3":"status-publish","4":"format-standard","5":"has-post-thumbnail","7":"category-norge","8":"tag-breaking-news","9":"tag-breakingnews","10":"tag-featured-news","11":"tag-featurednews","12":"tag-headlines","13":"tag-latest-news","14":"tag-latestnews","15":"tag-news","16":"tag-no","17":"tag-norge","18":"tag-norway","19":"tag-nyheter","20":"tag-overskrifter","21":"tag-top-stories","22":"tag-topstories"},"share_on_mastodon":{"url":"https:\/\/pubeurope.com\/@no\/115791550821641883","error":""},"_links":{"self":[{"href":"https:\/\/www.europesays.com\/no\/wp-json\/wp\/v2\/posts\/122770","targetHints":{"allow":["GET"]}}],"collection":[{"href":"https:\/\/www.europesays.com\/no\/wp-json\/wp\/v2\/posts"}],"about":[{"href":"https:\/\/www.europesays.com\/no\/wp-json\/wp\/v2\/types\/post"}],"author":[{"embeddable":true,"href":"https:\/\/www.europesays.com\/no\/wp-json\/wp\/v2\/users\/2"}],"replies":[{"embeddable":true,"href":"https:\/\/www.europesays.com\/no\/wp-json\/wp\/v2\/comments?post=122770"}],"version-history":[{"count":0,"href":"https:\/\/www.europesays.com\/no\/wp-json\/wp\/v2\/posts\/122770\/revisions"}],"wp:featuredmedia":[{"embeddable":true,"href":"https:\/\/www.europesays.com\/no\/wp-json\/wp\/v2\/media\/122771"}],"wp:attachment":[{"href":"https:\/\/www.europesays.com\/no\/wp-json\/wp\/v2\/media?parent=122770"}],"wp:term":[{"taxonomy":"category","embeddable":true,"href":"https:\/\/www.europesays.com\/no\/wp-json\/wp\/v2\/categories?post=122770"},{"taxonomy":"post_tag","embeddable":true,"href":"https:\/\/www.europesays.com\/no\/wp-json\/wp\/v2\/tags?post=122770"}],"curies":[{"name":"wp","href":"https:\/\/api.w.org\/{rel}","templated":true}]}}