{"id":122772,"date":"2025-12-27T12:33:11","date_gmt":"2025-12-27T12:33:11","guid":{"rendered":"https:\/\/www.europesays.com\/no\/122772\/"},"modified":"2025-12-27T12:33:11","modified_gmt":"2025-12-27T12:33:11","slug":"dette-fikk-oss-til-a-smile-i-2025-nrk-norge-oversikt-over-nyheter-fra-ulike-deler-av-landet","status":"publish","type":"post","link":"https:\/\/www.europesays.com\/no\/122772\/","title":{"rendered":"Dette fikk oss til \u00e5 smile i 2025 \u2013 NRK Norge \u2013 Oversikt over nyheter fra ulike deler av landet"},"content":{"rendered":"<p>1 Felles VM-feber<\/p>\n<p>La oss bare krysse den av lista f\u00f8rst som sist. Det som har samlet oss mest i \u00e5r?<\/p>\n<p>Det ble kanskje ikke hest og slede gjennom Oslos gater, men det var rimelig <a href=\"https:\/\/www.nrk.no\/norge\/rodt_-hvitt-og-tarevatt-1.17656728\" ec-id=\"pp:article:1.17656728\" ec-name=\"god stemning\" rel=\"nofollow noopener\" target=\"_blank\">god stemning<\/a> likevel.<\/p>\n<p>I tillegg fikk vi se noen enorme boblejakker p\u00e5 R\u00e5dhusplassen og et hederlig fors\u00f8k p\u00e5 allsang. Heldigvis har Aaron Bizet Dunn\u00f8m noen m\u00e5neder p\u00e5 \u00e5 perfeksjonere dirigentrollen.<\/p>\n<p>Norges Aron Bizet D\u00f8nnum fors\u00f8ker \u00e5 f\u00e5 med folkehavet foran R\u00e5dhuset i Oslo til \u00e5 synge.<\/p>\n<p>2 Det finnes ikke d\u00e5rlig v\u00e6r?<\/p>\n<p>Rollen til v\u00e5re korrespondenter er utfordrende nok fra f\u00f8r, men det regnv\u00e6ret Anders Tveg\u00e5rd fikk p\u00e5 direkten ble ekstra utfordrende. For oss andre var det veldig g\u00f8y.<\/p>\n<p>    <img alt=\"Anders Tveg\u00e5rd\"  loading=\"lazy\"\/><img alt=\"Anders Tveg\u00e5rd f\u00f8r\"  loading=\"lazy\"\/><\/p>\n<p>Foruten \u00e5 g\u00e5 sin seiersgang i sosiale medier fikk ogs\u00e5 <a href=\"https:\/\/tv.nrk.no\/serie\/humoretaten\" ec-id=\"tv:series:humoretaten\" ec-name=\"Humoretaten\" rel=\"nofollow noopener\" target=\"_blank\">Humoretaten<\/a> med seg hendelsen.<\/p>\n<p>3 Sketsj ble virkelighet<\/p>\n<p>\u00abVi forst\u00e5r hinannen ikke.\u00bb Hvis du ikke tar den referansen s\u00e5 er det helt lov.<\/p>\n<p>Kort oppsummert er det et sm\u00e5tt legendarisk innslag fra serien <a href=\"https:\/\/tv.nrk.no\/serie\/uti-vaar-hage\/sesong\/1\/episode\/OUHA20000103\" ec-id=\"tv:episode:OUHA20000103\" ec-name=\"\u00abUti v\u00e5r hage\u00bb\" rel=\"nofollow noopener\" target=\"_blank\">\u00abUti v\u00e5r hage\u00bb<\/a>. Som n\u00e5 ogs\u00e5 har speilet virkeligheten i Danmark. Du kan se klippet lenger ned i saken.<\/p>\n<p>Men til v\u00e5re danske venner og deres spr\u00e5kproblemer.<\/p>\n<p><img decoding=\"async\"   src=\"data:image\/gif;base64,R0lGODlhAQABAIAAAAAAAP\/\/\/yH5BAEAAAAALAAAAAABAAEAAAIBRAA7\" loading=\"eager\" alt=\"Dansk butikk bestilte altfor mye melk\" title=\"Foto: Rema 1000 Pr\u00e6st\u00f8\"\/><\/p>\n<p>Foto: Rema 1000 Pr\u00e6st\u00f8<\/p>\n<p>\u2013 Da vi bestilte skulle vi ha ti kasser melk om dagen, men endte opp med \u00e5 bestille ti konteinere i stedet, <a href=\"https:\/\/www.nrk.no\/urix\/_uti-var-hage_-sketsj-har-blitt-virkelighet.-igjen.-1.17531375\" ec-id=\"pp:article:1.17531375\" ec-name=\"forklarer Stine \u00d8ster til lokalavisen Sj\u00e6llandske Nyheder.\" rel=\"nofollow noopener\" target=\"_blank\">forklarer Stine \u00d8ster til lokalavisen Sj\u00e6llandske Nyheder.<\/a><\/p>\n<p>Det er ikke f\u00f8rste gangen det skjer heller. Er en fare for at tellesystemet ikke er helt logisk, men det f\u00e5r noen andre avgj\u00f8re.<\/p>\n<p>Danskene forst\u00e5r ikke engang sitt eget spr\u00e5k. Kamel\u00e5s\u00e5!<\/p>\n<p>4 Slutt mens leken er god<\/p>\n<p>Det startet veldig \u00absmilbart\u00bb, men ble kanskje i overkant kreativt etter hvert. <a href=\"https:\/\/www.nrk.no\/rogaland\/fotballspelar-kan-vinne-ein-slaktegris-i-oppgjeret-pa-jaeren-1.17379095\" ec-id=\"pp:article:1.17379095\" ec-name=\"Fotballaget Bryne gav bort premier\" rel=\"nofollow noopener\" target=\"_blank\">Fotballaget Bryne gav bort premier<\/a> til banes beste p\u00e5 et helt nytt niv\u00e5.<\/p>\n<p>    <img alt=\"Fotballspilleren Axel Kryger som holder et koppelam ute p\u00e5 fotballbanen\"  loading=\"lazy\"\/><img alt=\"Jan De Boer fikk bestemannspremien mot Glimt og fikk derfor fire brett med egg som premie. Her st\u00e5r han med eggene.\"  loading=\"lazy\"\/> Carina Johansen, NTB \/ Olav Sele, Bryne FK<\/p>\n<p>Koppelam, egg og poteter kan holde seg p\u00e5 g\u00e5rden eller p\u00e5 kj\u00f8kkenbordet i 2026.<\/p>\n<p>5 \u00abLyren\u00bb<\/p>\n<p>\u00c5rets TV-\u00f8yeblikk eller? Mannen, myten, legenden. Det skal litt til f\u00f8r noen griper tak i oss gjennom skjermen.<\/p>\n<p>Dette er \u00f8yeblikket fra <a href=\"https:\/\/tv.nrk.no\/serie\/jakten-paa-monstermakrellen\" ec-id=\"tv:series:jakten-paa-monstermakrellen\" ec-name=\"\u00abB\u00e5rd og Lars: Jakten p\u00e5 monstermakrellen\u00bb\" rel=\"nofollow noopener\" target=\"_blank\">\u00abB\u00e5rd og Lars: Jakten p\u00e5 monstermakrellen\u00bb<\/a> fikk oss til \u00e5 smile med en barsk t\u00e5re i \u00f8yekroken.<\/p>\n<p>6 \u2013 F\u00e5 frem kleppen!<\/p>\n<p>Mens vi er inne p\u00e5 fisking. Det var vanskelig \u00e5 ikke bli revet med da Noel delte sin elleville kamp med kveita.<\/p>\n<p>Og ja, han var rimelig sikker p\u00e5 at det var kveite.<\/p>\n<p>Noel fikk noen stort p\u00e5 kroken da han var p\u00e5 fisketur i Nord-Troms.<\/p>\n<p>7 \u00abGodteskuffen\u00bb p\u00e5 Stortinget<\/p>\n<p>Det er s\u00f8tt da. P\u00e5 flere m\u00e5ter. Men noe m\u00e5 man gj\u00f8re p\u00e5 Stortinget mens <a href=\"https:\/\/www.nrk.no\/norge\/jens-og-budsjettet-1.17612994\" ec-id=\"pp:article:1.17612994\" ec-name=\"statsbudsjettet presenteres.\" rel=\"nofollow noopener\" target=\"_blank\">statsbudsjettet presenteres.<\/a><\/p>\n<p>Vi fikk ogs\u00e5 et fint innblikk i andre matvaner under valgnatta, s\u00e5 sjekk gjerne ut den <a href=\"https:\/\/www.nrk.no\/norge\/valgnatten-i-bilder-1.17561247\" ec-id=\"pp:article:1.17561247\" ec-name=\"her.\" rel=\"nofollow noopener\" target=\"_blank\">her.<\/a><\/p>\n<p>8 N\u00e5r KI i bommer<\/p>\n<p>Alt med KI minner om den \u00abflinkis-vennen\u00bb din som ikke er en bedre venn at du koser deg litt n\u00e5r hen omsider gj\u00f8re en feil.<\/p>\n<p><img decoding=\"async\"   src=\"data:image\/gif;base64,R0lGODlhAQABAIAAAAAAAP\/\/\/yH5BAEAAAAALAAAAAABAAEAAAIBRAA7\" loading=\"eager\" alt=\"En robot som snubler\" title=\"Illustrasjon: Alexander Slotten \/ NRK\"\/><\/p>\n<p class=\"\">Illustrasjon: Alexander Slotten \/ NRK<\/p>\n<p>Illustrasjon: Alexander Slotten \/ NRK<\/p>\n<p><a href=\"http:\/\/www.nrk.no\/norge\/her-har-ki-gatt-skikkelig-galt-1.17585369\" ec-id=\"pp:article:1.17585369\" ec-name=\"Vi har samlet noen gode eksempler til deg.\" rel=\"nofollow noopener\" target=\"_blank\">Vi har samlet noen gode eksempler til deg. <\/a><\/p>\n<p>Blant annet den med fastfood-kjeden Taco Bell som startet bruke KI til bestillinger. Det f\u00f8rte til at flere begynte \u00e5 legge inn \u00abtulle-bestillinger.\u00bb<\/p>\n<p>Da en mann bestilte 18.000 glass med vann krasjet systemet.<\/p>\n<p>9 Hvem er jeg egentlig?<\/p>\n<p>Skal ikke bli for filosofisk i avslutningen her, men det er ikke alltid s\u00e5 greit \u00e5 holde styr p\u00e5 hvem som er hvem i regjeringen.<\/p>\n<p>10 A-laget<\/p>\n<p>Det funket absolutt med en ny sesong.<\/p>\n<p>    <img alt=\"En gruppe mennesker sitter i en samtale, med fokus p\u00e5 en mann som holder en mikrofon. Flere deltakere har notater, og det er en filmkamera synlig i bakgrunnen. Rommet har store vinduer som slipper inn naturlig lys. Omgivelsene gir et kreativt og uformelt inntrykk. (Bildebeskrivelsen er laget av en KI-tjeneste)\"  loading=\"lazy\"\/><img alt=\"Sophie Elise p\u00e5 A-laget\"  loading=\"lazy\"\/><\/p>\n<p>Det var nok Erling Braut Haaland som var den store snakkisen i forkant, og det var flere som satte pris p\u00e5 \u00e5 se en annen versjon av den brautende rogalendingen.<\/p>\n<p>Du kan se hele episoden med <a href=\"https:\/\/tv.nrk.no\/serie\/a-laget\/sesong\/2\/episode\/KMTE31002125\" ec-id=\"tv:episode:KMTE31002125\" ec-name=\"Haaland her.\" rel=\"nofollow noopener\" target=\"_blank\">Haaland her.<\/a><\/p>\n<p>11 Har du lest helt hit?<\/p>\n<p>Det f\u00e5r i hvert fall oss til \u00e5 smile.<\/p>\n<p>Ha en fortsatt fin dag =)<\/p>\n<p>Publisert<\/p>\n<p>27.12.2025, kl. 12.42<\/p>\n","protected":false},"excerpt":{"rendered":"1 Felles VM-feber La oss bare krysse den av lista f\u00f8rst som sist. Det som har samlet oss&hellip;\n","protected":false},"author":2,"featured_media":122773,"comment_status":"","ping_status":"","sticky":false,"template":"","format":"standard","meta":{"footnotes":""},"categories":[5],"tags":[20,21,24,25,15,19,22,23,17,18,13,30,28,29,14,16,26,27],"class_list":{"0":"post-122772","1":"post","2":"type-post","3":"status-publish","4":"format-standard","5":"has-post-thumbnail","7":"category-overskrifter","8":"tag-breaking-news","9":"tag-breakingnews","10":"tag-featured-news","11":"tag-featurednews","12":"tag-headlines","13":"tag-hovedoppslag","14":"tag-latest-news","15":"tag-latestnews","16":"tag-main-news","17":"tag-mainnews","18":"tag-news","19":"tag-no","20":"tag-norge","21":"tag-norway","22":"tag-nyheter","23":"tag-overskrifter","24":"tag-top-stories","25":"tag-topstories"},"share_on_mastodon":{"url":"https:\/\/pubeurope.com\/@no\/115791554478340048","error":""},"_links":{"self":[{"href":"https:\/\/www.europesays.com\/no\/wp-json\/wp\/v2\/posts\/122772","targetHints":{"allow":["GET"]}}],"collection":[{"href":"https:\/\/www.europesays.com\/no\/wp-json\/wp\/v2\/posts"}],"about":[{"href":"https:\/\/www.europesays.com\/no\/wp-json\/wp\/v2\/types\/post"}],"author":[{"embeddable":true,"href":"https:\/\/www.europesays.com\/no\/wp-json\/wp\/v2\/users\/2"}],"replies":[{"embeddable":true,"href":"https:\/\/www.europesays.com\/no\/wp-json\/wp\/v2\/comments?post=122772"}],"version-history":[{"count":0,"href":"https:\/\/www.europesays.com\/no\/wp-json\/wp\/v2\/posts\/122772\/revisions"}],"wp:featuredmedia":[{"embeddable":true,"href":"https:\/\/www.europesays.com\/no\/wp-json\/wp\/v2\/media\/122773"}],"wp:attachment":[{"href":"https:\/\/www.europesays.com\/no\/wp-json\/wp\/v2\/media?parent=122772"}],"wp:term":[{"taxonomy":"category","embeddable":true,"href":"https:\/\/www.europesays.com\/no\/wp-json\/wp\/v2\/categories?post=122772"},{"taxonomy":"post_tag","embeddable":true,"href":"https:\/\/www.europesays.com\/no\/wp-json\/wp\/v2\/tags?post=122772"}],"curies":[{"name":"wp","href":"https:\/\/api.w.org\/{rel}","templated":true}]}}