{"id":122774,"date":"2025-12-27T12:34:12","date_gmt":"2025-12-27T12:34:12","guid":{"rendered":"https:\/\/www.europesays.com\/no\/122774\/"},"modified":"2025-12-27T12:34:12","modified_gmt":"2025-12-27T12:34:12","slug":"kilde-langt-bak-i-mal-i-livigno-sto-over-sist","status":"publish","type":"post","link":"https:\/\/www.europesays.com\/no\/122774\/","title":{"rendered":"Kilde langt bak i m\u00e5l i Livigno \u2013 sto over sist"},"content":{"rendered":"\n<p class=\"_lead_o9xde_2 _lead_xtcu6_50 layout-component text-serif-m layout-normal text-serif-l layout-component layout-wide layout-padded _wide_17hqh_1 layout-padded\">Aleksander Aamodt Kilde havnet et stykke bak, men kom trygt i m\u00e5l i sitt f\u00f8rste verdenscuprenn etter \u00e5 ha st\u00e5tt over sist. Marco Schwarz topper super-G-rennet.<\/p>\n<p><img alt=\"Aleksander Aamodt Kilde kom seg trygt gjennom super-G-rennet i Livigno. Tiden ble ikke det helt store.  Foto: Marco Trovati \/ AP \/ NTB\" class=\"_image_qp4xg_65 layout-component layout-wide\" data-fullscreen- data-track-element-type=\"Article image fullscreen\" data-track-name=\"ImageFullscreen\" fetchpriority=\"high\" decoding=\"sync\" loading=\"eager\" height=\"3067\" itemprop=\"image\"  src=\"https:\/\/www.europesays.com\/no\/wp-content\/uploads\/2025\/12\/30b0424f-313c-4226-a9de-410f92cf8cae\"  style=\"object-position:0% 0%\" width=\"4600\"\/>Aleksander Aamodt Kilde kom seg trygt gjennom super-G-rennet i Livigno. Tiden ble ikke det helt store.  Foto: Marco Trovati \/ AP \/ NTB<\/p>\n<ul aria-hidden=\"true\" class=\"_images_ntbth_112\">\n<li><a class=\"_link_ntbth_117\" href=\"https:\/\/www.vg.no\/forfatter\/ntb\" style=\"z-index:1\" title=\"NTB\" rel=\"nofollow noopener\" target=\"_blank\"><img alt=\"Bilde av NTB\" class=\"_image_ntbth_93\" fetchpriority=\"low\" loading=\"lazy\" decoding=\"async\" itemprop=\"image\"  src=\"https:\/\/www.europesays.com\/no\/wp-content\/uploads\/2025\/12\/1766838852_100_c33980b0-5d07-4027-84a1-813f90a7c8d6\"  width=\"480\"\/><\/a><\/li>\n<\/ul>\n<p> Oppdatert l\u00f8rdag 27. desember kl. 12:44     <\/p>\n<p class=\"_paragraph_o9xde_4 _paragraph_xtcu6_10 layout-component text-serif-m layout-normal text-serif-m layout-padded\">Med startnummer 27 kunne Kilde m\u00e5le seg direkte mot de sterkeste alpinistene i teten. Nordmannen ligger p\u00e5 24.-plass med de 31 f\u00f8rste startende ferdig for dagen, deriblant de antatt sterkeste.<\/p>\n<p class=\"_paragraph_o9xde_4 _paragraph_xtcu6_10 layout-component text-serif-m layout-normal text-serif-m layout-padded\">Schwarz gikk til topps i storslal\u00e5m sist helg og fulgte opp med \u00e5 kj\u00f8re inn til bestetid i Livigno. \u00d8sterrikeren topper foran tre sveitsere. Alexis Monney og Franjo von Allmen har de to andre pallplassene, med verdenscupleder Marco Odermatt p\u00e5 4.-plass.<\/p>\n<p class=\"_paragraph_o9xde_4 _paragraph_xtcu6_10 layout-component text-serif-m layout-normal text-serif-m layout-padded\">Adrian Smiseth Sejersted kj\u00f8rte med startnummer to, men klarte ikke \u00e5 hevde seg i toppen. 31-\u00e5ringen ligger p\u00e5 en forel\u00f8pig 20.-plass.<\/p>\n<p class=\"_paragraph_o9xde_4 _paragraph_xtcu6_10 layout-component text-serif-m layout-normal text-serif-m layout-padded\">Fredrik M\u00f8ller er fortsatt ute med skadene han p\u00e5dro seg da han falt stygt i det f\u00f8rste av to utforrenn i Val Gardena sist helg. 25-\u00e5ringen har fortsatt h\u00e5p om \u00e5 delta i OL i februar.<\/p>\n<p class=\"_paragraph_o9xde_4 _paragraph_xtcu6_10 layout-component text-serif-m layout-normal text-serif-m layout-padded\">I det andre utforrennet i Val Gardena valgte Kilde \u00e5 st\u00e5 over.<\/p>\n<p class=\"_paragraph_o9xde_4 _paragraph_xtcu6_10 layout-component text-serif-m layout-normal text-serif-m layout-padded\">\u2013 Du m\u00e5 v\u00e6re ordentlig klar, og det er jeg ikke. Jeg har ikke f\u00e5tt nok kilometer med lange ski p\u00e5 beina, s\u00e5 jeg velger \u00e5 ta en smart avgj\u00f8relse denne gangen, s\u00e5 f\u00e5r vi pr\u00f8ve neste gang, sa Kilde til Viaplay sist helg.<\/p>\n<p class=\"_paragraph_o9xde_4 _paragraph_xtcu6_10 layout-component text-serif-m layout-normal text-serif-m layout-padded\">Kilde har v\u00e6rt sv\u00e6rt skadeplaget siden han falt stygt i Wengen i januar 2024. Nylig gjorde han comeback etter 684 dager.<\/p>\n<p class=\"_paragraph_o9xde_4 _paragraph_xtcu6_10 layout-component text-serif-m layout-normal text-serif-m layout-padded\">Neste utforrenn er i nettopp Wengen 17. januar.<\/p>\n","protected":false},"excerpt":{"rendered":"Aleksander Aamodt Kilde havnet et stykke bak, men kom trygt i m\u00e5l i sitt f\u00f8rste verdenscuprenn etter \u00e5&hellip;\n","protected":false},"author":2,"featured_media":122775,"comment_status":"","ping_status":"","sticky":false,"template":"","format":"standard","meta":{"footnotes":""},"categories":[59],"tags":[13113,2347,249,30,28,29,83,82],"class_list":{"0":"post-122774","1":"post","2":"type-post","3":"status-publish","4":"format-standard","5":"has-post-thumbnail","7":"category-sport","8":"tag-adrian-smiseth-sejersted","9":"tag-aleksander-aamodt-kilde","10":"tag-alpint","11":"tag-no","12":"tag-norge","13":"tag-norway","14":"tag-sport","15":"tag-sports"},"share_on_mastodon":{"url":"https:\/\/pubeurope.com\/@no\/115791558749289906","error":""},"_links":{"self":[{"href":"https:\/\/www.europesays.com\/no\/wp-json\/wp\/v2\/posts\/122774","targetHints":{"allow":["GET"]}}],"collection":[{"href":"https:\/\/www.europesays.com\/no\/wp-json\/wp\/v2\/posts"}],"about":[{"href":"https:\/\/www.europesays.com\/no\/wp-json\/wp\/v2\/types\/post"}],"author":[{"embeddable":true,"href":"https:\/\/www.europesays.com\/no\/wp-json\/wp\/v2\/users\/2"}],"replies":[{"embeddable":true,"href":"https:\/\/www.europesays.com\/no\/wp-json\/wp\/v2\/comments?post=122774"}],"version-history":[{"count":0,"href":"https:\/\/www.europesays.com\/no\/wp-json\/wp\/v2\/posts\/122774\/revisions"}],"wp:featuredmedia":[{"embeddable":true,"href":"https:\/\/www.europesays.com\/no\/wp-json\/wp\/v2\/media\/122775"}],"wp:attachment":[{"href":"https:\/\/www.europesays.com\/no\/wp-json\/wp\/v2\/media?parent=122774"}],"wp:term":[{"taxonomy":"category","embeddable":true,"href":"https:\/\/www.europesays.com\/no\/wp-json\/wp\/v2\/categories?post=122774"},{"taxonomy":"post_tag","embeddable":true,"href":"https:\/\/www.europesays.com\/no\/wp-json\/wp\/v2\/tags?post=122774"}],"curies":[{"name":"wp","href":"https:\/\/api.w.org\/{rel}","templated":true}]}}