{"id":122776,"date":"2025-12-27T12:38:10","date_gmt":"2025-12-27T12:38:10","guid":{"rendered":"https:\/\/www.europesays.com\/no\/122776\/"},"modified":"2025-12-27T12:38:10","modified_gmt":"2025-12-27T12:38:10","slug":"fornebu-ulykker-og-hendelser-stenger-etter-haerverks-bolge","status":"publish","type":"post","link":"https:\/\/www.europesays.com\/no\/122776\/","title":{"rendered":"Fornebu, Ulykker og hendelser | Stenger etter h\u00e6rverks-b\u00f8lge"},"content":{"rendered":"\n<p>\u2013 Det er gjort skadeverk i et bibliotek p\u00e5 Fornebu. Noen har tatt seg inn i lokalene, tettet igjen en vask og satt p\u00e5 vannet, melder operasjonsleder Vidar Pedersen i politiet.<\/p>\n<p>   <img decoding=\"async\" width=\"4032\" height=\"3024\" fetchpriority=\"low\"  loading=\"lazy\"  src=\"https:\/\/www.europesays.com\/no\/wp-content\/uploads\/2025\/12\/Image_20251227_102213_325.jpeg\" alt=\"\" class=\"brick-c-cFOWSL\" style=\"--brick-image-ratio: 4032 \/ 3024;\"\/><\/p>\n<p>      L\u00f8rdag morgen var brannvesenet p\u00e5 plass for \u00e5 bist\u00e5.<br \/>\n      Foto: MORTEN \u00d8VERBYE\n    <\/p>\n<p>Politi og brannvesen jobbet l\u00f8rdag morgen p\u00e5 stedet.<\/p>\n<p>\u2013 Skadeomfanget er uklart s\u00e5 langt, men f\u00f8rsteinntrykket er at det ikke er s\u00e5 store skader, sier Pedersen til Budstikka.<\/p>\n<p>\u2013 N\u00e5r dette har skjedd er litt tidlig \u00e5 si, men v\u00e5re opplysninger s\u00e5 langt tilsier at det ikke har v\u00e6rt noen p\u00e5 jobb siden lille julaften, sier Pedersen.<\/p>\n<p>Flere bibliotek rammet<\/p>\n<p>\u2013 Noen har skrudd p\u00e5 vannet i vasken og puttet masse dopapir i sluket, slik at vannet sto sikkert fem centimeter over gulvet. N\u00e5 har brannvesenet v\u00e6rt her og f\u00e5tt sugd opp alt, sier Elizabeth Stavseth Laheld, avdelingsleder ved B\u00e6rum bibliotek.<\/p>\n<p>L\u00f8rdag morgen ble ogs\u00e5 biblioteksjef i B\u00e6rum Trine O. Sch\u00f8ning varslet om h\u00e6rverk p\u00e5 Fornebu.<\/p>\n<p>Ogs\u00e5 tre andre bibliotek i B\u00e6rum har v\u00e6rt utsatt for h\u00e6rverk de siste dagene, forteller hun.<\/p>\n<p>\u2013 Dette er en veldig kjedelig sak, sier Sch\u00f8ning til Budstikka.<\/p>\n<p>\u2013 N\u00e5 i julen har det dessverre v\u00e6rt hendelser ved fire av bibliotekene i B\u00e6rum, opplyser Sch\u00f8ning.<\/p>\n<p>  <a href=\"https:\/\/www.budstikka.no\/5-55-2170740\" class=\"related-teaser has-image default-story-teaser article--c-eRUmMG article--c-eRUmMG-jKCPdD-design-default\" rel=\"nofollow noopener\" target=\"_blank\"><\/p>\n<p>    <img decoding=\"async\" loading=\"lazy\"  src=\"https:\/\/www.europesays.com\/no\/wp-content\/uploads\/2025\/12\/IMG_2570_1.JPG\" alt=\"\" class=\"brick-c-cFOWSL\" style=\"\"\/><\/p>\n<p>\n            Les ogs\u00e5<\/p>\n<p>              Dette er Nikolai (35) sin viktigste juletradisjon: \u2013 En av de kuleste dagene\n        <\/p>\n<p>  <\/a><\/p>\n<p>I tillegg til biblioteket p\u00e5 Fornebu, gjelder det bibliotekene p\u00e5 Bekkestua, Eiksmarka og Sandvika.<\/p>\n<p>\u2013 Mistenker dere at det er en sammenheng mellom hendelsene?<\/p>\n<p>\u2013 Det er vanskelig for meg \u00e5 si p\u00e5 det n\u00e5v\u00e6rende tidspunkt, det vil jeg ikke spekulere i, sier hun.<\/p>\n<p>\u2013 N\u00e5r skjedde dette?<\/p>\n<p>\u2013 Enn s\u00e5 lenge har vi ikke oversikt over situasjonen, men det har v\u00e6rt \u00abmer\u00e5pent\u00bb siden lille julaften, sier Sch\u00f8ning og forteller at alle lokalene er videooverv\u00e5ket i \u00abmer\u00e5pen\u00bb-tid, samt tilknyttet vektertjeneste.<\/p>\n<p>\u00abMer\u00e5pent\u00bb vil si at det ikke er ansatte tilstede, men at brukerne av biblioteket kan l\u00e5se seg inn selv etter \u00e5 ha registrert egen bruker.<\/p>\n<p>Stenger flere filialer<\/p>\n<p>Biblioteksjefen i B\u00e6rum understreker at de ikke har opplevd slike problemer tidligere.<\/p>\n<p>\u2013 Det har v\u00e6rt noen sm\u00e5ting, men vi har aldri opplevd lignende, sier hun.<\/p>\n<p>H\u00e6rverket vil f\u00e5 konsekvenser for tilbudet til publikum de neste dagene.<\/p>\n<p>\u2013 Det f\u00f8rste vi vil gj\u00f8re n\u00e5 er \u00e5 stenge \u00abmer\u00e5pent\u00bb ved alle bibliotekene denne helgen. Grunnen er rett og slett at vi m\u00e5 skaffe oss oversikt over situasjonen, sier hun og understreker at hendelsene vil bli politianmeldt.<\/p>\n<p>\u2013 Jeg vet ikke om det er noen sammenheng eller ikke. De aller fleste biblioteksbrukere er vanlige folk som deg og meg som bruker bibliotek p\u00e5 vanlig m\u00e5te. Det er veldig kjedelig at noe slikt har skjedd.<\/p>\n","protected":false},"excerpt":{"rendered":"\u2013 Det er gjort skadeverk i et bibliotek p\u00e5 Fornebu. Noen har tatt seg inn i lokalene, tettet&hellip;\n","protected":false},"author":2,"featured_media":122777,"comment_status":"","ping_status":"","sticky":false,"template":"","format":"standard","meta":{"footnotes":""},"categories":[12],"tags":[36,20,21,24,25,925,2758,15,22,23,13,30,28,29,14,16,1510,26,27,941,42,43,44,45],"class_list":{"0":"post-122776","1":"post","2":"type-post","3":"status-publish","4":"format-standard","5":"has-post-thumbnail","7":"category-verden","8":"tag-art","9":"tag-breaking-news","10":"tag-breakingnews","11":"tag-featured-news","12":"tag-featurednews","13":"tag-fornebu","14":"tag-haerverk","15":"tag-headlines","16":"tag-latest-news","17":"tag-latestnews","18":"tag-news","19":"tag-no","20":"tag-norge","21":"tag-norway","22":"tag-nyheter","23":"tag-overskrifter","24":"tag-story","25":"tag-top-stories","26":"tag-topstories","27":"tag-ulykker-og-hendelser","28":"tag-verden","29":"tag-world","30":"tag-world-news","31":"tag-worldnews"},"share_on_mastodon":{"url":"https:\/\/pubeurope.com\/@no\/115791574532130448","error":""},"_links":{"self":[{"href":"https:\/\/www.europesays.com\/no\/wp-json\/wp\/v2\/posts\/122776","targetHints":{"allow":["GET"]}}],"collection":[{"href":"https:\/\/www.europesays.com\/no\/wp-json\/wp\/v2\/posts"}],"about":[{"href":"https:\/\/www.europesays.com\/no\/wp-json\/wp\/v2\/types\/post"}],"author":[{"embeddable":true,"href":"https:\/\/www.europesays.com\/no\/wp-json\/wp\/v2\/users\/2"}],"replies":[{"embeddable":true,"href":"https:\/\/www.europesays.com\/no\/wp-json\/wp\/v2\/comments?post=122776"}],"version-history":[{"count":0,"href":"https:\/\/www.europesays.com\/no\/wp-json\/wp\/v2\/posts\/122776\/revisions"}],"wp:featuredmedia":[{"embeddable":true,"href":"https:\/\/www.europesays.com\/no\/wp-json\/wp\/v2\/media\/122777"}],"wp:attachment":[{"href":"https:\/\/www.europesays.com\/no\/wp-json\/wp\/v2\/media?parent=122776"}],"wp:term":[{"taxonomy":"category","embeddable":true,"href":"https:\/\/www.europesays.com\/no\/wp-json\/wp\/v2\/categories?post=122776"},{"taxonomy":"post_tag","embeddable":true,"href":"https:\/\/www.europesays.com\/no\/wp-json\/wp\/v2\/tags?post=122776"}],"curies":[{"name":"wp","href":"https:\/\/api.w.org\/{rel}","templated":true}]}}