{"id":122778,"date":"2025-12-27T12:39:12","date_gmt":"2025-12-27T12:39:12","guid":{"rendered":"https:\/\/www.europesays.com\/no\/122778\/"},"modified":"2025-12-27T12:39:12","modified_gmt":"2025-12-27T12:39:12","slug":"meteorolog-pa-grensen-til-rodt-farevarsel","status":"publish","type":"post","link":"https:\/\/www.europesays.com\/no\/122778\/","title":{"rendered":"Meteorolog: \u2013 P\u00e5 grensen til r\u00f8dt farevarsel"},"content":{"rendered":"<p data-testid=\"textWithMarkup-markup\" data-v-62d58f52=\"\"> \u2013 Vi har oransje farevarsel, men det er p\u00e5 grensen til r\u00f8dt. Det er uvanlig sterke vindkast, sier vakthavende meteorolog H\u00e5vard Thorset til <a href=\"https:\/\/www.vg.no\/nyheter\/i\/5p0rRW\/garasje-tatt-av-vinden-i-nordland\" rel=\"noopener nofollow\" target=\"_blank\">VG<\/a>.<\/p>\n<p data-testid=\"textWithMarkup-text\" data-v-81d7dc2b=\"\" data-v-62d58f52=\"\">Han kaller uv\u00e6ret en \u00absterk storm\u00bb. Det er forel\u00f8pig ikke m\u00e5lt orkanstyrke, men det er n\u00e6rt. P\u00e5 V\u00e6r\u00f8y var det vindkast p\u00e5 46 meter per sekund tidligere l\u00f8rdag.<\/p>\n<p data-testid=\"textWithMarkup-text\" data-v-81d7dc2b=\"\" data-v-62d58f52=\"\">Thorset forklarer overfor NTB at det ikke ser ut til at det vil bli sendt ut r\u00f8dt farevarsel. <\/p>\n<p data-testid=\"textWithMarkup-text\" data-v-81d7dc2b=\"\" data-v-62d58f52=\"\">\u2013 S\u00e5nn det ser ut n\u00e5 gj\u00f8r vi ikke det. I Nordland har den verste vinden passert, for Troms og Finnmark er vinden i \u00f8kning, men den blir ikke like sterk, sier han. <\/p>\n<p data-testid=\"textWithMarkup-text\" data-v-81d7dc2b=\"\" data-v-62d58f52=\"\">Ogs\u00e5 Sverige er rammet av uv\u00e6r l\u00f8rdag, og flere tusen kunder st\u00e5r uten str\u00f8m. Der har stormen f\u00e5tt navnet Johannes. <\/p>\n<p data-testid=\"textWithMarkup-text\" data-v-81d7dc2b=\"\" data-v-62d58f52=\"\">\u2013 Her i Norge navngir vi bare p\u00e5 r\u00f8dt niv\u00e5. I Sverige gir de ogs\u00e5 navn p\u00e5 oransje, sier Thorset. <\/p>\n<p data-testid=\"textWithMarkup-text\" data-v-81d7dc2b=\"\" data-v-62d58f52=\"\">I Harstad har det ogs\u00e5 v\u00e6rt d\u00e5rlig v\u00e6r l\u00f8rdag morgen. If\u00f8lge Troms politidistrikt skal det avta etter klokken 13.<\/p>\n<p data-testid=\"textWithMarkup-text\" data-v-81d7dc2b=\"\" data-v-62d58f52=\"\">\u2013 Folk bes om \u00e5 sikre gjenstander og begrense ferdsel ute. Politiet f\u00e5r inn flere meldinger om tyngre gjenstander som blir tatt av den streke vinden i Harstad omr\u00e5det, skrev operasjonsleder Knut Laurits Slartmann p\u00e5 politiloggen klokken 10.40. <\/p>\n","protected":false},"excerpt":{"rendered":"\u2013 Vi har oransje farevarsel, men det er p\u00e5 grensen til r\u00f8dt. Det er uvanlig sterke vindkast, sier&hellip;\n","protected":false},"author":2,"featured_media":122779,"comment_status":"","ping_status":"","sticky":false,"template":"","format":"standard","meta":{"footnotes":""},"categories":[10],"tags":[20,21,24,25,15,22,23,13,30,28,29,14,16,26,27],"class_list":{"0":"post-122778","1":"post","2":"type-post","3":"status-publish","4":"format-standard","5":"has-post-thumbnail","7":"category-norge","8":"tag-breaking-news","9":"tag-breakingnews","10":"tag-featured-news","11":"tag-featurednews","12":"tag-headlines","13":"tag-latest-news","14":"tag-latestnews","15":"tag-news","16":"tag-no","17":"tag-norge","18":"tag-norway","19":"tag-nyheter","20":"tag-overskrifter","21":"tag-top-stories","22":"tag-topstories"},"share_on_mastodon":{"url":"https:\/\/pubeurope.com\/@no\/115791578147228792","error":""},"_links":{"self":[{"href":"https:\/\/www.europesays.com\/no\/wp-json\/wp\/v2\/posts\/122778","targetHints":{"allow":["GET"]}}],"collection":[{"href":"https:\/\/www.europesays.com\/no\/wp-json\/wp\/v2\/posts"}],"about":[{"href":"https:\/\/www.europesays.com\/no\/wp-json\/wp\/v2\/types\/post"}],"author":[{"embeddable":true,"href":"https:\/\/www.europesays.com\/no\/wp-json\/wp\/v2\/users\/2"}],"replies":[{"embeddable":true,"href":"https:\/\/www.europesays.com\/no\/wp-json\/wp\/v2\/comments?post=122778"}],"version-history":[{"count":0,"href":"https:\/\/www.europesays.com\/no\/wp-json\/wp\/v2\/posts\/122778\/revisions"}],"wp:featuredmedia":[{"embeddable":true,"href":"https:\/\/www.europesays.com\/no\/wp-json\/wp\/v2\/media\/122779"}],"wp:attachment":[{"href":"https:\/\/www.europesays.com\/no\/wp-json\/wp\/v2\/media?parent=122778"}],"wp:term":[{"taxonomy":"category","embeddable":true,"href":"https:\/\/www.europesays.com\/no\/wp-json\/wp\/v2\/categories?post=122778"},{"taxonomy":"post_tag","embeddable":true,"href":"https:\/\/www.europesays.com\/no\/wp-json\/wp\/v2\/tags?post=122778"}],"curies":[{"name":"wp","href":"https:\/\/api.w.org\/{rel}","templated":true}]}}