{"id":122780,"date":"2025-12-27T12:40:24","date_gmt":"2025-12-27T12:40:24","guid":{"rendered":"https:\/\/www.europesays.com\/no\/122780\/"},"modified":"2025-12-27T12:40:24","modified_gmt":"2025-12-27T12:40:24","slug":"navnedag-nyheter-nye-navnedager-gullborg-og-berta-ma-vike-for-helmer-og-otilie","status":"publish","type":"post","link":"https:\/\/www.europesays.com\/no\/122780\/","title":{"rendered":"Navnedag, Nyheter | Nye navnedager: Gullborg og Berta m\u00e5 vike for Helmer og Otilie"},"content":{"rendered":"\n<p>Det opplyser Almanakkforlaget, som utarbeider navnedagskalenderen sammen med navnegranskere fra Universitetet i Oslo.<\/p>\n<p>\u2013 M\u00e5lsetningen for alle revisjoner er at flest mulig barn og unge her i landet skal kunne feire navnedag, opplyser forlaget.<\/p>\n<p>Navnedagskalenderen ble publisert for f\u00f8rste gang i 1989 og oppdateres rundt hvert femte \u00e5r.<\/p>\n<p>  <a href=\"https:\/\/www.rb.no\/5-43-2634921\" class=\"related-teaser has-image default-story-teaser article--c-eRUmMG article--c-eRUmMG-jKCPdD-design-default\" rel=\"nofollow noopener\" target=\"_blank\"><\/p>\n<p>    <img decoding=\"async\" loading=\"lazy\"  src=\"https:\/\/www.europesays.com\/no\/wp-content\/uploads\/2025\/12\/Taxiordning+%281+av+6%29.jpg\" alt=\"\" class=\"brick-c-cFOWSL\" style=\"\"\/><\/p>\n<p>\n            Les ogs\u00e5<\/p>\n<p>              Manglet kunnskap om datterens diagnose: \u2013 Det f\u00f8ltes utrygt\n        <\/p>\n<p>  <\/a><br \/>\n  \u2013 Endrer seg raskt<\/p>\n<p>Det var allerede i 2016 at navnedagskalenderen fikk arabiske tilskudd. Da ble ti arabiske navn, fem kvinnelige og fem mannlige, lagt til.<\/p>\n<p>Utvalget av nye navn baserer seg p\u00e5 statistikk over navn med god vekst blant de yngste, og navn som har typiske trekk for moderne navn i dag. Blant \u00e5rets endringer legges det ogs\u00e5 til navn som ofte brukes av urfolk og nasjonale minoriteter, som Ailo og Kaisa.<\/p>\n<p>\u2013 Kalenderen bygger p\u00e5 norsk tradisjon og navnearv, og den inneholder hovedsakelig navn som har v\u00e6rt vanlige lenge her i landet. Imidlertid endrer navnemotene seg raskt, og for at kalenderen skal v\u00e6re aktuell, har den blitt oppdatert sju ganger siden den ble lansert, heter det videre.<\/p>\n<p>Disse er inn, og disse er ut<\/p>\n<p>Alle navnene som kommer inn i kalenderen, er: Alex, Abdul, Bianca, Silas, Sienna, Ava, Telma, Nicole, Noel, Noor, Kaspian, Rafael, Helmer, Hussein, Lara, Valdemar, Aria, Ariana, Ariel, Ailo, Tamara, Kaisa, Ferdinand, Simone, Otilie, Colin, Daniela, Iman, Isa og V\u00e5rin.<\/p>\n<p>I tillegg til de 30 nye navnene flyttes to navn til nye datoer: \u00c5slaug flyttes fra 6. januar til 8. mai, mens Gudbrand flyttes fra 5. mai til 6. mai.<\/p>\n<p>Navnene som g\u00e5r ut av kalenderen, er: Sigfred, Gullborg, Berta, Berte og Flemming.<\/p>\n<p>  <a href=\"https:\/\/www.rb.no\/5-43-2638857\" class=\"related-teaser has-image default-story-teaser article--c-eRUmMG article--c-eRUmMG-jKCPdD-design-default\" rel=\"nofollow noopener\" target=\"_blank\"><\/p>\n<p>    <img decoding=\"async\" loading=\"lazy\"  src=\"https:\/\/www.europesays.com\/no\/wp-content\/uploads\/2025\/12\/5_110_107284_Legevakt_9.jpg\" alt=\"\" class=\"brick-c-cFOWSL\" style=\"\"\/><\/p>\n<p>\n            Les ogs\u00e5<\/p>\n<p>              Legevakta avdekket feil: \u2013 Kritisk info om pasienter kan \u00abforsvinne\u00bb\n        <\/p>\n<p>  <\/a><\/p>\n","protected":false},"excerpt":{"rendered":"Det opplyser Almanakkforlaget, som utarbeider navnedagskalenderen sammen med navnegranskere fra Universitetet i Oslo. \u2013 M\u00e5lsetningen for alle revisjoner&hellip;\n","protected":false},"author":2,"featured_media":7393,"comment_status":"","ping_status":"","sticky":false,"template":"","format":"standard","meta":{"footnotes":""},"categories":[5],"tags":[4915,36,20,21,24,25,15,19,22,23,17,18,14555,13,30,28,29,14,16,1510,26,27],"class_list":{"0":"post-122780","1":"post","2":"type-post","3":"status-publish","4":"format-standard","5":"has-post-thumbnail","7":"category-overskrifter","8":"tag-4915","9":"tag-art","10":"tag-breaking-news","11":"tag-breakingnews","12":"tag-featured-news","13":"tag-featurednews","14":"tag-headlines","15":"tag-hovedoppslag","16":"tag-latest-news","17":"tag-latestnews","18":"tag-main-news","19":"tag-mainnews","20":"tag-navnedag","21":"tag-news","22":"tag-no","23":"tag-norge","24":"tag-norway","25":"tag-nyheter","26":"tag-overskrifter","27":"tag-story","28":"tag-top-stories","29":"tag-topstories"},"share_on_mastodon":{"url":"https:\/\/pubeurope.com\/@no\/115791582220364756","error":""},"_links":{"self":[{"href":"https:\/\/www.europesays.com\/no\/wp-json\/wp\/v2\/posts\/122780","targetHints":{"allow":["GET"]}}],"collection":[{"href":"https:\/\/www.europesays.com\/no\/wp-json\/wp\/v2\/posts"}],"about":[{"href":"https:\/\/www.europesays.com\/no\/wp-json\/wp\/v2\/types\/post"}],"author":[{"embeddable":true,"href":"https:\/\/www.europesays.com\/no\/wp-json\/wp\/v2\/users\/2"}],"replies":[{"embeddable":true,"href":"https:\/\/www.europesays.com\/no\/wp-json\/wp\/v2\/comments?post=122780"}],"version-history":[{"count":0,"href":"https:\/\/www.europesays.com\/no\/wp-json\/wp\/v2\/posts\/122780\/revisions"}],"wp:featuredmedia":[{"embeddable":true,"href":"https:\/\/www.europesays.com\/no\/wp-json\/wp\/v2\/media\/7393"}],"wp:attachment":[{"href":"https:\/\/www.europesays.com\/no\/wp-json\/wp\/v2\/media?parent=122780"}],"wp:term":[{"taxonomy":"category","embeddable":true,"href":"https:\/\/www.europesays.com\/no\/wp-json\/wp\/v2\/categories?post=122780"},{"taxonomy":"post_tag","embeddable":true,"href":"https:\/\/www.europesays.com\/no\/wp-json\/wp\/v2\/tags?post=122780"}],"curies":[{"name":"wp","href":"https:\/\/api.w.org\/{rel}","templated":true}]}}