{"id":122781,"date":"2025-12-27T12:42:11","date_gmt":"2025-12-27T12:42:11","guid":{"rendered":"https:\/\/www.europesays.com\/no\/122781\/"},"modified":"2025-12-27T12:42:11","modified_gmt":"2025-12-27T12:42:11","slug":"nottingham-forest-legenden-som-vant-europa","status":"publish","type":"post","link":"https:\/\/www.europesays.com\/no\/122781\/","title":{"rendered":"Nottingham Forest-legenden som vant Europa"},"content":{"rendered":"<p>  Tidligere Nottingham Forest-ving John Robertson er d\u00f8d, 72 \u00e5r gammel.\u00a0<\/p>\n<p>\n    John Robertson (til venstre) feirer Europa-triumfen i 1979. Foto: AP \/ NTB\n  <\/p>\n<p>Det er Forest selv som opplyser om Robertsons bortgang.<\/p>\n<p>Robertson, som b\u00e5de startet og avsluttet karrieren p\u00e5 City Ground, ble en kulthelt etter \u00e5 ha spilt en viktig rolle da klubben vant europacupen b\u00e5de i 1979 og 1980.<\/p>\n<p>I 1979 sto Robertson bak innlegget til Trevor Francis som f\u00f8rte til det f\u00f8rste m\u00e5let i finalekampen mot svenske Malm\u00f6 i M\u00fcnchen. Den kvelden l\u00f8ftet mannskapet til Brian Clough Nottinghams f\u00f8rste Europa-trof\u00e9 noen gang.<\/p>\n<p>\u00c5ret etter ble Robertson matchvinner da Forest igjen vant en europacupfinale med 1\u20130. Tyske Hamburg ble sl\u00e5tt p\u00e5 Santiago Bernab\u00e9u i Madrid.<\/p>\n<p>    <a itemprop=\"url\" href=\"https:\/\/sol.no\/nyheter\/leteaksjon-ber-folk-sjekke-hytter-og-boder\/84026969\" rel=\"nofollow noopener\" target=\"_blank\"><\/p>\n<p>        <img loading=\"lazy\" decoding=\"async\" src=\"https:\/\/www.europesays.com\/no\/wp-content\/uploads\/2025\/12\/84026974.webp\" width=\"980\" height=\"441\" title=\"Leteaksjon: Ber folk sjekke hytter og boder\" alt=\"\" class=\"lazyload\" style=\"--aspect-ratio-image: 2.22; \"\/><\/p>\n<p>        Leteaksjon: Ber folk sjekke hytter og boder<\/p>\n<p>sol.no<\/p>\n<p>    <\/a><\/p>\n<p>Robertson spilte ogs\u00e5 28 landskamper for Skottland i l\u00f8pet av sin fem \u00e5r lange karriere med flagget p\u00e5 brystet. Han var med i VM-troppen b\u00e5de i 1978 og 1982.<\/p>\n<p>\u00abVi er knuste over \u00e5 m\u00e5tte meddele bortgangen til Nottingham Forest-legenden og v\u00e5r kj\u00e6re venn, John Robertson\u00bb, skriver Nottingham onsdag.<\/p>\n<p>\u00abJohn, en sann storhet i klubben v\u00e5r og dobbel europacupvinner, vil aldri bli glemt med sitt uovertrufne talent, ydmykhet og urokkelige hengivenhet til Nottingham Forest\u00bb, legger klubben til.<\/p>\n<p>I uttalelsen heter det videre at tankene g\u00e5r til Robertsons familie, venner og alle som elsket ham.<\/p>\n<p>\u00abHvil i fred, Robbo \u2026 V\u00e5r st\u00f8rste\u00bb, avslutter Forest.<\/p>\n","protected":false},"excerpt":{"rendered":"Tidligere Nottingham Forest-ving John Robertson er d\u00f8d, 72 \u00e5r gammel.\u00a0 John Robertson (til venstre) feirer Europa-triumfen i 1979.&hellip;\n","protected":false},"author":2,"featured_media":122782,"comment_status":"","ping_status":"","sticky":false,"template":"","format":"standard","meta":{"footnotes":""},"categories":[59],"tags":[30,28,29,14,83,82],"class_list":{"0":"post-122781","1":"post","2":"type-post","3":"status-publish","4":"format-standard","5":"has-post-thumbnail","7":"category-sport","8":"tag-no","9":"tag-norge","10":"tag-norway","11":"tag-nyheter","12":"tag-sport","13":"tag-sports"},"share_on_mastodon":{"url":"https:\/\/pubeurope.com\/@no\/115791589975094832","error":""},"_links":{"self":[{"href":"https:\/\/www.europesays.com\/no\/wp-json\/wp\/v2\/posts\/122781","targetHints":{"allow":["GET"]}}],"collection":[{"href":"https:\/\/www.europesays.com\/no\/wp-json\/wp\/v2\/posts"}],"about":[{"href":"https:\/\/www.europesays.com\/no\/wp-json\/wp\/v2\/types\/post"}],"author":[{"embeddable":true,"href":"https:\/\/www.europesays.com\/no\/wp-json\/wp\/v2\/users\/2"}],"replies":[{"embeddable":true,"href":"https:\/\/www.europesays.com\/no\/wp-json\/wp\/v2\/comments?post=122781"}],"version-history":[{"count":0,"href":"https:\/\/www.europesays.com\/no\/wp-json\/wp\/v2\/posts\/122781\/revisions"}],"wp:featuredmedia":[{"embeddable":true,"href":"https:\/\/www.europesays.com\/no\/wp-json\/wp\/v2\/media\/122782"}],"wp:attachment":[{"href":"https:\/\/www.europesays.com\/no\/wp-json\/wp\/v2\/media?parent=122781"}],"wp:term":[{"taxonomy":"category","embeddable":true,"href":"https:\/\/www.europesays.com\/no\/wp-json\/wp\/v2\/categories?post=122781"},{"taxonomy":"post_tag","embeddable":true,"href":"https:\/\/www.europesays.com\/no\/wp-json\/wp\/v2\/tags?post=122781"}],"curies":[{"name":"wp","href":"https:\/\/api.w.org\/{rel}","templated":true}]}}