{"id":122783,"date":"2025-12-27T12:48:39","date_gmt":"2025-12-27T12:48:39","guid":{"rendered":"https:\/\/www.europesays.com\/no\/122783\/"},"modified":"2025-12-27T12:48:39","modified_gmt":"2025-12-27T12:48:39","slug":"kjor-mykt-og-hold-avstand-nrk-troms-og-finnmark","status":"publish","type":"post","link":"https:\/\/www.europesays.com\/no\/122783\/","title":{"rendered":"\u2013 Kj\u00f8r mykt og hold avstand \u2013 NRK Troms og Finnmark"},"content":{"rendered":"<p>Noen reiser hjem eller i juleselskap, mens andre skal p\u00e5 hytta og feire nytt\u00e5r.<\/p>\n<p>Det kan derfor bli en del trafikk p\u00e5 veiene i dag og i de kommende dagene, og v\u00e6r og f\u00f8re kan variere mye, skriver Statens vegvesen i en pressemelding.<\/p>\n<p>\u2212 Det nordmenn er mest redde for i trafikken denne jula, er glatt f\u00f8re, sier Guro Ranes, avdelingsdirekt\u00f8r for trafikksikkerhet i Statens vegvesen.<\/p>\n<p>\u2212 Det viktigste er \u00e5 komme trygt frem, sier hun videre.<\/p>\n<p>\u2212 Kj\u00f8r mykt og hold avstand til bilen foran. God planlegging f\u00f8r du reiser \u00f8ker sjansene for en trygg og god romjulstur, sier hun.<\/p>\n<p><strong>Videre i pressemeldingen anbefales det \u00e5 bytte sj\u00e5f\u00f8r p\u00e5 krevende f\u00f8re og lengre strekninger. <\/strong><\/p>\n<p>\u2013 Det er viktig \u00e5 v\u00e6re en \u00e5rv\u00e5ken sj\u00e5f\u00f8r, sier Guro Ranes.<\/p>\n","protected":false},"excerpt":{"rendered":"Noen reiser hjem eller i juleselskap, mens andre skal p\u00e5 hytta og feire nytt\u00e5r. Det kan derfor bli&hellip;\n","protected":false},"author":2,"featured_media":122784,"comment_status":"","ping_status":"","sticky":false,"template":"","format":"standard","meta":{"footnotes":""},"categories":[10],"tags":[20,21,24,25,15,22,23,13,30,28,29,14,16,26,27],"class_list":{"0":"post-122783","1":"post","2":"type-post","3":"status-publish","4":"format-standard","5":"has-post-thumbnail","7":"category-norge","8":"tag-breaking-news","9":"tag-breakingnews","10":"tag-featured-news","11":"tag-featurednews","12":"tag-headlines","13":"tag-latest-news","14":"tag-latestnews","15":"tag-news","16":"tag-no","17":"tag-norge","18":"tag-norway","19":"tag-nyheter","20":"tag-overskrifter","21":"tag-top-stories","22":"tag-topstories"},"share_on_mastodon":{"url":"https:\/\/pubeurope.com\/@no\/115791613412314151","error":""},"_links":{"self":[{"href":"https:\/\/www.europesays.com\/no\/wp-json\/wp\/v2\/posts\/122783","targetHints":{"allow":["GET"]}}],"collection":[{"href":"https:\/\/www.europesays.com\/no\/wp-json\/wp\/v2\/posts"}],"about":[{"href":"https:\/\/www.europesays.com\/no\/wp-json\/wp\/v2\/types\/post"}],"author":[{"embeddable":true,"href":"https:\/\/www.europesays.com\/no\/wp-json\/wp\/v2\/users\/2"}],"replies":[{"embeddable":true,"href":"https:\/\/www.europesays.com\/no\/wp-json\/wp\/v2\/comments?post=122783"}],"version-history":[{"count":0,"href":"https:\/\/www.europesays.com\/no\/wp-json\/wp\/v2\/posts\/122783\/revisions"}],"wp:featuredmedia":[{"embeddable":true,"href":"https:\/\/www.europesays.com\/no\/wp-json\/wp\/v2\/media\/122784"}],"wp:attachment":[{"href":"https:\/\/www.europesays.com\/no\/wp-json\/wp\/v2\/media?parent=122783"}],"wp:term":[{"taxonomy":"category","embeddable":true,"href":"https:\/\/www.europesays.com\/no\/wp-json\/wp\/v2\/categories?post=122783"},{"taxonomy":"post_tag","embeddable":true,"href":"https:\/\/www.europesays.com\/no\/wp-json\/wp\/v2\/tags?post=122783"}],"curies":[{"name":"wp","href":"https:\/\/api.w.org\/{rel}","templated":true}]}}