{"id":122786,"date":"2025-12-27T12:56:10","date_gmt":"2025-12-27T12:56:10","guid":{"rendered":"https:\/\/www.europesays.com\/no\/122786\/"},"modified":"2025-12-27T12:56:10","modified_gmt":"2025-12-27T12:56:10","slug":"politi-trafikk-e6-smell-fire-personer-involvert","status":"publish","type":"post","link":"https:\/\/www.europesays.com\/no\/122786\/","title":{"rendered":"Politi, Trafikk | E6-smell: Fire personer involvert"},"content":{"rendered":"\n<p>Klokka 12.57 l\u00f8rdag melder politiet om en ulykke p\u00e5 E6 nordg\u00e5ende, rett etter p\u00e5kj\u00f8ringen til Lindeberg.<\/p>\n<p>Totalt fire personer er involvert i ulykken. Ingen er skadd, melder politiet.<\/p>\n<p>\u2013 Trafikale utfordringer, melder operasjonsleder Atle Vesttorp.<\/p>\n<p>P\u00e5 Google maps sitt trafikkart ser det ut til at trafikken st\u00e5r bom stille ved 13-tiden.<\/p>\n<p>Klokka 13.06 opplyser Vegtrafikksentralen at et h\u00f8yre felt er stengt p\u00e5 grunn av ulykken.<\/p>\n<p>\u2013 Uhellet har skjedd i forbindelse med oppbremsing, melder Vesttorp.<\/p>\n<p>Parene l\u00f8ser uhellet med skademelding.<\/p>\n<p>\u2013 En bil trenger berging. Politiet blir p\u00e5 stedet til bilberger har hentet bilen, opplyser Vesttorp klokka 13.17.<\/p>\n<p>Saken oppdateres!<\/p>\n<p>  <a href=\"https:\/\/www.rb.no\/5-43-2642437\" class=\"related-teaser has-image default-story-teaser article--c-eRUmMG article--c-eRUmMG-jKCPdD-design-default\" rel=\"nofollow noopener\" target=\"_blank\"><\/p>\n<p>    <img decoding=\"async\" loading=\"lazy\"  src=\"https:\/\/www.europesays.com\/no\/wp-content\/uploads\/2025\/12\/sladd+2+utested.jpg\" alt=\"\" class=\"brick-c-cFOWSL\" style=\"\"\/><\/p>\n<p>\n            Les ogs\u00e5<\/p>\n<p>              Dette skjedde i natt: Flere lagt i h\u00e5ndjern og bortvist\n        <\/p>\n<p>  <\/a><\/p>\n","protected":false},"excerpt":{"rendered":"Klokka 12.57 l\u00f8rdag melder politiet om en ulykke p\u00e5 E6 nordg\u00e5ende, rett etter p\u00e5kj\u00f8ringen til Lindeberg. Totalt fire&hellip;\n","protected":false},"author":2,"featured_media":114882,"comment_status":"","ping_status":"","sticky":false,"template":"","format":"standard","meta":{"footnotes":""},"categories":[10],"tags":[36,20,21,834,24,25,15,3024,22,23,13,30,28,29,14,16,254,1510,26,27,224,51],"class_list":{"0":"post-122786","1":"post","2":"type-post","3":"status-publish","4":"format-standard","5":"has-post-thumbnail","7":"category-norge","8":"tag-art","9":"tag-breaking-news","10":"tag-breakingnews","11":"tag-e6","12":"tag-featured-news","13":"tag-featurednews","14":"tag-headlines","15":"tag-ko","16":"tag-latest-news","17":"tag-latestnews","18":"tag-news","19":"tag-no","20":"tag-norge","21":"tag-norway","22":"tag-nyheter","23":"tag-overskrifter","24":"tag-politi","25":"tag-story","26":"tag-top-stories","27":"tag-topstories","28":"tag-trafikk","29":"tag-ulykke"},"share_on_mastodon":{"url":"https:\/\/pubeurope.com\/@no\/115791645194351835","error":""},"_links":{"self":[{"href":"https:\/\/www.europesays.com\/no\/wp-json\/wp\/v2\/posts\/122786","targetHints":{"allow":["GET"]}}],"collection":[{"href":"https:\/\/www.europesays.com\/no\/wp-json\/wp\/v2\/posts"}],"about":[{"href":"https:\/\/www.europesays.com\/no\/wp-json\/wp\/v2\/types\/post"}],"author":[{"embeddable":true,"href":"https:\/\/www.europesays.com\/no\/wp-json\/wp\/v2\/users\/2"}],"replies":[{"embeddable":true,"href":"https:\/\/www.europesays.com\/no\/wp-json\/wp\/v2\/comments?post=122786"}],"version-history":[{"count":0,"href":"https:\/\/www.europesays.com\/no\/wp-json\/wp\/v2\/posts\/122786\/revisions"}],"wp:featuredmedia":[{"embeddable":true,"href":"https:\/\/www.europesays.com\/no\/wp-json\/wp\/v2\/media\/114882"}],"wp:attachment":[{"href":"https:\/\/www.europesays.com\/no\/wp-json\/wp\/v2\/media?parent=122786"}],"wp:term":[{"taxonomy":"category","embeddable":true,"href":"https:\/\/www.europesays.com\/no\/wp-json\/wp\/v2\/categories?post=122786"},{"taxonomy":"post_tag","embeddable":true,"href":"https:\/\/www.europesays.com\/no\/wp-json\/wp\/v2\/tags?post=122786"}],"curies":[{"name":"wp","href":"https:\/\/api.w.org\/{rel}","templated":true}]}}