{"id":122787,"date":"2025-12-27T12:57:35","date_gmt":"2025-12-27T12:57:35","guid":{"rendered":"https:\/\/www.europesays.com\/no\/122787\/"},"modified":"2025-12-27T12:57:35","modified_gmt":"2025-12-27T12:57:35","slug":"far-skal-ha-blitt-pafort-skader-i-halsregionen-agderposten-no","status":"publish","type":"post","link":"https:\/\/www.europesays.com\/no\/122787\/","title":{"rendered":"Far skal ha blitt p\u00e5f\u00f8rt skader i halsregionen &#8211; agderposten.no"},"content":{"rendered":"<ol>\n<li><a href=\"https:\/\/news.google.com\/rss\/articles\/CBMilwFBVV95cUxPVDdRUWdYSnVhYmZWM2d6cEJYbXFobWlFV0FuLTRNMmVEOHN1aWFCNE0tTWhWUERVNTMxT3JlSmpJNkVyd3dBZVcxTVhaWVBFUDBWMGxXWV8zNF9vRlc2S3l5OFBLR1pVLUoxUXo3M3NFS3plSWpRSWo1dDFWdEdpeXVoeFpKN2pTMkdKbmNOWXd5NmFWR0pz?oc=5\" target=\"_blank\" rel=\"nofollow noopener\">Far skal ha blitt p\u00e5f\u00f8rt skader i halsregionen<\/a>&nbsp;&nbsp;agderposten.no<\/li>\n<li><a href=\"https:\/\/news.google.com\/rss\/articles\/CBMigAFBVV95cUxNVDZNSXQ5ZXdURG1DUXNxNjRVZ243Ym5QMHg3cUZodEpUbEFqN01CbHhRMmNXbWNzRGd5TFRsUFVoYXBmSHRGeU01Rmt0anV4R09POVpncnEzYXZjdnRMbU1ISGlCUnpCTmNWZDZ5VVhDZTVodmxXSWlHYUpuTjZnag?oc=5\" target=\"_blank\" rel=\"nofollow noopener\">S\u00f8nn siktet for drapsfors\u00f8k p\u00e5 far i Arendal<\/a>&nbsp;&nbsp;VG<\/li>\n<li><a href=\"https:\/\/news.google.com\/rss\/articles\/CBMisAFBVV95cUxORFR2YV9pYkdfc3RnMHc2M3JWdmZueW5YaE13QURFckxhTG02WEliQ0dPbnE5OFdrUVVqOEtyZDdYMGJIZ2xIUWZ3aWJoMUtCQzVRbkVEOVFicHJaNWtMUEtMVDJIODlxbVpGOE9YaWt2OGJINzh1OU9Ob2Nfem56d214dTI0a1JxSkJtR1cxcnc3RUFGb1pIc3N2bExETlJYWUMwMlE3T3g2dHZGdGJITg?oc=5\" target=\"_blank\" rel=\"nofollow noopener\">S\u00f8nn varetektsfengslet for drapsfors\u00f8k mot far<\/a>&nbsp;&nbsp;adressa.no<\/li>\n<li><a href=\"https:\/\/news.google.com\/rss\/articles\/CBMipgFBVV95cUxPRkxGTm9zOFRvbEFuQWVsYnZUcWtnd2ZfamV6Rm5aRHp0dzdBUUVHVVZJRVJ6LVNzcjNiamtnZDRibzB2T000eGpCZ1lSTHZvWG1pWmxtamwyZmhEVUVYWWhnQ2FZRTRmVEVpbFhWMi1RZ3o1WDUxeEZKVmVma1R2RDRUNHBiS3BrczcxdzBvUTVvV3N2N3E4WUZFZHoyRVk5aU1URmRn?oc=5\" target=\"_blank\" rel=\"nofollow noopener\">TV 2: Person siktet for drapsfors\u00f8k etter voldshendelse i Arendal \u2013 Siste nytt<\/a>&nbsp;&nbsp;NRK<\/li>\n<li><a href=\"https:\/\/news.google.com\/rss\/articles\/CBMipwFBVV95cUxOT0RWUUY1SDQ5SVdHZWVyYlVtY3FTVTJNcS1HUEhIQVdfVlJwRzJGekJOTGlfODFYRDltdlB5MlBhaFcweGZuM05fNjhTUWNISDM5Y1ZPdHEyaGxNQ1hNczlNUjVGQkhwLUFWUTVkc3ZYNFhkbkM3TlNrbHZneHpHWUMtUmJ4a05XVXZHcnB6Z1ZHODdnUFVwQ0Y2NnA5TklLRE5FcEtGcw?oc=5\" target=\"_blank\" rel=\"nofollow noopener\">(+) Erkjente seg skyldig i draps\u00adfors\u00f8k p\u00e5 sin far. S\u00e5 br\u00f8t forsva\u00adreren inn.<\/a>&nbsp;&nbsp;fvn.no<\/li>\n<\/ol>\n","protected":false},"excerpt":{"rendered":"Far skal ha blitt p\u00e5f\u00f8rt skader i halsregionen&nbsp;&nbsp;agderposten.no S\u00f8nn siktet for drapsfors\u00f8k p\u00e5 far i Arendal&nbsp;&nbsp;VG S\u00f8nn varetektsfengslet&hellip;\n","protected":false},"author":2,"featured_media":122788,"comment_status":"","ping_status":"","sticky":false,"template":"","format":"standard","meta":{"footnotes":""},"categories":[5],"tags":[20,21,24,25,15,19,22,23,17,18,13,30,28,29,14,16,26,27],"class_list":{"0":"post-122787","1":"post","2":"type-post","3":"status-publish","4":"format-standard","5":"has-post-thumbnail","7":"category-overskrifter","8":"tag-breaking-news","9":"tag-breakingnews","10":"tag-featured-news","11":"tag-featurednews","12":"tag-headlines","13":"tag-hovedoppslag","14":"tag-latest-news","15":"tag-latestnews","16":"tag-main-news","17":"tag-mainnews","18":"tag-news","19":"tag-no","20":"tag-norge","21":"tag-norway","22":"tag-nyheter","23":"tag-overskrifter","24":"tag-top-stories","25":"tag-topstories"},"share_on_mastodon":{"url":"https:\/\/pubeurope.com\/@no\/115791648777908502","error":""},"_links":{"self":[{"href":"https:\/\/www.europesays.com\/no\/wp-json\/wp\/v2\/posts\/122787","targetHints":{"allow":["GET"]}}],"collection":[{"href":"https:\/\/www.europesays.com\/no\/wp-json\/wp\/v2\/posts"}],"about":[{"href":"https:\/\/www.europesays.com\/no\/wp-json\/wp\/v2\/types\/post"}],"author":[{"embeddable":true,"href":"https:\/\/www.europesays.com\/no\/wp-json\/wp\/v2\/users\/2"}],"replies":[{"embeddable":true,"href":"https:\/\/www.europesays.com\/no\/wp-json\/wp\/v2\/comments?post=122787"}],"version-history":[{"count":0,"href":"https:\/\/www.europesays.com\/no\/wp-json\/wp\/v2\/posts\/122787\/revisions"}],"wp:featuredmedia":[{"embeddable":true,"href":"https:\/\/www.europesays.com\/no\/wp-json\/wp\/v2\/media\/122788"}],"wp:attachment":[{"href":"https:\/\/www.europesays.com\/no\/wp-json\/wp\/v2\/media?parent=122787"}],"wp:term":[{"taxonomy":"category","embeddable":true,"href":"https:\/\/www.europesays.com\/no\/wp-json\/wp\/v2\/categories?post=122787"},{"taxonomy":"post_tag","embeddable":true,"href":"https:\/\/www.europesays.com\/no\/wp-json\/wp\/v2\/tags?post=122787"}],"curies":[{"name":"wp","href":"https:\/\/api.w.org\/{rel}","templated":true}]}}