{"id":122793,"date":"2025-12-27T13:14:09","date_gmt":"2025-12-27T13:14:09","guid":{"rendered":"https:\/\/www.europesays.com\/no\/122793\/"},"modified":"2025-12-27T13:14:09","modified_gmt":"2025-12-27T13:14:09","slug":"luke-littlers-liv-kunne-ha-vaert-annerledes-han-ble-oyeoperert-som-barn","status":"publish","type":"post","link":"https:\/\/www.europesays.com\/no\/122793\/","title":{"rendered":"Luke Littlers liv kunne ha v\u00e6rt annerledes: Han ble \u00f8yeoperert som barn &#8211;"},"content":{"rendered":"<p>Luke Littler, dartsensasjonen og verdens nummer 1, som for tiden spiller for \u00e5 forsvare verdensmestertittelen han vant i januar i fjor, har avsl\u00f8rt at han hadde en \u00f8yesykdom som barn, noe som kunne ha endret livet hans drastisk. Han hadde strabisme, ogs\u00e5 kjent som skjeling, der \u00f8ynene ikke st\u00e5r p\u00e5 linje, og ble operert da han var fire eller fem \u00e5r gammel.<\/p>\n<p>Han ble spurt om hvordan livet hans kunne ha blitt hvis han ikke hadde blitt operert, og han svarte &laquo;Vel, hvem vet? Det er en av de tingene som \u00e5penbart m\u00e5tte ordnes. Mamma og pappa ville at det skulle ordnes.<\/p>\n<p>Da jeg var yngre, brydde jeg meg selvsagt ikke om det. Men n\u00e5r du ser p\u00e5 det n\u00e5, var det en god ting \u00e5 f\u00e5 gjort p\u00e5 den tiden, men jeg har ikke minner om det n\u00e5. Men det m\u00e5tte \u00e5penbart gj\u00f8res. Og det ble gjort&raquo;, sa 18-\u00e5ringen, som sjokkerte den profesjonelle dartverdenen med sine ferdigheter i den alderen (han ble proff som 16-\u00e5ring) (via <a href=\"https:\/\/www.skysports.com\/darts\/news\/12288\/13487645\/luke-littler-darts-sensation-reveals-corrective-eye-surgery-in-childhood-im-thankful-parents-got-it-sorted\" target=\"_blank\" rel=\"nofollow noopener\">SkySports<\/a>).<\/p>\n<p>Littler fortsetter sitt fors\u00f8k p\u00e5 \u00e5 forsvare verdensmestertittelen (han var den yngste verdensmesteren som 17-\u00e5ring da han vant tidligere i \u00e5r), n\u00e5r han m\u00f8ter Mensur Suljovic i tredje runde p\u00e5 l\u00f8rdag.<\/p>\n<p><img loading=\"lazy\" decoding=\"async\" id=\"img-1945913-4435113\" data-fullsize=\"\/media\/51\/_4435113b.jpg\" data-lazy=\"\" src=\"https:\/\/www.gamereactor.nohttps:\/\/www.gamereactor.no\/media\/51\/_4435113_650x.jpg\" width=\"650\" onclick=\"if (!window.__cfRLUnblockHandlers) return false; gallery_openmodal('1945913','4435113',false,'b6b8726197389d8fff7e4af18763a7b7');\" height=\"330\" alt=\"Luke Littlers liv kunne ha v\u00e6rt annerledes: Han ble \u00f8yeoperert som barn\" class=\"rwd_col_content lazy\" data-cf-modified-7a71cee1a2273943e11969d4-=\"\"\/><\/p>\n","protected":false},"excerpt":{"rendered":"Luke Littler, dartsensasjonen og verdens nummer 1, som for tiden spiller for \u00e5 forsvare verdensmestertittelen han vant i&hellip;\n","protected":false},"author":2,"featured_media":122794,"comment_status":"","ping_status":"","sticky":false,"template":"","format":"standard","meta":{"footnotes":""},"categories":[57],"tags":[30,28,29,65,63,64,66,70,69,67,68],"class_list":{"0":"post-122793","1":"post","2":"type-post","3":"status-publish","4":"format-standard","5":"has-post-thumbnail","7":"category-vitenskap-og-teknologi","8":"tag-no","9":"tag-norge","10":"tag-norway","11":"tag-science","12":"tag-science-and-technology","13":"tag-scienceandtechnology","14":"tag-technology","15":"tag-teknologi","16":"tag-vitenskap","17":"tag-vitenskap-og-teknologi","18":"tag-vitenskapteknologi"},"share_on_mastodon":{"url":"https:\/\/pubeurope.com\/@no\/115791715780237157","error":""},"_links":{"self":[{"href":"https:\/\/www.europesays.com\/no\/wp-json\/wp\/v2\/posts\/122793","targetHints":{"allow":["GET"]}}],"collection":[{"href":"https:\/\/www.europesays.com\/no\/wp-json\/wp\/v2\/posts"}],"about":[{"href":"https:\/\/www.europesays.com\/no\/wp-json\/wp\/v2\/types\/post"}],"author":[{"embeddable":true,"href":"https:\/\/www.europesays.com\/no\/wp-json\/wp\/v2\/users\/2"}],"replies":[{"embeddable":true,"href":"https:\/\/www.europesays.com\/no\/wp-json\/wp\/v2\/comments?post=122793"}],"version-history":[{"count":0,"href":"https:\/\/www.europesays.com\/no\/wp-json\/wp\/v2\/posts\/122793\/revisions"}],"wp:featuredmedia":[{"embeddable":true,"href":"https:\/\/www.europesays.com\/no\/wp-json\/wp\/v2\/media\/122794"}],"wp:attachment":[{"href":"https:\/\/www.europesays.com\/no\/wp-json\/wp\/v2\/media?parent=122793"}],"wp:term":[{"taxonomy":"category","embeddable":true,"href":"https:\/\/www.europesays.com\/no\/wp-json\/wp\/v2\/categories?post=122793"},{"taxonomy":"post_tag","embeddable":true,"href":"https:\/\/www.europesays.com\/no\/wp-json\/wp\/v2\/tags?post=122793"}],"curies":[{"name":"wp","href":"https:\/\/api.w.org\/{rel}","templated":true}]}}