{"id":122795,"date":"2025-12-27T13:17:13","date_gmt":"2025-12-27T13:17:13","guid":{"rendered":"https:\/\/www.europesays.com\/no\/122795\/"},"modified":"2025-12-27T13:17:13","modified_gmt":"2025-12-27T13:17:13","slug":"nyheter-bodo-kaller-inn-mannskaper-etter-stort-strombrudd-avisa-nordland","status":"publish","type":"post","link":"https:\/\/www.europesays.com\/no\/122795\/","title":{"rendered":"Nyheter, Bod\u00f8 | Kaller inn mannskaper etter stort str\u00f8mbrudd &#8211; Avisa Nordland"},"content":{"rendered":"<ol>\n<li><a href=\"https:\/\/news.google.com\/rss\/articles\/CBMiggFBVV95cUxNbGpsZkFZWlVhU0xXOC11TUJJRV94cWVySUtnb29hdFBFTVh6dTNKSkpMRDlPWkttT1YydkdVVmJIYXRyZ1NoR1M1OFBHUVVBSEhrTmVGTXJKTTdNdGNtLVI3YTFrQXh1eVFsSG9WT05Oa25BaUZTOWhZMVJtMl8zYkdR?oc=5\" target=\"_blank\" rel=\"nofollow noopener\">Nyheter, Bod\u00f8 | Kaller inn mannskaper etter stort str\u00f8mbrudd<\/a>&nbsp;&nbsp;Avisa Nordland<\/li>\n<li><a href=\"https:\/\/news.google.com\/rss\/articles\/CBMiiwFBVV95cUxPRlJRbldfcTFOQzJvOTYxLTZBNlJhSEw2bnNrY1h3LVdKS0VxRWhTX2t0a19wN0NLckQ5dUs4aHBGZmVLa21FOHEzRzRJWVZUeVhUOTU3VFZ5c1FDWFlsY1pEeXdHUEk2RXZrUDU3Wi1CS2RVLXlTcmNwZTlxSnZkdk1RZnFhdjNuR3FV?oc=5\" target=\"_blank\" rel=\"nofollow noopener\">Kraftig uv\u00ear i nord \u2013 garasje tatt av vinden<\/a>&nbsp;&nbsp;NRK<\/li>\n<li><a href=\"https:\/\/news.google.com\/rss\/articles\/CBMiggFBVV95cUxORDVJYURrMlZ2QkU4U2gwbWplV1ViWjhDTDJ3R2l6d3c4Y2VfQzZtb2ZrOGMzVmppYWN2YmZVcE5USGwxS0VmQjdKenFWTm5Ea0Vna3g2dkM3dm9aU2l5czYxS2R2MU1oVFhlbDZwYVF1TjJYcXMzOWpiOVJ4MmhZNFVB?oc=5\" target=\"_blank\" rel=\"nofollow noopener\">Linea: Kan ikke si n\u00e5r str\u00f8mmen er tilbake<\/a>&nbsp;&nbsp;Helgelands Blad<\/li>\n<li><a href=\"https:\/\/news.google.com\/rss\/articles\/CBMiigFBVV95cUxOMUVZZ3hfTWlfTjB0UVhkWmpuc3k3amFiMjFnNUNTZnFod1Q1YmlQWTRQQzQwM1FOR2ZKZGZiS3lhX3htSnJxRjVPRE9Kd3VGeFM1eVdZVlVvV2Vkc29OX3hrU3NvOVlRR3RhWll2OWd2VTdrNlhLUzk1N28wX0w3TWZzUTZjZnZxUEE?oc=5\" target=\"_blank\" rel=\"nofollow noopener\">Vestv\u00e5g\u00f8y, Flakstad | Mange uten str\u00f8m: \u2013 I full gang med \u00e5 kartlegge alle feilene<\/a>&nbsp;&nbsp;Lofotposten<\/li>\n<li><a href=\"https:\/\/news.google.com\/rss\/articles\/CBMickFVX3lxTE81clRNSUVBQU9LYlZWaENKdDVYa3MwRnBia2dFNWtEbklQeWUyUnpHM3JtSjRmcXl2VmhhTFlqLU9pb2NJNVo4emZaOUpTWkNVN1libWNEejVzQWIyRDc1cjZHNTlNX2JwVFpBTXJKX0Z3QQ?oc=5\" target=\"_blank\" rel=\"nofollow noopener\">&#8211; Tatt av fullstendig<\/a>&nbsp;&nbsp;DinSide<\/li>\n<\/ol>\n","protected":false},"excerpt":{"rendered":"Nyheter, Bod\u00f8 | Kaller inn mannskaper etter stort str\u00f8mbrudd&nbsp;&nbsp;Avisa Nordland Kraftig uv\u00ear i nord \u2013 garasje tatt av&hellip;\n","protected":false},"author":2,"featured_media":4285,"comment_status":"","ping_status":"","sticky":false,"template":"","format":"standard","meta":{"footnotes":""},"categories":[10],"tags":[20,21,24,25,15,22,23,13,30,28,29,14,16,26,27],"class_list":{"0":"post-122795","1":"post","2":"type-post","3":"status-publish","4":"format-standard","5":"has-post-thumbnail","7":"category-norge","8":"tag-breaking-news","9":"tag-breakingnews","10":"tag-featured-news","11":"tag-featurednews","12":"tag-headlines","13":"tag-latest-news","14":"tag-latestnews","15":"tag-news","16":"tag-no","17":"tag-norge","18":"tag-norway","19":"tag-nyheter","20":"tag-overskrifter","21":"tag-top-stories","22":"tag-topstories"},"share_on_mastodon":{"url":"https:\/\/pubeurope.com\/@no\/115791727335394952","error":""},"_links":{"self":[{"href":"https:\/\/www.europesays.com\/no\/wp-json\/wp\/v2\/posts\/122795","targetHints":{"allow":["GET"]}}],"collection":[{"href":"https:\/\/www.europesays.com\/no\/wp-json\/wp\/v2\/posts"}],"about":[{"href":"https:\/\/www.europesays.com\/no\/wp-json\/wp\/v2\/types\/post"}],"author":[{"embeddable":true,"href":"https:\/\/www.europesays.com\/no\/wp-json\/wp\/v2\/users\/2"}],"replies":[{"embeddable":true,"href":"https:\/\/www.europesays.com\/no\/wp-json\/wp\/v2\/comments?post=122795"}],"version-history":[{"count":0,"href":"https:\/\/www.europesays.com\/no\/wp-json\/wp\/v2\/posts\/122795\/revisions"}],"wp:featuredmedia":[{"embeddable":true,"href":"https:\/\/www.europesays.com\/no\/wp-json\/wp\/v2\/media\/4285"}],"wp:attachment":[{"href":"https:\/\/www.europesays.com\/no\/wp-json\/wp\/v2\/media?parent=122795"}],"wp:term":[{"taxonomy":"category","embeddable":true,"href":"https:\/\/www.europesays.com\/no\/wp-json\/wp\/v2\/categories?post=122795"},{"taxonomy":"post_tag","embeddable":true,"href":"https:\/\/www.europesays.com\/no\/wp-json\/wp\/v2\/tags?post=122795"}],"curies":[{"name":"wp","href":"https:\/\/api.w.org\/{rel}","templated":true}]}}